{"id":9996,"date":"2021-10-26T09:21:33","date_gmt":"2021-10-26T12:21:33","guid":{"rendered":"https:\/\/radiorevelacionfm.cl\/?p=9996"},"modified":"2021-10-26T09:21:33","modified_gmt":"2021-10-26T12:21:33","slug":"nueva-ola-de-robos-en-cochrane-preocupa-a-la-comunidad-piden-instalar-camaras-de-seguridad","status":"publish","type":"post","link":"https:\/\/radiorevelacionfm.cl\/?p=9996","title":{"rendered":"Nueva ola de robos en Cochrane preocupa a la comunidad, piden instalar c\u00e1maras de seguridad"},"content":{"rendered":"<div class=\"flex_column av_one_full  flex_column_div av-zero-column-padding first  avia-builder-el-0  el_before_av_one_full  avia-builder-el-first  \" style='border-radius:0px; '><div  class='avia-image-container  av-styling-    avia-builder-el-1  avia-builder-el-no-sibling  avia-align-center '  itemprop=\"image\" itemscope=\"itemscope\" itemtype=\"https:\/\/schema.org\/ImageObject\"  ><div class='avia-image-container-inner'><div class='avia-image-overlay-wrap'><img decoding=\"async\" class='wp-image-9997 avia-img-lazy-loading-not-9997 avia_image' src=\"https:\/\/radiorevelacionfm.cl\/wp-content\/uploads\/2021\/10\/img_cochrane-1-1_optimized.jpg\" alt='' title='img_cochrane-(1)-(1)_optimized' height=\"600\" width=\"802\"  itemprop=\"thumbnailUrl\" srcset=\"https:\/\/radiorevelacionfm.cl\/wp-content\/uploads\/2021\/10\/img_cochrane-1-1_optimized.jpg 802w, https:\/\/radiorevelacionfm.cl\/wp-content\/uploads\/2021\/10\/img_cochrane-1-1_optimized-300x224.jpg 300w, https:\/\/radiorevelacionfm.cl\/wp-content\/uploads\/2021\/10\/img_cochrane-1-1_optimized-768x575.jpg 768w, https:\/\/radiorevelacionfm.cl\/wp-content\/uploads\/2021\/10\/img_cochrane-1-1_optimized-705x527.jpg 705w, https:\/\/radiorevelacionfm.cl\/wp-content\/uploads\/2021\/10\/img_cochrane-1-1_optimized-600x449.jpg 600w\" sizes=\"(max-width: 802px) 100vw, 802px\" \/><\/div><\/div><\/div><\/div><div class=\"flex_column av_one_full  flex_column_div av-zero-column-padding first  avia-builder-el-2  el_after_av_one_full  el_before_av_one_full  column-top-margin\" style='border-radius:0px; '><section class=\"av_textblock_section \"  itemscope=\"itemscope\" itemtype=\"https:\/\/schema.org\/BlogPosting\" itemprop=\"blogPost\" ><div class='avia_textblock  '   itemprop=\"text\" ><p style=\"text-align: center;\"><strong><span style=\"font-size: 18pt;\">Nueva ola de robos en Cochrane preocupa a la comunidad, piden instalar c\u00e1maras de seguridad<\/span><\/strong><\/p>\n<div id=\"gtx-trans\" style=\"position: absolute; left: -50px; top: 4.31534px;\">\n<div class=\"gtx-trans-icon\"><\/div>\n<\/div>\n<\/div><\/section><\/div><div class=\"flex_column av_one_full  flex_column_div av-zero-column-padding first  avia-builder-el-4  el_after_av_one_full  el_before_av_hr  column-top-margin\" style='border-radius:0px; '><section class=\"av_textblock_section \"  itemscope=\"itemscope\" itemtype=\"https:\/\/schema.org\/BlogPosting\" itemprop=\"blogPost\" ><div class='avia_textblock  '   itemprop=\"text\" ><p style=\"text-align: justify;\">El Concejal Miguel Aravena Torres, manifest\u00f3 su preocupaci\u00f3n por una nueva ola de robos que afect\u00f3 a lugares habitados y no habitados, en el sector urbano de la comuna. Estos hechos afectaron a peque\u00f1os comerciantes y viviendas de uso habitacional. En la oportunidad los antisociales sustrajeron variadas especies como dinero en efectivo, alimentos, licores, herramientas, aparatos electr\u00f3nicos y electrodom\u00e9sticos, entre otros.<\/p>\n<p style=\"text-align: justify;\">Para el Concejal, estamos frente a una segunda ola de hechos delictuales, que se suma a los hechos que denunci\u00f3 en su oportunidad y que afectaron a la comuna al inicio de este a\u00f1o con similares caracter\u00edsticas. Si bien los \u00edndices delictuales a\u00fan son bajos, preocupa que se vuelvan habituales, por tanto, ser\u00eda un error descansar solo en lo estad\u00edstico y no tomar medidas preventivas que permitan tener a raya este tipo de situaciones. En esta l\u00ednea, recuerda Aravena, que desde el a\u00f1o 2017 viene solicitando al municipio, en la anterior y actual gesti\u00f3n, la instalaci\u00f3n de c\u00e1maras de seguridad en los espacios p\u00fablicos de la ciudad, a fin de inhibir il\u00edcitos o aportar medios de pruebas que son determinantes en la labor investigativa y de persecuci\u00f3n del delito, que realizan las polic\u00edas y el Ministerio P\u00fablico.<\/p>\n<p style=\"text-align: justify;\">Record\u00f3 igualmente que, en conjunto con las medidas anteriores, se debe realizar una campa\u00f1a con enfoque sociocultural, dado que las personas no est\u00e1n acostumbradas a este tipo de il\u00edcitos, siendo el factor com\u00fan en la mayor\u00eda de ellos, la falta de medidas y elementos de seguridad en los inmuebles, lo que facilita la comisi\u00f3n de estos hechos delictuales.<\/p>\n<p style=\"text-align: justify;\">Finalmente, el Concejal Aravena espera que ante esta nueva ola de robos, las autoridades de Interior y Seguridad P\u00fablica, representadas por el Delegado Presidencial Provincial y la municipal, adopten las medidas pertinentes que permitan la instalaci\u00f3n de elementos de control y seguridad en la comuna, a fin de evitar a tiempo, una escalada de delitos como ha ocurrido en otras comunas de la regi\u00f3n.<\/p>\n<\/div><\/section><\/div><div  style='height:50px' class='hr hr-invisible   avia-builder-el-6  el_after_av_one_full  el_before_av_social_share '><span class='hr-inner ' ><span class='hr-inner-style'><\/span><\/span><\/div><\/p>\n<div  class='av-social-sharing-box  avia-builder-el-7  el_after_av_hr  el_before_av_hr  '><div class='av-share-box'><h5 class='av-share-link-description av-no-toc '>Compartir esta noticia<\/h5><ul class='av-share-box-list noLightbox'><li class='av-share-link av-social-link-facebook' ><a target=\"_blank\" aria-label=\"Compartir en Facebook\" href='https:\/\/www.facebook.com\/sharer.php?u=https:\/\/radiorevelacionfm.cl\/?p=9996&#038;t=Nueva%20ola%20de%20robos%20en%20Cochrane%20preocupa%20a%20la%20comunidad%2C%20piden%20instalar%20c%C3%A1maras%20de%20seguridad' aria-hidden='false' data-av_icon='\ue8f3' data-av_iconfont='entypo-fontello' title='' data-avia-related-tooltip='Compartir en Facebook' rel=\"noopener\"><span class='avia_hidden_link_text'>Compartir en Facebook<\/span><\/a><\/li><li class='av-share-link av-social-link-twitter' ><a target=\"_blank\" aria-label=\"Compartir en Twitter\" href='https:\/\/twitter.com\/share?text=Nueva%20ola%20de%20robos%20en%20Cochrane%20preocupa%20a%20la%20comunidad%2C%20piden%20instalar%20c%C3%A1maras%20de%20seguridad&#038;url=https:\/\/radiorevelacionfm.cl\/?p=9996' aria-hidden='false' data-av_icon='\ue8f1' data-av_iconfont='entypo-fontello' title='' data-avia-related-tooltip='Compartir en Twitter' rel=\"noopener\"><span class='avia_hidden_link_text'>Compartir en Twitter<\/span><\/a><\/li><li class='av-share-link av-social-link-whatsapp' ><a target=\"_blank\" aria-label=\"Compartir en Whatsapp\" href='https:\/\/api.whatsapp.com\/send?text=https:\/\/radiorevelacionfm.cl\/?p=9996' aria-hidden='false' data-av_icon='\uf232' data-av_iconfont='entypo-fontello' title='' data-avia-related-tooltip='Compartir en Whatsapp' rel=\"noopener\"><span class='avia_hidden_link_text'>Compartir en Whatsapp<\/span><\/a><\/li><li class='av-share-link av-social-link-linkedin' ><a target=\"_blank\" aria-label=\"Compartir en LinkedIn\" href='https:\/\/linkedin.com\/shareArticle?mini=true&#038;title=Nueva%20ola%20de%20robos%20en%20Cochrane%20preocupa%20a%20la%20comunidad%2C%20piden%20instalar%20c%C3%A1maras%20de%20seguridad&#038;url=https:\/\/radiorevelacionfm.cl\/?p=9996' aria-hidden='false' data-av_icon='\ue8fc' data-av_iconfont='entypo-fontello' title='' data-avia-related-tooltip='Compartir en LinkedIn' rel=\"noopener\"><span class='avia_hidden_link_text'>Compartir en LinkedIn<\/span><\/a><\/li><li class='av-share-link av-social-link-mail' ><a  aria-label=\"Compartir por correo\" href='mailto:?subject=Nueva%20ola%20de%20robos%20en%20Cochrane%20preocupa%20a%20la%20comunidad%2C%20piden%20instalar%20c%C3%A1maras%20de%20seguridad&#038;body=https:\/\/radiorevelacionfm.cl\/?p=9996' aria-hidden='false' data-av_icon='\ue805' data-av_iconfont='entypo-fontello' title='' data-avia-related-tooltip='Compartir por correo'><span class='avia_hidden_link_text'>Compartir por correo<\/span><\/a><\/li><\/ul><\/div><\/div>\n<div  style='height:50px' class='hr hr-invisible   avia-builder-el-8  el_after_av_social_share  el_before_av_comments_list '><span class='hr-inner ' ><span class='hr-inner-style'><\/span><\/span><\/div>\n<div  class='av-buildercomment  av-blog-meta-html-info-disabled av-blog-meta-tag-disabled  '><\/div>\n","protected":false},"excerpt":{"rendered":"","protected":false},"author":1,"featured_media":9997,"comment_status":"open","ping_status":"open","sticky":false,"template":"","format":"standard","meta":{"footnotes":""},"categories":[38],"tags":[],"class_list":["post-9996","post","type-post","status-publish","format-standard","has-post-thumbnail","hentry","category-regional"],"jetpack_featured_media_url":"https:\/\/radiorevelacionfm.cl\/wp-content\/uploads\/2021\/10\/img_cochrane-1-1_optimized.jpg","_links":{"self":[{"href":"https:\/\/radiorevelacionfm.cl\/index.php?rest_route=\/wp\/v2\/posts\/9996","targetHints":{"allow":["GET"]}}],"collection":[{"href":"https:\/\/radiorevelacionfm.cl\/index.php?rest_route=\/wp\/v2\/posts"}],"about":[{"href":"https:\/\/radiorevelacionfm.cl\/index.php?rest_route=\/wp\/v2\/types\/post"}],"author":[{"embeddable":true,"href":"https:\/\/radiorevelacionfm.cl\/index.php?rest_route=\/wp\/v2\/users\/1"}],"replies":[{"embeddable":true,"href":"https:\/\/radiorevelacionfm.cl\/index.php?rest_route=%2Fwp%2Fv2%2Fcomments&post=9996"}],"version-history":[{"count":1,"href":"https:\/\/radiorevelacionfm.cl\/index.php?rest_route=\/wp\/v2\/posts\/9996\/revisions"}],"predecessor-version":[{"id":9998,"href":"https:\/\/radiorevelacionfm.cl\/index.php?rest_route=\/wp\/v2\/posts\/9996\/revisions\/9998"}],"wp:featuredmedia":[{"embeddable":true,"href":"https:\/\/radiorevelacionfm.cl\/index.php?rest_route=\/wp\/v2\/media\/9997"}],"wp:attachment":[{"href":"https:\/\/radiorevelacionfm.cl\/index.php?rest_route=%2Fwp%2Fv2%2Fmedia&parent=9996"}],"wp:term":[{"taxonomy":"category","embeddable":true,"href":"https:\/\/radiorevelacionfm.cl\/index.php?rest_route=%2Fwp%2Fv2%2Fcategories&post=9996"},{"taxonomy":"post_tag","embeddable":true,"href":"https:\/\/radiorevelacionfm.cl\/index.php?rest_route=%2Fwp%2Fv2%2Ftags&post=9996"}],"curies":[{"name":"wp","href":"https:\/\/api.w.org\/{rel}","templated":true}]}}