{"id":9993,"date":"2021-10-25T18:49:27","date_gmt":"2021-10-25T21:49:27","guid":{"rendered":"https:\/\/radiorevelacionfm.cl\/?p=9993"},"modified":"2021-10-25T18:49:27","modified_gmt":"2021-10-25T21:49:27","slug":"a-fines-de-este-ano-se-licita-construccion-de-nueva-nave-que-operara-en-el-lago-general-carrera","status":"publish","type":"post","link":"https:\/\/radiorevelacionfm.cl\/?p=9993","title":{"rendered":"A fines de este a\u00f1o se licita construcci\u00f3n de nueva nave que operar\u00e1 en el Lago General Carrera"},"content":{"rendered":"<div class=\"flex_column av_one_full  flex_column_div av-zero-column-padding first  avia-builder-el-0  el_before_av_one_full  avia-builder-el-first  \" style='border-radius:0px; '><div  class='avia-image-container  av-styling-    avia-builder-el-1  avia-builder-el-no-sibling  avia-align-center '  itemprop=\"image\" itemscope=\"itemscope\" itemtype=\"https:\/\/schema.org\/ImageObject\"  ><div class='avia-image-container-inner'><div class='avia-image-overlay-wrap'><img decoding=\"async\" class='wp-image-9994 avia-img-lazy-loading-not-9994 avia_image' src=\"https:\/\/radiorevelacionfm.cl\/wp-content\/uploads\/2021\/10\/IMG-REUNION-CHCH-WA0042-1.jpg\" alt='' title='IMG-REUNION CHCH-WA0042 (1)' height=\"600\" width=\"800\"  itemprop=\"thumbnailUrl\" srcset=\"https:\/\/radiorevelacionfm.cl\/wp-content\/uploads\/2021\/10\/IMG-REUNION-CHCH-WA0042-1.jpg 800w, https:\/\/radiorevelacionfm.cl\/wp-content\/uploads\/2021\/10\/IMG-REUNION-CHCH-WA0042-1-300x225.jpg 300w, https:\/\/radiorevelacionfm.cl\/wp-content\/uploads\/2021\/10\/IMG-REUNION-CHCH-WA0042-1-768x576.jpg 768w, https:\/\/radiorevelacionfm.cl\/wp-content\/uploads\/2021\/10\/IMG-REUNION-CHCH-WA0042-1-705x529.jpg 705w, https:\/\/radiorevelacionfm.cl\/wp-content\/uploads\/2021\/10\/IMG-REUNION-CHCH-WA0042-1-600x450.jpg 600w\" sizes=\"(max-width: 800px) 100vw, 800px\" \/><\/div><\/div><\/div><\/div><div class=\"flex_column av_one_full  flex_column_div av-zero-column-padding first  avia-builder-el-2  el_after_av_one_full  el_before_av_one_full  column-top-margin\" style='border-radius:0px; '><section class=\"av_textblock_section \"  itemscope=\"itemscope\" itemtype=\"https:\/\/schema.org\/BlogPosting\" itemprop=\"blogPost\" ><div class='avia_textblock  '   itemprop=\"text\" ><p style=\"text-align: center;\"><span style=\"font-size: 18pt;\"><strong>A fines de este a\u00f1o se licita construcci\u00f3n de nueva nave que operar\u00e1 en el Lago General Carrera<\/strong><\/span><\/p>\n<div id=\"gtx-trans\" style=\"position: absolute; left: -50px; top: 4.31534px;\">\n<div class=\"gtx-trans-icon\"><\/div>\n<\/div>\n<\/div><\/section><\/div><div class=\"flex_column av_one_full  flex_column_div av-zero-column-padding first  avia-builder-el-4  el_after_av_one_full  el_before_av_hr  column-top-margin\" style='border-radius:0px; '><section class=\"av_textblock_section \"  itemscope=\"itemscope\" itemtype=\"https:\/\/schema.org\/BlogPosting\" itemprop=\"blogPost\" ><div class='avia_textblock  '   itemprop=\"text\" ><p style=\"text-align: justify;\">La comunidad de Chile Chico conjuntamente con autoridades regionales y nacionales, han desarrollado reuniones sobre la necesidad de incorporar una nueva embarcaci\u00f3n al servicio lacustre entregado por el transbordador La Tehuelche y\u00a0 la Barcaza Pilchero, esta \u00faltima con cerca de 50 a\u00f1os de servicio ha sido la nave de respaldo de La Tehuelche y aunque se encuentra plenamente operativa, esta embarcaci\u00f3n no cumple con los est\u00e1ndares de confort y comodidad que requiere hoy la comunidad.<\/p>\n<p style=\"text-align: justify;\">Atendiendo esta situaci\u00f3n, \u00abnuestra Direcci\u00f3n Regional de Obras Portuarias del MOP gener\u00f3 un trabajo conjunto con la comunidad, el que dio frutos con la realizaci\u00f3n y reciente finalizaci\u00f3n del Dise\u00f1o de una nueva embarcaci\u00f3n para operar en el lago General Carrera, la que incluye los requerimientos de la comunidad y se efectu\u00f3 en base a antecedentes entregados por el Ministerio de Transportes y Telecomunicaciones\u201d, inform\u00f3 el Secretario Regional Ministerial de Obras P\u00fablicas, N\u00e9stor Mera Mu\u00f1oz, adem\u00e1s agreg\u00f3 \u201cestamos muy conformes porque nuestra Direcci\u00f3n de Obras Portuarias termin\u00f3 tanto el Dise\u00f1o de la nueva embarcaci\u00f3n como las Bases T\u00e9cnicas de la Barcaza, y se est\u00e1 trabajando en las Bases para la Licitaci\u00f3n de la construcci\u00f3n de esta nueva nave conjuntamente entre los equipos de la Direcci\u00f3n de Obras Portuarias radicados en Santiago y en la regi\u00f3n de Ays\u00e9n, con el fin de licitar su construcci\u00f3n a fines de este a\u00f1o\u201d.<\/p>\n<p style=\"text-align: justify;\">Por su parte, el Director Regional de Obras Portuarias del MOP Luis Didier Berrocal se\u00f1al\u00f3 \u201cse ha trabajado con la comunidad durante mucho tiempo, y en diversas reuniones de participaci\u00f3n ciudadana, oportunidad en la que los vecinos han contribuido con sugerencias que hemos incorporado al Dise\u00f1o de la nueva embarcaci\u00f3n, y en la \u00faltima reuni\u00f3n realizada con ellos les presentamos nuestro Dise\u00f1o terminado, oportunidad en la que se mostraron conformes y contentos con nuestro trabajo. La nueva embarcaci\u00f3n ser\u00e1 utilizada para reemplazar a la nave La Tehuelche cuando esta \u00faltima deba ir a carena -por 45 a 60 d\u00edas aproximadamente-, y para efectuar viajes y atender a la comunidad que reside en el interior del lago General Carrera, pudiendo movilizar 50% m\u00e1s personas que la nave Pilchero, y posibilitar\u00e1 que las naves La Tehuelche y Pilchero puedan tener una mayor vida \u00fatil\u201d.<\/p>\n<p style=\"text-align: justify;\">As\u00ed lo refrend\u00f3 tambi\u00e9n, Jorge Barr\u00eda Marquez, presidente del Comit\u00e9 Pro Barcaza de Chile Chico quien ha asistido a\u00a0 todas las reuniones de Participaci\u00f3n Ciudadana que se han realizado v\u00eda presencial y en momentos de pandemia v\u00eda videoconferencia zoom para conocer los detalles de este proyecto, las caracter\u00edsticas de la nueva Barcaza y las etapas de desarrollo del Dise\u00f1o, por lo que al ser consultado respecto a ello, \u00e9l se\u00f1al\u00f3 \u201cEfectivamente yo he participado en todas las reuniones que se han hecho, y se ha avanzado harto. Eran bastantes las organizaciones que han participado y con eso estamos bastante contentos y satisfechos. La embarcaci\u00f3n ha sido dise\u00f1ada y vista fundamentalmente para que nos pueda servir a toda la comunidad, no solamente a Chile Chico, sino tambi\u00e9n para que sirva a todas las localidades lacustres. Es una embarcaci\u00f3n menor que La Tehuelche y el uso que se le puede dar es mucho mayor. Con La Tehuelche -la embarcaci\u00f3n mayor que tenemos actualmente- no podemos dirigirnos hacia las localidades del interior, pero con la nueva embarcaci\u00f3n se va a poder acceder a lugares que solamente hasta el momento se estaba accediendo s\u00f3lo con La Pilchero \u2013que es la embarcaci\u00f3n m\u00e1s antigua que tenemos, que es bastante peque\u00f1a y que lleva casi 50 a\u00f1os circulando- \u00a0y con esta nueva propuesta nosotros esperamos que la gente quede bastante satisfecha, porque se va a poder conectar el lago con mayor frecuencia y con una mayor capacidad de carga. Nosotros como Comisi\u00f3n hemos estado bastante satisfechos, hemos conversado con algunos vecinos e igual ellos se sienten bastante satisfechos. Hay que analizar la Barcaza, hay que ver por qu\u00e9 tiene esas caracter\u00edsticas y ah\u00ed uno se da cuenta que es lo que nos hac\u00eda falta en este momento. Una embarcaci\u00f3n m\u00e1s r\u00e1pida, un poco m\u00e1s peque\u00f1a como dicen, pero no tanto en perspectiva con la Tehuelche. Adem\u00e1s, que puede realizar viajes mucho m\u00e1s r\u00e1pidos y nos va a ayudar a la conectividad del lago, sobre todo las localidades del interior que es una de las cosas que nosotros necesitamos con mucha premura. Esa Barcaza nos va a servir a todos, en todos los \u00e1mbitos. En cuanto a las actividades, va a servir al turismo bastante porque va a poder conectar toda la zona del interior desde Chile Chico o de cualquier punto del lago, porque es una Barcaza que puede llegar a cualquier localidad, a la gente del interior para sacar sus productos, en fin a todos. La Barcaza Tehuelche no puede acceder a esas localidades por el tama\u00f1o que tiene y dise\u00f1o del casco; en cambio esta nueva embarcaci\u00f3n, s\u00ed podr\u00e1 hacerlo porque tiene un dise\u00f1o especial y podr\u00e1 llegar a esas localidades y unir a todo el entorno del lago. Gracias a las ideas y necesidades que los vecinos nos dec\u00edan y que nos dieron se hizo este Dise\u00f1o de Barcaza, as\u00ed que esperemos que los vecinos sepan apreciar lo que se est\u00e1 logrando en este momento, que es algo que nos va a servir a todos los que vivimos alrededor de este lago\u201d.<\/p>\n<p style=\"text-align: justify;\"><strong><u>NUEVA BARCAZA<\/u><\/strong><\/p>\n<p style=\"text-align: justify;\">La nueva nave se proyecta en tres pisos. El primer piso est\u00e1 destinado para la carga de veh\u00edculos con capacidad de 100 personas dentro de los veh\u00edculos, 3 pistas de 3,25 metros ancho suficiente para el transporte de camiones -5 camiones con carro m\u00e1s 4 autos o 21 autos o camionetas-, tendr\u00e1 dos ascensores para uso de personas con discapacidad y una enfermer\u00eda; el segundo piso incluye capacidad para 128 pasajeros sentados en butacas, cafeter\u00eda, calefacci\u00f3n y servicios higi\u00e9nicos. En el tercer piso se ubicar\u00e1 a la tripulaci\u00f3n de 12 personas. La nave contar\u00e1 con una eslora de 53-58 metros, velocidad m\u00e1xima 10 nudos, dos botes salvavidas y una capacidad de carga 115 metros lineales.<\/p>\n<\/div><\/section><\/div><div  style='height:50px' class='hr hr-invisible   avia-builder-el-6  el_after_av_one_full  el_before_av_social_share '><span class='hr-inner ' ><span class='hr-inner-style'><\/span><\/span><\/div><\/p>\n<div  class='av-social-sharing-box  avia-builder-el-7  el_after_av_hr  el_before_av_hr  '><div class='av-share-box'><h5 class='av-share-link-description av-no-toc '>Compartir esta noticia<\/h5><ul class='av-share-box-list noLightbox'><li class='av-share-link av-social-link-facebook' ><a target=\"_blank\" aria-label=\"Compartir en Facebook\" href='https:\/\/www.facebook.com\/sharer.php?u=https:\/\/radiorevelacionfm.cl\/?p=9993&#038;t=A%20fines%20de%20este%20a%C3%B1o%20se%20licita%20construcci%C3%B3n%20de%20nueva%20nave%20que%20operar%C3%A1%20en%20el%20Lago%20General%20Carrera' aria-hidden='false' data-av_icon='\ue8f3' data-av_iconfont='entypo-fontello' title='' data-avia-related-tooltip='Compartir en Facebook' rel=\"noopener\"><span class='avia_hidden_link_text'>Compartir en Facebook<\/span><\/a><\/li><li class='av-share-link av-social-link-twitter' ><a target=\"_blank\" aria-label=\"Compartir en Twitter\" href='https:\/\/twitter.com\/share?text=A%20fines%20de%20este%20a%C3%B1o%20se%20licita%20construcci%C3%B3n%20de%20nueva%20nave%20que%20operar%C3%A1%20en%20el%20Lago%20General%20Carrera&#038;url=https:\/\/radiorevelacionfm.cl\/?p=9993' aria-hidden='false' data-av_icon='\ue8f1' data-av_iconfont='entypo-fontello' title='' data-avia-related-tooltip='Compartir en Twitter' rel=\"noopener\"><span class='avia_hidden_link_text'>Compartir en Twitter<\/span><\/a><\/li><li class='av-share-link av-social-link-whatsapp' ><a target=\"_blank\" aria-label=\"Compartir en Whatsapp\" href='https:\/\/api.whatsapp.com\/send?text=https:\/\/radiorevelacionfm.cl\/?p=9993' aria-hidden='false' data-av_icon='\uf232' data-av_iconfont='entypo-fontello' title='' data-avia-related-tooltip='Compartir en Whatsapp' rel=\"noopener\"><span class='avia_hidden_link_text'>Compartir en Whatsapp<\/span><\/a><\/li><li class='av-share-link av-social-link-linkedin' ><a target=\"_blank\" aria-label=\"Compartir en LinkedIn\" href='https:\/\/linkedin.com\/shareArticle?mini=true&#038;title=A%20fines%20de%20este%20a%C3%B1o%20se%20licita%20construcci%C3%B3n%20de%20nueva%20nave%20que%20operar%C3%A1%20en%20el%20Lago%20General%20Carrera&#038;url=https:\/\/radiorevelacionfm.cl\/?p=9993' aria-hidden='false' data-av_icon='\ue8fc' data-av_iconfont='entypo-fontello' title='' data-avia-related-tooltip='Compartir en LinkedIn' rel=\"noopener\"><span class='avia_hidden_link_text'>Compartir en LinkedIn<\/span><\/a><\/li><li class='av-share-link av-social-link-mail' ><a  aria-label=\"Compartir por correo\" href='mailto:?subject=A%20fines%20de%20este%20a%C3%B1o%20se%20licita%20construcci%C3%B3n%20de%20nueva%20nave%20que%20operar%C3%A1%20en%20el%20Lago%20General%20Carrera&#038;body=https:\/\/radiorevelacionfm.cl\/?p=9993' aria-hidden='false' data-av_icon='\ue805' data-av_iconfont='entypo-fontello' title='' data-avia-related-tooltip='Compartir por correo'><span class='avia_hidden_link_text'>Compartir por correo<\/span><\/a><\/li><\/ul><\/div><\/div>\n<div  style='height:50px' class='hr hr-invisible   avia-builder-el-8  el_after_av_social_share  el_before_av_comments_list '><span class='hr-inner ' ><span class='hr-inner-style'><\/span><\/span><\/div>\n<div  class='av-buildercomment  av-blog-meta-html-info-disabled av-blog-meta-tag-disabled  '><\/div>\n","protected":false},"excerpt":{"rendered":"","protected":false},"author":1,"featured_media":9994,"comment_status":"open","ping_status":"open","sticky":false,"template":"","format":"standard","meta":{"footnotes":""},"categories":[38],"tags":[],"class_list":["post-9993","post","type-post","status-publish","format-standard","has-post-thumbnail","hentry","category-regional"],"jetpack_featured_media_url":"https:\/\/radiorevelacionfm.cl\/wp-content\/uploads\/2021\/10\/IMG-REUNION-CHCH-WA0042-1.jpg","_links":{"self":[{"href":"https:\/\/radiorevelacionfm.cl\/index.php?rest_route=\/wp\/v2\/posts\/9993","targetHints":{"allow":["GET"]}}],"collection":[{"href":"https:\/\/radiorevelacionfm.cl\/index.php?rest_route=\/wp\/v2\/posts"}],"about":[{"href":"https:\/\/radiorevelacionfm.cl\/index.php?rest_route=\/wp\/v2\/types\/post"}],"author":[{"embeddable":true,"href":"https:\/\/radiorevelacionfm.cl\/index.php?rest_route=\/wp\/v2\/users\/1"}],"replies":[{"embeddable":true,"href":"https:\/\/radiorevelacionfm.cl\/index.php?rest_route=%2Fwp%2Fv2%2Fcomments&post=9993"}],"version-history":[{"count":1,"href":"https:\/\/radiorevelacionfm.cl\/index.php?rest_route=\/wp\/v2\/posts\/9993\/revisions"}],"predecessor-version":[{"id":9995,"href":"https:\/\/radiorevelacionfm.cl\/index.php?rest_route=\/wp\/v2\/posts\/9993\/revisions\/9995"}],"wp:featuredmedia":[{"embeddable":true,"href":"https:\/\/radiorevelacionfm.cl\/index.php?rest_route=\/wp\/v2\/media\/9994"}],"wp:attachment":[{"href":"https:\/\/radiorevelacionfm.cl\/index.php?rest_route=%2Fwp%2Fv2%2Fmedia&parent=9993"}],"wp:term":[{"taxonomy":"category","embeddable":true,"href":"https:\/\/radiorevelacionfm.cl\/index.php?rest_route=%2Fwp%2Fv2%2Fcategories&post=9993"},{"taxonomy":"post_tag","embeddable":true,"href":"https:\/\/radiorevelacionfm.cl\/index.php?rest_route=%2Fwp%2Fv2%2Ftags&post=9993"}],"curies":[{"name":"wp","href":"https:\/\/api.w.org\/{rel}","templated":true}]}}