{"id":9990,"date":"2021-10-25T18:15:48","date_gmt":"2021-10-25T21:15:48","guid":{"rendered":"https:\/\/radiorevelacionfm.cl\/?p=9990"},"modified":"2021-10-25T18:15:48","modified_gmt":"2021-10-25T21:15:48","slug":"core-aprueba-358-millones-para-la-adquisicion-de-modulo-hospitalario-de-policlinico-de-especialidades","status":"publish","type":"post","link":"https:\/\/radiorevelacionfm.cl\/?p=9990","title":{"rendered":"CORE aprueba 358 millones para la adquisici\u00f3n de M\u00f3dulo Hospitalario de Policl\u00ednico de Especialidades"},"content":{"rendered":"<div class=\"flex_column av_one_full  flex_column_div av-zero-column-padding first  avia-builder-el-0  el_before_av_one_full  avia-builder-el-first  \" style='border-radius:0px; '><div  class='avia-image-container  av-styling-    avia-builder-el-1  avia-builder-el-no-sibling  avia-align-center '  itemprop=\"image\" itemscope=\"itemscope\" itemtype=\"https:\/\/schema.org\/ImageObject\"  ><div class='avia-image-container-inner'><div class='avia-image-overlay-wrap'><img decoding=\"async\" class='wp-image-9991 avia-img-lazy-loading-not-9991 avia_image' src=\"https:\/\/radiorevelacionfm.cl\/wp-content\/uploads\/2021\/10\/GORE-2021-10-25-1.jpeg\" alt='' title='GORE 2021-10-25 (1)' height=\"600\" width=\"900\"  itemprop=\"thumbnailUrl\" srcset=\"https:\/\/radiorevelacionfm.cl\/wp-content\/uploads\/2021\/10\/GORE-2021-10-25-1.jpeg 900w, https:\/\/radiorevelacionfm.cl\/wp-content\/uploads\/2021\/10\/GORE-2021-10-25-1-300x200.jpeg 300w, https:\/\/radiorevelacionfm.cl\/wp-content\/uploads\/2021\/10\/GORE-2021-10-25-1-768x512.jpeg 768w, https:\/\/radiorevelacionfm.cl\/wp-content\/uploads\/2021\/10\/GORE-2021-10-25-1-705x470.jpeg 705w, https:\/\/radiorevelacionfm.cl\/wp-content\/uploads\/2021\/10\/GORE-2021-10-25-1-600x400.jpeg 600w\" sizes=\"(max-width: 900px) 100vw, 900px\" \/><\/div><\/div><\/div><\/div><div class=\"flex_column av_one_full  flex_column_div av-zero-column-padding first  avia-builder-el-2  el_after_av_one_full  el_before_av_one_full  column-top-margin\" style='border-radius:0px; '><section class=\"av_textblock_section \"  itemscope=\"itemscope\" itemtype=\"https:\/\/schema.org\/BlogPosting\" itemprop=\"blogPost\" ><div class='avia_textblock  '   itemprop=\"text\" ><p style=\"text-align: center;\"><strong><span style=\"font-size: 18pt;\">CORE aprueba 358 millones para la adquisici\u00f3n de M\u00f3dulo Hospitalario de Policl\u00ednico de Especialidades <\/span><\/strong><\/p>\n<div id=\"gtx-trans\" style=\"position: absolute; left: -50px; top: 4.31534px;\">\n<div class=\"gtx-trans-icon\"><\/div>\n<\/div>\n<\/div><\/section><\/div><div class=\"flex_column av_one_full  flex_column_div av-zero-column-padding first  avia-builder-el-4  el_after_av_one_full  el_before_av_hr  column-top-margin\" style='border-radius:0px; '><section class=\"av_textblock_section \"  itemscope=\"itemscope\" itemtype=\"https:\/\/schema.org\/BlogPosting\" itemprop=\"blogPost\" ><div class='avia_textblock  '   itemprop=\"text\" ><p style=\"text-align: justify;\">El Gobierno Regional de Ays\u00e9n y su Consejo, en sesi\u00f3n extraordinaria, aprob\u00f3 el d\u00eda de hoy y de manera un\u00e1nime la transferencia de recursos al Servicio de Salud Ays\u00e9n, para el financiamiento del proyecto \u00abAdquisici\u00f3n M\u00f3dulo Hospitalario para el Policl\u00ednico de Especialidades M\u00e9dicas del Hospital Regional Coyhaique\u00bb.<span class=\"v1gmail-Apple-converted-space\">\u00a0<\/span><\/p>\n<p style=\"text-align: justify;\">La presentaci\u00f3n de este proyecto, naci\u00f3 por las necesidades que surgieron a ra\u00edz de las reestructuraciones que se realizaron en el Hospital Regional Coyhaique, en contexto de pandemia, que permiti\u00f3 la creaci\u00f3n de dos nuevas urgencias, la gineco-obst\u00e9trica y pedi\u00e1trica, y otras dependencias, para entregar una atenci\u00f3n diferenciada y segura a las demandas de la poblaci\u00f3n regional.<\/p>\n<p style=\"text-align: justify;\">En ese contexto, el Servicio de Salud Ays\u00e9n, realiz\u00f3, en conjunto con SENAMA, un convenio, con el que se concret\u00f3 el traspaso de las dependencias del Establecimiento de Larga Estad\u00eda de Adultos Mayores hasta el 31 de diciembre que permiti\u00f3 la habilitaci\u00f3n de un nuevo Policl\u00ednico de Especialidades en ese recinto, y ahora, debido a su pronta entrega, surgi\u00f3 la necesidad de presentar esta iniciativa para continuar dando las prestaciones en el Hospital Regional Coyhaique.<\/p>\n<p style=\"text-align: justify;\">Para la Gobernadora y Presidenta del Consejo, Andrea Mac\u00edas Palma, la iniciativa demuestra el compromiso que tiene el GORE con las y los adultos mayores, adem\u00e1s con la soluci\u00f3n a los problemas de infraestructura del Servicio de Salud.<span class=\"v1gmail-Apple-converted-space\">\u00a0<\/span><\/p>\n<p style=\"text-align: justify;\">\u00abEstamos muy contentos porque acabamos de aprobar en el Consejo Regional para la adquisici\u00f3n de m\u00f3dulos cr\u00edticos que vendr\u00e1n a solucionar una dificultad en infraestructura del Servicio de Salud de Ays\u00e9n, espec\u00edficamente de los polis de especialidades y con esto tambi\u00e9n dar respuesta a la ocupaci\u00f3n del ELEAM. Agradezco la voluntad de cada uno y una de los consejeros regionales que permiti\u00f3 este paso el d\u00eda de hoy\u00bb.<span class=\"v1gmail-Apple-converted-space\">\u00a0<\/span><\/p>\n<p style=\"text-align: justify;\">Por su parte, Jaime L\u00f3pez Quintana, director del Hospital Regional Coyhaique, valor\u00f3 lo que viene a ser parte de una soluci\u00f3n efectiva para ampliar la oferta de atenciones en el principal establecimiento de la Red Asistencial de la regi\u00f3n de Ays\u00e9n. \u00abTuvimos que generar las condiciones en que no se genere aglomeraci\u00f3n y tambi\u00e9n porque hemos implementado nuevos dispositivos por la pandemia como la urgencia pedi\u00e1trica y gineco-obst\u00e9trica que han restado espacios a lo que antiguamente dispon\u00edamos para la atenci\u00f3n de especialidades, y este a\u00f1o nos est\u00e1 respaldando con un aporte de casi 400 millones de pesos para habilitar un policl\u00ednico modular que permita mantener los vol\u00famenes de prestaciones de especialidades m\u00e9dicas mensuales y restituir al SENAMA el uso del ELEAM en el que actualmente estamos funcionando con la mayor parte de las actividades de nuestro policl\u00ednico\u00bb.<\/p>\n<p style=\"text-align: justify;\">Gabriel Burgos Salas, director del Servicio de Salud de Ays\u00e9n que expuso ante el pleno del Consejo Regional de Ays\u00e9n la situaci\u00f3n en que se encuentra el \u00fanico centro hospitalario de alta complejidad y la dificultad de satisfacer la demanda de prestaciones sin la aprobaci\u00f3n del proyecto, se\u00f1al\u00f3 que \u00abva a dar la continuidad de lo que estamos haciendo en el ELEAM, con 3.000 prestaciones que ah\u00ed se realizan, y por lo tanto dando la continuidad a lo que se hace, y entregarlo a su destino, que es el tener a adultos mayores en una situaci\u00f3n mejor. Para nosotros es fundamental poder seguir teniendo una soluci\u00f3n tan esperada a futuro, y tambi\u00e9n a la espera de poder tener un Hospital normalizado en el futuro proyecto de Estudio de Preinversi\u00f3n Hospitalaria (EPH).<span class=\"v1gmail-Apple-converted-space\">\u00a0<\/span><\/p>\n<p style=\"text-align: justify;\">Finalmente, para el Consejero Regional y presidente de la Comisi\u00f3n Social, Gustavo Villarroel, hoy se avanza en una soluci\u00f3n r\u00e1pida y efectiva para la devoluci\u00f3n del ELEAM a quienes lo necesitan.<span class=\"v1gmail-Apple-converted-space\">\u00a0<\/span><\/p>\n<p style=\"text-align: justify;\">\u00abCumplimos as\u00ed con el compromiso de la entrega para lo que fue construida esta infraestructura. Adem\u00e1s, destacamos el aporte que hace una vez m\u00e1s el Gobierno Regional y su Consejo al sector salud. Sabemos que muchas veces las pol\u00edticas p\u00fablicas de los sectores no logran cumplir con el 100% de las necesidades y ah\u00ed est\u00e1 el compromiso y apoyo del Consejo para la transferencia de fondos\u00bb, puntualiz\u00f3.<\/p>\n<\/div><\/section><\/div><div  style='height:50px' class='hr hr-invisible   avia-builder-el-6  el_after_av_one_full  el_before_av_social_share '><span class='hr-inner ' ><span class='hr-inner-style'><\/span><\/span><\/div><\/p>\n<div  class='av-social-sharing-box  avia-builder-el-7  el_after_av_hr  el_before_av_hr  '><div class='av-share-box'><h5 class='av-share-link-description av-no-toc '>Compartir esta noticia<\/h5><ul class='av-share-box-list noLightbox'><li class='av-share-link av-social-link-facebook' ><a target=\"_blank\" aria-label=\"Compartir en Facebook\" href='https:\/\/www.facebook.com\/sharer.php?u=https:\/\/radiorevelacionfm.cl\/?p=9990&#038;t=CORE%20aprueba%20358%20millones%20para%20la%20adquisici%C3%B3n%20de%20M%C3%B3dulo%20Hospitalario%20de%20Policl%C3%ADnico%20de%20Especialidades' aria-hidden='false' data-av_icon='\ue8f3' data-av_iconfont='entypo-fontello' title='' data-avia-related-tooltip='Compartir en Facebook' rel=\"noopener\"><span class='avia_hidden_link_text'>Compartir en Facebook<\/span><\/a><\/li><li class='av-share-link av-social-link-twitter' ><a target=\"_blank\" aria-label=\"Compartir en Twitter\" href='https:\/\/twitter.com\/share?text=CORE%20aprueba%20358%20millones%20para%20la%20adquisici%C3%B3n%20de%20M%C3%B3dulo%20Hospitalario%20de%20Policl%C3%ADnico%20de%20Especialidades&#038;url=https:\/\/radiorevelacionfm.cl\/?p=9990' aria-hidden='false' data-av_icon='\ue8f1' data-av_iconfont='entypo-fontello' title='' data-avia-related-tooltip='Compartir en Twitter' rel=\"noopener\"><span class='avia_hidden_link_text'>Compartir en Twitter<\/span><\/a><\/li><li class='av-share-link av-social-link-whatsapp' ><a target=\"_blank\" aria-label=\"Compartir en Whatsapp\" href='https:\/\/api.whatsapp.com\/send?text=https:\/\/radiorevelacionfm.cl\/?p=9990' aria-hidden='false' data-av_icon='\uf232' data-av_iconfont='entypo-fontello' title='' data-avia-related-tooltip='Compartir en Whatsapp' rel=\"noopener\"><span class='avia_hidden_link_text'>Compartir en Whatsapp<\/span><\/a><\/li><li class='av-share-link av-social-link-linkedin' ><a target=\"_blank\" aria-label=\"Compartir en LinkedIn\" href='https:\/\/linkedin.com\/shareArticle?mini=true&#038;title=CORE%20aprueba%20358%20millones%20para%20la%20adquisici%C3%B3n%20de%20M%C3%B3dulo%20Hospitalario%20de%20Policl%C3%ADnico%20de%20Especialidades&#038;url=https:\/\/radiorevelacionfm.cl\/?p=9990' aria-hidden='false' data-av_icon='\ue8fc' data-av_iconfont='entypo-fontello' title='' data-avia-related-tooltip='Compartir en LinkedIn' rel=\"noopener\"><span class='avia_hidden_link_text'>Compartir en LinkedIn<\/span><\/a><\/li><li class='av-share-link av-social-link-mail' ><a  aria-label=\"Compartir por correo\" href='mailto:?subject=CORE%20aprueba%20358%20millones%20para%20la%20adquisici%C3%B3n%20de%20M%C3%B3dulo%20Hospitalario%20de%20Policl%C3%ADnico%20de%20Especialidades&#038;body=https:\/\/radiorevelacionfm.cl\/?p=9990' aria-hidden='false' data-av_icon='\ue805' data-av_iconfont='entypo-fontello' title='' data-avia-related-tooltip='Compartir por correo'><span class='avia_hidden_link_text'>Compartir por correo<\/span><\/a><\/li><\/ul><\/div><\/div>\n<div  style='height:50px' class='hr hr-invisible   avia-builder-el-8  el_after_av_social_share  el_before_av_comments_list '><span class='hr-inner ' ><span class='hr-inner-style'><\/span><\/span><\/div>\n<div  class='av-buildercomment  av-blog-meta-html-info-disabled av-blog-meta-tag-disabled  '><\/div>\n","protected":false},"excerpt":{"rendered":"","protected":false},"author":1,"featured_media":9991,"comment_status":"open","ping_status":"open","sticky":false,"template":"","format":"standard","meta":{"footnotes":""},"categories":[38],"tags":[],"class_list":["post-9990","post","type-post","status-publish","format-standard","has-post-thumbnail","hentry","category-regional"],"jetpack_featured_media_url":"https:\/\/radiorevelacionfm.cl\/wp-content\/uploads\/2021\/10\/GORE-2021-10-25-1.jpeg","_links":{"self":[{"href":"https:\/\/radiorevelacionfm.cl\/index.php?rest_route=\/wp\/v2\/posts\/9990","targetHints":{"allow":["GET"]}}],"collection":[{"href":"https:\/\/radiorevelacionfm.cl\/index.php?rest_route=\/wp\/v2\/posts"}],"about":[{"href":"https:\/\/radiorevelacionfm.cl\/index.php?rest_route=\/wp\/v2\/types\/post"}],"author":[{"embeddable":true,"href":"https:\/\/radiorevelacionfm.cl\/index.php?rest_route=\/wp\/v2\/users\/1"}],"replies":[{"embeddable":true,"href":"https:\/\/radiorevelacionfm.cl\/index.php?rest_route=%2Fwp%2Fv2%2Fcomments&post=9990"}],"version-history":[{"count":1,"href":"https:\/\/radiorevelacionfm.cl\/index.php?rest_route=\/wp\/v2\/posts\/9990\/revisions"}],"predecessor-version":[{"id":9992,"href":"https:\/\/radiorevelacionfm.cl\/index.php?rest_route=\/wp\/v2\/posts\/9990\/revisions\/9992"}],"wp:featuredmedia":[{"embeddable":true,"href":"https:\/\/radiorevelacionfm.cl\/index.php?rest_route=\/wp\/v2\/media\/9991"}],"wp:attachment":[{"href":"https:\/\/radiorevelacionfm.cl\/index.php?rest_route=%2Fwp%2Fv2%2Fmedia&parent=9990"}],"wp:term":[{"taxonomy":"category","embeddable":true,"href":"https:\/\/radiorevelacionfm.cl\/index.php?rest_route=%2Fwp%2Fv2%2Fcategories&post=9990"},{"taxonomy":"post_tag","embeddable":true,"href":"https:\/\/radiorevelacionfm.cl\/index.php?rest_route=%2Fwp%2Fv2%2Ftags&post=9990"}],"curies":[{"name":"wp","href":"https:\/\/api.w.org\/{rel}","templated":true}]}}