{"id":9986,"date":"2021-10-25T17:33:09","date_gmt":"2021-10-25T20:33:09","guid":{"rendered":"https:\/\/radiorevelacionfm.cl\/?p=9986"},"modified":"2021-10-25T17:33:09","modified_gmt":"2021-10-25T20:33:09","slug":"corte-de-apelaciones-de-coyhaique-conmemoro-34-anos-administrando-justicia-para-los-habitantes-de-aysen","status":"publish","type":"post","link":"https:\/\/radiorevelacionfm.cl\/?p=9986","title":{"rendered":"Corte de Apelaciones de Coyhaique conmemor\u00f3 34 a\u00f1os administrando justicia para los habitantes de Ays\u00e9n"},"content":{"rendered":"<div class=\"flex_column av_one_full  flex_column_div av-zero-column-padding first  avia-builder-el-0  el_before_av_one_full  avia-builder-el-first  \" style='border-radius:0px; '><div  class='avia-image-container  av-styling-    avia-builder-el-1  avia-builder-el-no-sibling  avia-align-center '  itemprop=\"image\" itemscope=\"itemscope\" itemtype=\"https:\/\/schema.org\/ImageObject\"  ><div class='avia-image-container-inner'><div class='avia-image-overlay-wrap'><img decoding=\"async\" class='wp-image-9988 avia-img-lazy-loading-not-9988 avia_image' src=\"https:\/\/radiorevelacionfm.cl\/wp-content\/uploads\/2021\/10\/Foto-presidenta-Corte-de-Apelaciones-Natalia-Rencoret1-1-1.jpg\" alt='' title='Foto presidenta Corte de Apelaciones Natalia Rencoret1 (1) (1)' height=\"600\" width=\"1007\"  itemprop=\"thumbnailUrl\" srcset=\"https:\/\/radiorevelacionfm.cl\/wp-content\/uploads\/2021\/10\/Foto-presidenta-Corte-de-Apelaciones-Natalia-Rencoret1-1-1.jpg 1007w, https:\/\/radiorevelacionfm.cl\/wp-content\/uploads\/2021\/10\/Foto-presidenta-Corte-de-Apelaciones-Natalia-Rencoret1-1-1-300x179.jpg 300w, https:\/\/radiorevelacionfm.cl\/wp-content\/uploads\/2021\/10\/Foto-presidenta-Corte-de-Apelaciones-Natalia-Rencoret1-1-1-768x458.jpg 768w, https:\/\/radiorevelacionfm.cl\/wp-content\/uploads\/2021\/10\/Foto-presidenta-Corte-de-Apelaciones-Natalia-Rencoret1-1-1-705x420.jpg 705w, https:\/\/radiorevelacionfm.cl\/wp-content\/uploads\/2021\/10\/Foto-presidenta-Corte-de-Apelaciones-Natalia-Rencoret1-1-1-600x357.jpg 600w\" sizes=\"(max-width: 1007px) 100vw, 1007px\" \/><\/div><\/div><\/div><\/div><div class=\"flex_column av_one_full  flex_column_div av-zero-column-padding first  avia-builder-el-2  el_after_av_one_full  el_before_av_one_full  column-top-margin\" style='border-radius:0px; '><section class=\"av_textblock_section \"  itemscope=\"itemscope\" itemtype=\"https:\/\/schema.org\/BlogPosting\" itemprop=\"blogPost\" ><div class='avia_textblock  '   itemprop=\"text\" ><p style=\"text-align: center;\"><strong><span style=\"font-size: 18pt;\">Corte de Apelaciones de Coyhaique conmemor\u00f3 34 a\u00f1os administrando justicia para los habitantes de Ays\u00e9n<\/span><\/strong><\/p>\n<div id=\"gtx-trans\" style=\"position: absolute; left: -50px; top: 4.31534px;\">\n<div class=\"gtx-trans-icon\"><\/div>\n<\/div>\n<\/div><\/section><\/div><div class=\"flex_column av_one_full  flex_column_div av-zero-column-padding first  avia-builder-el-4  el_after_av_one_full  el_before_av_hr  column-top-margin\" style='border-radius:0px; '><section class=\"av_textblock_section \"  itemscope=\"itemscope\" itemtype=\"https:\/\/schema.org\/BlogPosting\" itemprop=\"blogPost\" ><div class='avia_textblock  '   itemprop=\"text\" ><p class=\"v1MsoNormal\" style=\"text-align: justify;\">El viernes 22 de octubre la Corte de Apelaciones de Coyhaique conmemor\u00f3 34 a\u00f1os desde su instalaci\u00f3n en la regi\u00f3n de Ays\u00e9n. Con el objetivo de administrar justicia y dar una soluci\u00f3n en el menor plazo posible a los habitantes del territorio que -antes de 1987- deb\u00edan viajar hasta Punta Arenas o Puerto Montt para conocer de sus causas. Siendo los recursos de protecci\u00f3n y amparo, los instrumentos legales que por su urgencia en la tramitaci\u00f3n y resoluci\u00f3n eran m\u00e1s requeridos.<\/p>\n<p class=\"v1MsoNormal\" style=\"text-align: justify;\">En este contexto, la actual presidenta del tribunal de alzada, ministra Natalia Rencoret Oliva, valor\u00f3 el esfuerzo de quienes hicieron posible concretar este anhelo. \u00abSin duda esta es una fecha de tremenda relevancia para los que trabajamos en la administraci\u00f3n de justicia y por cierto para los habitantes del extenso territorio de Ays\u00e9n. Haciendo un poco de historia recordamos a los primeros ministros que integraron el pleno en el a\u00f1o 1987; Hugo Bustos P\u00e9rez, Manuel Barr\u00eda Subiabre, Mario Kompatzki Contreras y el actual ministro Sergio Mora Vallejos, que gracias a su labor se dio comienzo a una soluci\u00f3n y justicia m\u00e1s cercana\u00bb, sostuvo la ministra.<\/p>\n<p class=\"v1MsoNormal\" style=\"text-align: justify;\">Asimismo, \u00abenviar un gran abrazo de agradecimiento a cada uno de los funcionarios que en estos 34 a\u00f1os han cumplido labores en esta Corte de Apelaciones, y que gracias a su trabajo nos han posicionado siempre en los primeros lugares del \u00edndice de calidad de la justicia\u00bb.<\/p>\n<p class=\"v1MsoNormal\" style=\"text-align: justify;\">Agreg\u00f3 que: \u00abSin duda se extra\u00f1a el estar en contacto en nuestras oficinas, pasillos y sala de audiencia, pero poco a poco se ir\u00e1 volviendo a la normalidad y al regreso progresivo que ha mandatado la Corte Suprema de Justicia\u00bb.<\/p>\n<p class=\"v1MsoNormal\" style=\"text-align: justify;\"><b>Pandemia y trabajo en la jurisdicci\u00f3n<\/b><\/p>\n<p class=\"v1MsoNormal\" style=\"text-align: justify;\">Ante las dificultades que gener\u00f3 la pandemia en la vida de las personas y en particular en la labor judicial, la ministra Natalia Rencoret sostuvo que: \u00abDesde el inicio de la pandemia y tras el decreto que nos mantuvo en estado de excepci\u00f3n, los tribunales de nuestra regi\u00f3n se ajustaron r\u00e1pidamente a un sistema tecnol\u00f3gico que permiti\u00f3 dar continuidad al servicio de administrar justicia. En ese sentido estamos orgullosos de nuestros jueces y funcionarios que gracias a sus capacidades y al compromiso de servir a las personas, han podido demostrar que la justicia telem\u00e1tica es segura y eficiente, y no solo en un espacio f\u00edsico determinado, sino que en cualquier lugar donde se cuente con conexi\u00f3n a internet\u00bb.<\/p>\n<p class=\"v1MsoNormal\" style=\"text-align: justify;\">Respecto a la labor jurisdiccional del tribunal de alzada, la ministra inform\u00f3 que: \u00abAl 30 de septiembre de 2021 la Corte de Apelaciones de Coyhaique registr\u00f3 un ingreso equivalente a 1.619 recursos, de los cuales el 37,68% corresponden a Asuntos Administrativos, el 20,88% a Acciones de Protecci\u00f3n \u2013los que a su vez se subdividen en un 65,09% Isapre Adecuaci\u00f3n y un 34,91% Protecci\u00f3n Civil- y un 15,69% a Recursos Penales.<\/p>\n<p class=\"v1MsoNormal\" style=\"text-align: justify;\">Respecto a las causas terminadas en lo que va del 2021, el tribunal de alzada dio t\u00e9rmino a 1.602 recursos, proyect\u00e1ndose para el a\u00f1o 2021 un total de 2.136 t\u00e9rminos, lo que se traducir\u00eda en un incremento del 25% respecto del a\u00f1o 2020.<\/p>\n<p class=\"v1MsoNormal\" style=\"text-align: justify;\">Sobre los tiempos de tramitaci\u00f3n la Corte de Apelaciones al 30 de agosto de 2021 registr\u00f3 un tiempo promedio de 24 d\u00edas, cifra que es superada solo por dos Cortes a nivel nacional y que es inferior a la registrada en 2020, per\u00edodo en que el tiempo promedio fue de 30 d\u00edas.<\/p>\n<p class=\"v1MsoNormal\" style=\"text-align: justify;\"><b>Centro de Observaci\u00f3n y Control del Cumplimiento de Medidas de Protecci\u00f3n<\/b><\/p>\n<p class=\"v1MsoNormal\" style=\"text-align: justify;\">El Centro de Observaci\u00f3n y Control de Cumplimiento de Medidas de Protecci\u00f3n (COCCMP), dependiente de esta Corte de Apelaciones, tiene como labor el monitoreo del cumplimiento de las medidas de protecci\u00f3n decretadas por los tribunales de familia en favor de un ni\u00f1o, ni\u00f1a y\/o adolescente (NNA), en casos que son derivados a la red de protecci\u00f3n para iniciar un proceso reparatorio a los derechos vulnerados.<\/p>\n<p class=\"v1MsoNormal\" style=\"text-align: justify;\">Sobre esta labor, la ministra expres\u00f3 que: \u00abDurante este a\u00f1o se ha dado especial \u00e9nfasis a la coordinaci\u00f3n con la red de salud a nivel regional, lo que ha permitido advertir nudos cr\u00edticos que han sido oportunamente tratados en la Mesa T\u00e9cnica Interinstitucional, instancia que es dirigida y convocada peri\u00f3dicamente por la Corte de Apelaciones y que cuenta con la participaci\u00f3n de todos los actores que intervienen en la materia, gracias a lo cual ha sido posible alcanzar importantes acuerdos operativos y mejoras en lo relativo al tratamiento de las medidas de protecci\u00f3n a nivel jurisdiccional entre los diversos actores del sistema proteccional\u00bb, sostuvo la ministra Rencoret.<\/p>\n<p class=\"v1MsoNormal\" style=\"text-align: justify;\">Agreg\u00f3 que: \u00abAl 30 de septiembre nuestra jurisdicci\u00f3n registraba un total de 795 medidas de protecci\u00f3n decretadas por los tribunales de familia en las que se dispuso alguna derivaci\u00f3n. Estas a su vez se desglosan en 65 medidas de protecci\u00f3n (causas P) y 730 causas de cumplimiento de medidas de protecci\u00f3n (causas X). De ese total un 95,22% corresponde a derivaciones a intervenci\u00f3n ambulatoria, un 2,64% a medidas de protecci\u00f3n con ingreso a la modalidad de intervenci\u00f3n familias de acogida (FAE) y un 2,14% a ingresos residenciales\u00bb.<\/p>\n<p class=\"v1MsoNormal\" style=\"text-align: justify;\">Adem\u00e1s, afirm\u00f3 que: \u00abEstamos muy agradecidos por los compromisos adquiridos por parte de todos los integrantes de la mesa institucional por la infancia, donde hemos podido sesionar de manera permanente, lo que ha permitido avanzar en diversas materias para finalmente entregar un servicio oportuno a nuestros ni\u00f1os, ni\u00f1as y adolescentes\u00bb.<\/p>\n<p class=\"v1MsoNormal\" style=\"text-align: justify;\">De igual manera, la autoridad judicial valor\u00f3 la entrada en vigencia de la Ley que crea el Servicio Nacional de Protecci\u00f3n Especializada a la Ni\u00f1ez y Adolescencia. \u00abEsta es una nueva institucionalidad que viene a dedicar todos sus esfuerzos en proteger y restituir los derechos de los ni\u00f1os, ni\u00f1as y adolescentes y para lo cual nuestros funcionarios de todos los tribunales con competencia en familia de la regi\u00f3n han sido capacitados\u00bb.<\/p>\n<p class=\"v1MsoNormal\" style=\"text-align: justify;\"><b>V\u00ednculo con la comunidad<\/b><\/p>\n<p class=\"v1MsoNormal\" style=\"text-align: justify;\">\u00abEl a\u00f1o 2020 lamentablemente por la pandemia no se permiti\u00f3 generar ese contacto directo con nuestra comunidad, en el sentido de abrir nuestras puertas a las exposiciones o a las visitas guiadas. Sin embargo, en agosto de 2021 y gracias al resguardo de la comunidad las medidas sanitarias permitieron la presencia de 11 estudiantes y tres profesoras del Colegio Patagonia de Coyhaique, para hacer un recorrido y presenciar una charla por parte de los profesionales del tribunal de alzada. Lo que nos alegra mucho porque es el inicio a retomar nuestras actividades propias sobre educaci\u00f3n c\u00edvica, en especial para el beneficio de nuestros estudiantes de Ays\u00e9n\u00bb, coment\u00f3 la autoridad judicial.<\/p>\n<p class=\"v1MsoNormal\" style=\"text-align: justify;\">Concluy\u00f3 que: \u00abAsimismo, y porque sabemos la importancia de comunicar nuestro trabajo para mantener informada a la comunidad sobre el quehacer judicial, los jueces y ministros de la jurisdicci\u00f3n han realizado durante este a\u00f1o m\u00e1s de una treintena de vocer\u00edas y entrevistas en diversos medios de prensa regional y plataformas informativas del Poder Judicial\u00bb.<\/p>\n<\/div><\/section><\/div><div  style='height:50px' class='hr hr-invisible   avia-builder-el-6  el_after_av_one_full  el_before_av_social_share '><span class='hr-inner ' ><span class='hr-inner-style'><\/span><\/span><\/div><\/p>\n<div  class='av-social-sharing-box  avia-builder-el-7  el_after_av_hr  el_before_av_hr  '><div class='av-share-box'><h5 class='av-share-link-description av-no-toc '>Compartir esta noticia<\/h5><ul class='av-share-box-list noLightbox'><li class='av-share-link av-social-link-facebook' ><a target=\"_blank\" aria-label=\"Compartir en Facebook\" href='https:\/\/www.facebook.com\/sharer.php?u=https:\/\/radiorevelacionfm.cl\/?p=9986&#038;t=Corte%20de%20Apelaciones%20de%20Coyhaique%20conmemor%C3%B3%2034%20a%C3%B1os%20administrando%20justicia%20para%20los%20habitantes%20de%20Ays%C3%A9n' aria-hidden='false' data-av_icon='\ue8f3' data-av_iconfont='entypo-fontello' title='' data-avia-related-tooltip='Compartir en Facebook' rel=\"noopener\"><span class='avia_hidden_link_text'>Compartir en Facebook<\/span><\/a><\/li><li class='av-share-link av-social-link-twitter' ><a target=\"_blank\" aria-label=\"Compartir en Twitter\" href='https:\/\/twitter.com\/share?text=Corte%20de%20Apelaciones%20de%20Coyhaique%20conmemor%C3%B3%2034%20a%C3%B1os%20administrando%20justicia%20para%20los%20habitantes%20de%20Ays%C3%A9n&#038;url=https:\/\/radiorevelacionfm.cl\/?p=9986' aria-hidden='false' data-av_icon='\ue8f1' data-av_iconfont='entypo-fontello' title='' data-avia-related-tooltip='Compartir en Twitter' rel=\"noopener\"><span class='avia_hidden_link_text'>Compartir en Twitter<\/span><\/a><\/li><li class='av-share-link av-social-link-whatsapp' ><a target=\"_blank\" aria-label=\"Compartir en Whatsapp\" href='https:\/\/api.whatsapp.com\/send?text=https:\/\/radiorevelacionfm.cl\/?p=9986' aria-hidden='false' data-av_icon='\uf232' data-av_iconfont='entypo-fontello' title='' data-avia-related-tooltip='Compartir en Whatsapp' rel=\"noopener\"><span class='avia_hidden_link_text'>Compartir en Whatsapp<\/span><\/a><\/li><li class='av-share-link av-social-link-linkedin' ><a target=\"_blank\" aria-label=\"Compartir en LinkedIn\" href='https:\/\/linkedin.com\/shareArticle?mini=true&#038;title=Corte%20de%20Apelaciones%20de%20Coyhaique%20conmemor%C3%B3%2034%20a%C3%B1os%20administrando%20justicia%20para%20los%20habitantes%20de%20Ays%C3%A9n&#038;url=https:\/\/radiorevelacionfm.cl\/?p=9986' aria-hidden='false' data-av_icon='\ue8fc' data-av_iconfont='entypo-fontello' title='' data-avia-related-tooltip='Compartir en LinkedIn' rel=\"noopener\"><span class='avia_hidden_link_text'>Compartir en LinkedIn<\/span><\/a><\/li><li class='av-share-link av-social-link-mail' ><a  aria-label=\"Compartir por correo\" href='mailto:?subject=Corte%20de%20Apelaciones%20de%20Coyhaique%20conmemor%C3%B3%2034%20a%C3%B1os%20administrando%20justicia%20para%20los%20habitantes%20de%20Ays%C3%A9n&#038;body=https:\/\/radiorevelacionfm.cl\/?p=9986' aria-hidden='false' data-av_icon='\ue805' data-av_iconfont='entypo-fontello' title='' data-avia-related-tooltip='Compartir por correo'><span class='avia_hidden_link_text'>Compartir por correo<\/span><\/a><\/li><\/ul><\/div><\/div>\n<div  style='height:50px' class='hr hr-invisible   avia-builder-el-8  el_after_av_social_share  el_before_av_comments_list '><span class='hr-inner ' ><span class='hr-inner-style'><\/span><\/span><\/div>\n<div  class='av-buildercomment  av-blog-meta-html-info-disabled av-blog-meta-tag-disabled  '><\/div>\n","protected":false},"excerpt":{"rendered":"","protected":false},"author":1,"featured_media":9988,"comment_status":"open","ping_status":"open","sticky":false,"template":"","format":"standard","meta":{"footnotes":""},"categories":[55],"tags":[],"class_list":["post-9986","post","type-post","status-publish","format-standard","has-post-thumbnail","hentry","category-justicia"],"jetpack_featured_media_url":"https:\/\/radiorevelacionfm.cl\/wp-content\/uploads\/2021\/10\/Foto-presidenta-Corte-de-Apelaciones-Natalia-Rencoret1-1-1.jpg","_links":{"self":[{"href":"https:\/\/radiorevelacionfm.cl\/index.php?rest_route=\/wp\/v2\/posts\/9986","targetHints":{"allow":["GET"]}}],"collection":[{"href":"https:\/\/radiorevelacionfm.cl\/index.php?rest_route=\/wp\/v2\/posts"}],"about":[{"href":"https:\/\/radiorevelacionfm.cl\/index.php?rest_route=\/wp\/v2\/types\/post"}],"author":[{"embeddable":true,"href":"https:\/\/radiorevelacionfm.cl\/index.php?rest_route=\/wp\/v2\/users\/1"}],"replies":[{"embeddable":true,"href":"https:\/\/radiorevelacionfm.cl\/index.php?rest_route=%2Fwp%2Fv2%2Fcomments&post=9986"}],"version-history":[{"count":1,"href":"https:\/\/radiorevelacionfm.cl\/index.php?rest_route=\/wp\/v2\/posts\/9986\/revisions"}],"predecessor-version":[{"id":9989,"href":"https:\/\/radiorevelacionfm.cl\/index.php?rest_route=\/wp\/v2\/posts\/9986\/revisions\/9989"}],"wp:featuredmedia":[{"embeddable":true,"href":"https:\/\/radiorevelacionfm.cl\/index.php?rest_route=\/wp\/v2\/media\/9988"}],"wp:attachment":[{"href":"https:\/\/radiorevelacionfm.cl\/index.php?rest_route=%2Fwp%2Fv2%2Fmedia&parent=9986"}],"wp:term":[{"taxonomy":"category","embeddable":true,"href":"https:\/\/radiorevelacionfm.cl\/index.php?rest_route=%2Fwp%2Fv2%2Fcategories&post=9986"},{"taxonomy":"post_tag","embeddable":true,"href":"https:\/\/radiorevelacionfm.cl\/index.php?rest_route=%2Fwp%2Fv2%2Ftags&post=9986"}],"curies":[{"name":"wp","href":"https:\/\/api.w.org\/{rel}","templated":true}]}}