{"id":9983,"date":"2021-10-25T17:02:49","date_gmt":"2021-10-25T20:02:49","guid":{"rendered":"https:\/\/radiorevelacionfm.cl\/?p=9983"},"modified":"2021-10-25T17:02:49","modified_gmt":"2021-10-25T20:02:49","slug":"quillango-microempresa-familiar-de-aysen-que-suma-digitalizacion-a-sus-procesos","status":"publish","type":"post","link":"https:\/\/radiorevelacionfm.cl\/?p=9983","title":{"rendered":"Quillango: Microempresa familiar de Ays\u00e9n que suma digitalizaci\u00f3n a sus procesos"},"content":{"rendered":"<div class=\"flex_column av_one_full  flex_column_div av-zero-column-padding first  avia-builder-el-0  el_before_av_one_full  avia-builder-el-first  \" style='border-radius:0px; '><div  class='avia-image-container  av-styling-    avia-builder-el-1  avia-builder-el-no-sibling  avia-align-center '  itemprop=\"image\" itemscope=\"itemscope\" itemtype=\"https:\/\/schema.org\/ImageObject\"  ><div class='avia-image-container-inner'><div class='avia-image-overlay-wrap'><img decoding=\"async\" class='wp-image-9984 avia-img-lazy-loading-not-9984 avia_image' src=\"https:\/\/radiorevelacionfm.cl\/wp-content\/uploads\/2021\/10\/05-qll-fran-1_optimized.jpg\" alt='' title='05-qll-fran-(1)_optimized' height=\"600\" width=\"1066\"  itemprop=\"thumbnailUrl\" srcset=\"https:\/\/radiorevelacionfm.cl\/wp-content\/uploads\/2021\/10\/05-qll-fran-1_optimized.jpg 1066w, https:\/\/radiorevelacionfm.cl\/wp-content\/uploads\/2021\/10\/05-qll-fran-1_optimized-300x169.jpg 300w, https:\/\/radiorevelacionfm.cl\/wp-content\/uploads\/2021\/10\/05-qll-fran-1_optimized-1030x580.jpg 1030w, https:\/\/radiorevelacionfm.cl\/wp-content\/uploads\/2021\/10\/05-qll-fran-1_optimized-768x432.jpg 768w, https:\/\/radiorevelacionfm.cl\/wp-content\/uploads\/2021\/10\/05-qll-fran-1_optimized-705x397.jpg 705w, https:\/\/radiorevelacionfm.cl\/wp-content\/uploads\/2021\/10\/05-qll-fran-1_optimized-600x338.jpg 600w\" sizes=\"(max-width: 1066px) 100vw, 1066px\" \/><\/div><\/div><\/div><\/div><div class=\"flex_column av_one_full  flex_column_div av-zero-column-padding first  avia-builder-el-2  el_after_av_one_full  el_before_av_one_full  column-top-margin\" style='border-radius:0px; '><section class=\"av_textblock_section \"  itemscope=\"itemscope\" itemtype=\"https:\/\/schema.org\/BlogPosting\" itemprop=\"blogPost\" ><div class='avia_textblock  '   itemprop=\"text\" ><p style=\"text-align: center;\"><span style=\"font-size: 18pt;\"><span class=\"v1gmail-normaltextrun\"><b><span lang=\"ES\">Quillango: Microempresa familiar de Ays\u00e9n que suma digitalizaci\u00f3n a sus procesos<\/span><\/b><\/span><span class=\"v1eop\"><span lang=\"ES-MX\">\u00a0<\/span><\/span><\/span><\/p>\n<div id=\"gtx-trans\" style=\"position: absolute; left: -50px; top: 4.31534px;\">\n<div class=\"gtx-trans-icon\"><\/div>\n<\/div>\n<\/div><\/section><\/div><div class=\"flex_column av_one_full  flex_column_div av-zero-column-padding first  avia-builder-el-4  el_after_av_one_full  el_before_av_hr  column-top-margin\" style='border-radius:0px; '><section class=\"av_textblock_section \"  itemscope=\"itemscope\" itemtype=\"https:\/\/schema.org\/BlogPosting\" itemprop=\"blogPost\" ><div class='avia_textblock  '   itemprop=\"text\" ><p style=\"text-align: justify;\"><span lang=\"ES\">La digitalizaci\u00f3n se ha transformado en una herramienta esencial para las\u00a0MiPymes\u00a0pues le ha permitido expandir sus ventas, conquistando nuevos mercados.<\/span><span lang=\"ES-MX\">\u00a0<\/span><\/p>\n<p style=\"text-align: justify;\"><span lang=\"ES\">Ese fue el impulso que tuvo Francisca Bahamonde Toledo de textiles\u00a0<\/span><a href=\"https:\/\/www.instagram.com\/quillango\/\" target=\"_blank\" rel=\"noopener\" data-saferedirecturl=\"https:\/\/www.google.com\/url?q=https:\/\/www.instagram.com\/quillango\/&amp;source=gmail&amp;ust=1635277724093000&amp;usg=AOvVaw12zPUe5nix3fv1oK-UiQ_2\"><span lang=\"ES\">Quillango<\/span><\/a><span lang=\"ES\">\u00a0quien, apoyada por\u00a0<\/span><a href=\"https:\/\/www.corfo.cl\/sites\/cpp\/homecorfo\" target=\"_blank\" rel=\"noopener\" data-saferedirecturl=\"https:\/\/www.google.com\/url?q=https:\/\/www.corfo.cl\/sites\/cpp\/homecorfo&amp;source=gmail&amp;ust=1635277724093000&amp;usg=AOvVaw0paSHnpJ3WpCXVnHRRK0Tq\"><span lang=\"ES\">Corfo<\/span><\/a><span lang=\"ES\">\u00a0a trav\u00e9s del programa PAR Impulsa Mujeres Empresarias, sum\u00f3 nuevas herramientas para estar presente en diversas plataformas de comercializaci\u00f3n y no depender exclusivamente de la venta presencial.\u00a0<\/span><span lang=\"ES-MX\">\u00a0<\/span><\/p>\n<p style=\"text-align: justify;\"><a href=\"https:\/\/quillango.cl\/\" target=\"_blank\" rel=\"noopener\" data-saferedirecturl=\"https:\/\/www.google.com\/url?q=https:\/\/quillango.cl\/&amp;source=gmail&amp;ust=1635277724093000&amp;usg=AOvVaw1aGLs2Nl4wUm1l_vLiCh74\"><span lang=\"ES\">Quillango<\/span><\/a><span lang=\"ES\">\u00a0es una empresa de la Regi\u00f3n de Ays\u00e9n que por m\u00e1s de diez a\u00f1os se ha dedicado a la producci\u00f3n textil artesanal en lana de oveja y alpaca, desarrollando una l\u00ednea de vestuario contempor\u00e1neo unisex, donde destacan: mantas, ponchos, vestidos, abrigos, faldas y accesorios; junto a una l\u00ednea de art\u00edculos de decoraci\u00f3n utilitaria para dormitorio y mesa: pieceras, cojines, individuales y caminos de mesa.\u00a0<\/span><span lang=\"ES-MX\">\u00a0<\/span><\/p>\n<p style=\"text-align: justify;\"><b><span lang=\"ES\">PROGRAMA PAR IMPULSA<\/span><\/b><span lang=\"ES-MX\">\u00a0<\/span><\/p>\n<p style=\"text-align: justify;\"><span lang=\"ES\">Francisca explica que gracias al programa PAR\u00a0Impulsa de Corfo \u201cpude renovar maquinaria, m\u00e1quinas de coser, herramientas del taller, incorporar un poco de materia prima,\u00a0packaging\u00a0y tecnolog\u00eda para desarrollar fotograf\u00edas, realizar control de stock y trabajar en redes sociales. Todo esto me permiti\u00f3 aumentar la capacidad productiva, mejorar mi oferta y explorar nuevas formas de venta online\u201d.<\/span><span lang=\"ES-MX\">\u00a0<\/span><\/p>\n<p style=\"text-align: justify;\"><span lang=\"ES\">Cuando comenzaron las cuarentenas y se cerraron los puntos de ventas tuvo que buscar otras formas de ventas para poder comercializar. \u201cFue as\u00ed como postul\u00e9 al sistema de\u00a0<\/span><a href=\"https:\/\/apoyameaqui.cl\/marketplace-falabella\" target=\"_blank\" rel=\"noopener\" data-saferedirecturl=\"https:\/\/www.google.com\/url?q=https:\/\/apoyameaqui.cl\/marketplace-falabella&amp;source=gmail&amp;ust=1635277724093000&amp;usg=AOvVaw2uTDdrcgfw-hUBxAKmInVF\"><span lang=\"ES\">marketplace de Falabella<\/span><\/a><span lang=\"ES\">, que es una tienda virtual donde ofrezco mis productos al precio que siempre los he vendido y que Falabella difunde dentro de su sitio. Es una muy buena oportunidad para mostrar mis productos a nivel nacional, llegando a todo el pa\u00eds con la log\u00edstica de esta\u00a0multitienda\u00a0y utilizando sus despachos\u201d.\u00a0<\/span><span lang=\"ES-MX\">\u00a0<\/span><\/p>\n<p style=\"text-align: justify;\"><span lang=\"ES\">Sobre las dificultades para formar parte de este tipo de tiendas online, se\u00f1ala que \u201cuno se asusta mucho cuando ve un cuestionario o una plataforma en la que tiene que completar cosas online y la verdad es que lo \u00fanico que debes tener es ordenado tu sistema, tener iniciaci\u00f3n de actividad y cumplir con los requisitos m\u00ednimos que piden los distintos\u00a0marketplace. Tambi\u00e9n es importante tener estandarizaci\u00f3n de producto y tener stock porque si uno ofrece A, debe tener A\u201d.<\/span><span lang=\"ES-MX\">\u00a0<\/span><\/p>\n<p style=\"text-align: justify;\"><span lang=\"ES\">Omar Mu\u00f1oz Sierra, director de Corfo Ays\u00e9n, destac\u00f3 el trabajo de Quillango ya que ha logrado adaptarse a esta nueva forma de comercializaci\u00f3n, contribuyendo a dinamizar la econom\u00eda local. \u201cFrancisca ha seguido trabajando en condiciones de pandemia, aprovechando las redes sociales y el e-commerce, incorporando tecnolog\u00eda, procesos e innovaci\u00f3n, para seguir produciendo sus tejidos, de manera de responder a los pedidos que est\u00e1 recibiendo de distintas partes de Chile. Esto es muy importante porque ella volvi\u00f3 a vender, no solamente en la regi\u00f3n si no que hacia fuera de Ays\u00e9n y evaluando ofrecer su producto a nivel internacional\u201d.\u00a0<\/span><span lang=\"ES-MX\">\u00a0<\/span><\/p>\n<p style=\"text-align: justify;\"><span lang=\"ES\">Los productos\u00a0<\/span><a href=\"https:\/\/www.facebook.com\/quillango\" target=\"_blank\" rel=\"noopener\" data-saferedirecturl=\"https:\/\/www.google.com\/url?q=https:\/\/www.facebook.com\/quillango&amp;source=gmail&amp;ust=1635277724093000&amp;usg=AOvVaw0m05LqrxB3KSUMWoPbTnJA\"><span lang=\"ES\">Quillango<\/span><\/a><span lang=\"ES\">\u00a0se han transformado en una extensi\u00f3n de la experiencia en la Patagonia, un producto con conciencia ecol\u00f3gica,\u00a0cruently\u00a0free, que mantiene y desarrolla la cultura, oficios y tradiciones locales (pastoreo, esquila, hilado, te\u00f1ido, tejido telar) transform\u00e1ndose en un referente local de la producci\u00f3n\u00a0slow. Asimismo, con un fuerte compromiso social, la empresa tambi\u00e9n capacita a comunidades de mujeres artesanas en t\u00e9cnicas y oficios, transform\u00e1ndose en un aporte al desarrollo comunal.<\/span><span lang=\"ES-MX\">\u00a0<\/span><\/p>\n<p style=\"text-align: justify;\"><span lang=\"ES\">Finalmente, Francisca se\u00f1al\u00f3 que Quillango es una de las marcas que forman parte de la Cooperativa\u00a0<\/span><a href=\"https:\/\/www.instagram.com\/espaciodisenoaustral\/\" target=\"_blank\" rel=\"noopener\" data-saferedirecturl=\"https:\/\/www.google.com\/url?q=https:\/\/www.instagram.com\/espaciodisenoaustral\/&amp;source=gmail&amp;ust=1635277724093000&amp;usg=AOvVaw0xolrY9uP0IE5aQlShFRIY\"><span lang=\"ES\">Espacio Dise\u00f1o Austral<\/span><\/a><span lang=\"ES\">\u00a0donde conviven creaciones de diferentes emprendedoras regionales. Su direcci\u00f3n y punto de venta es Prat n\u00b0279, local 1, en la Galer\u00eda Garc\u00eda en la ciudad de Coyhaique. O pueden contactarla, a trav\u00e9s de su\u00a0<\/span><a href=\"https:\/\/www.instagram.com\/quillango\/\" target=\"_blank\" rel=\"noopener\" data-saferedirecturl=\"https:\/\/www.google.com\/url?q=https:\/\/www.instagram.com\/quillango\/&amp;source=gmail&amp;ust=1635277724093000&amp;usg=AOvVaw12zPUe5nix3fv1oK-UiQ_2\"><span lang=\"ES\">Instagram<\/span><\/a><span lang=\"ES\">,\u00a0<\/span><a href=\"https:\/\/www.facebook.com\/quillango\" target=\"_blank\" rel=\"noopener\" data-saferedirecturl=\"https:\/\/www.google.com\/url?q=https:\/\/www.facebook.com\/quillango&amp;source=gmail&amp;ust=1635277724093000&amp;usg=AOvVaw0m05LqrxB3KSUMWoPbTnJA\"><span lang=\"ES\">Facebook<\/span><\/a><span lang=\"ES\">\u00a0y su sitio web\u00a0<\/span><a href=\"http:\/\/www.quillango.cl\/\" target=\"_blank\" rel=\"noopener\" data-saferedirecturl=\"https:\/\/www.google.com\/url?q=http:\/\/www.quillango.cl\/&amp;source=gmail&amp;ust=1635277724093000&amp;usg=AOvVaw20OfWEMoJfBATdrwxMvKi4\"><span lang=\"ES\">www.quillango.cl<\/span><\/a><span lang=\"ES-MX\">\u00a0<\/span><\/p>\n<\/div><\/section><\/div><div  style='height:50px' class='hr hr-invisible   avia-builder-el-6  el_after_av_one_full  el_before_av_social_share '><span class='hr-inner ' ><span class='hr-inner-style'><\/span><\/span><\/div><\/p>\n<div  class='av-social-sharing-box  avia-builder-el-7  el_after_av_hr  el_before_av_hr  '><div class='av-share-box'><h5 class='av-share-link-description av-no-toc '>Compartir esta noticia<\/h5><ul class='av-share-box-list noLightbox'><li class='av-share-link av-social-link-facebook' ><a target=\"_blank\" aria-label=\"Compartir en Facebook\" href='https:\/\/www.facebook.com\/sharer.php?u=https:\/\/radiorevelacionfm.cl\/?p=9983&#038;t=Quillango%3A%20Microempresa%20familiar%20de%20Ays%C3%A9n%20que%20suma%20digitalizaci%C3%B3n%20a%20sus%20procesos' aria-hidden='false' data-av_icon='\ue8f3' data-av_iconfont='entypo-fontello' title='' data-avia-related-tooltip='Compartir en Facebook' rel=\"noopener\"><span class='avia_hidden_link_text'>Compartir en Facebook<\/span><\/a><\/li><li class='av-share-link av-social-link-twitter' ><a target=\"_blank\" aria-label=\"Compartir en Twitter\" href='https:\/\/twitter.com\/share?text=Quillango%3A%20Microempresa%20familiar%20de%20Ays%C3%A9n%20que%20suma%20digitalizaci%C3%B3n%20a%20sus%20procesos&#038;url=https:\/\/radiorevelacionfm.cl\/?p=9983' aria-hidden='false' data-av_icon='\ue8f1' data-av_iconfont='entypo-fontello' title='' data-avia-related-tooltip='Compartir en Twitter' rel=\"noopener\"><span class='avia_hidden_link_text'>Compartir en Twitter<\/span><\/a><\/li><li class='av-share-link av-social-link-whatsapp' ><a target=\"_blank\" aria-label=\"Compartir en Whatsapp\" href='https:\/\/api.whatsapp.com\/send?text=https:\/\/radiorevelacionfm.cl\/?p=9983' aria-hidden='false' data-av_icon='\uf232' data-av_iconfont='entypo-fontello' title='' data-avia-related-tooltip='Compartir en Whatsapp' rel=\"noopener\"><span class='avia_hidden_link_text'>Compartir en Whatsapp<\/span><\/a><\/li><li class='av-share-link av-social-link-linkedin' ><a target=\"_blank\" aria-label=\"Compartir en LinkedIn\" href='https:\/\/linkedin.com\/shareArticle?mini=true&#038;title=Quillango%3A%20Microempresa%20familiar%20de%20Ays%C3%A9n%20que%20suma%20digitalizaci%C3%B3n%20a%20sus%20procesos&#038;url=https:\/\/radiorevelacionfm.cl\/?p=9983' aria-hidden='false' data-av_icon='\ue8fc' data-av_iconfont='entypo-fontello' title='' data-avia-related-tooltip='Compartir en LinkedIn' rel=\"noopener\"><span class='avia_hidden_link_text'>Compartir en LinkedIn<\/span><\/a><\/li><li class='av-share-link av-social-link-mail' ><a  aria-label=\"Compartir por correo\" href='mailto:?subject=Quillango%3A%20Microempresa%20familiar%20de%20Ays%C3%A9n%20que%20suma%20digitalizaci%C3%B3n%20a%20sus%20procesos&#038;body=https:\/\/radiorevelacionfm.cl\/?p=9983' aria-hidden='false' data-av_icon='\ue805' data-av_iconfont='entypo-fontello' title='' data-avia-related-tooltip='Compartir por correo'><span class='avia_hidden_link_text'>Compartir por correo<\/span><\/a><\/li><\/ul><\/div><\/div>\n<div  style='height:50px' class='hr hr-invisible   avia-builder-el-8  el_after_av_social_share  el_before_av_comments_list '><span class='hr-inner ' ><span class='hr-inner-style'><\/span><\/span><\/div>\n<div  class='av-buildercomment  av-blog-meta-html-info-disabled av-blog-meta-tag-disabled  '><\/div>\n","protected":false},"excerpt":{"rendered":"","protected":false},"author":1,"featured_media":9984,"comment_status":"open","ping_status":"open","sticky":false,"template":"","format":"standard","meta":{"footnotes":""},"categories":[45],"tags":[],"class_list":["post-9983","post","type-post","status-publish","format-standard","has-post-thumbnail","hentry","category-comercio"],"jetpack_featured_media_url":"https:\/\/radiorevelacionfm.cl\/wp-content\/uploads\/2021\/10\/05-qll-fran-1_optimized.jpg","_links":{"self":[{"href":"https:\/\/radiorevelacionfm.cl\/index.php?rest_route=\/wp\/v2\/posts\/9983","targetHints":{"allow":["GET"]}}],"collection":[{"href":"https:\/\/radiorevelacionfm.cl\/index.php?rest_route=\/wp\/v2\/posts"}],"about":[{"href":"https:\/\/radiorevelacionfm.cl\/index.php?rest_route=\/wp\/v2\/types\/post"}],"author":[{"embeddable":true,"href":"https:\/\/radiorevelacionfm.cl\/index.php?rest_route=\/wp\/v2\/users\/1"}],"replies":[{"embeddable":true,"href":"https:\/\/radiorevelacionfm.cl\/index.php?rest_route=%2Fwp%2Fv2%2Fcomments&post=9983"}],"version-history":[{"count":1,"href":"https:\/\/radiorevelacionfm.cl\/index.php?rest_route=\/wp\/v2\/posts\/9983\/revisions"}],"predecessor-version":[{"id":9985,"href":"https:\/\/radiorevelacionfm.cl\/index.php?rest_route=\/wp\/v2\/posts\/9983\/revisions\/9985"}],"wp:featuredmedia":[{"embeddable":true,"href":"https:\/\/radiorevelacionfm.cl\/index.php?rest_route=\/wp\/v2\/media\/9984"}],"wp:attachment":[{"href":"https:\/\/radiorevelacionfm.cl\/index.php?rest_route=%2Fwp%2Fv2%2Fmedia&parent=9983"}],"wp:term":[{"taxonomy":"category","embeddable":true,"href":"https:\/\/radiorevelacionfm.cl\/index.php?rest_route=%2Fwp%2Fv2%2Fcategories&post=9983"},{"taxonomy":"post_tag","embeddable":true,"href":"https:\/\/radiorevelacionfm.cl\/index.php?rest_route=%2Fwp%2Fv2%2Ftags&post=9983"}],"curies":[{"name":"wp","href":"https:\/\/api.w.org\/{rel}","templated":true}]}}