{"id":9979,"date":"2021-10-25T21:25:18","date_gmt":"2021-10-26T00:25:18","guid":{"rendered":"https:\/\/radiorevelacionfm.cl\/?p=9979"},"modified":"2021-10-25T21:25:18","modified_gmt":"2021-10-26T00:25:18","slug":"parlamentarios-solicitaran-que-se-declare-emergencia-lacustre-en-la-comuna-de-chile-chico","status":"publish","type":"post","link":"https:\/\/radiorevelacionfm.cl\/?p=9979","title":{"rendered":"Parlamentarios solicitar\u00e1n que se declare emergencia lacustre en la comuna de Chile Chico"},"content":{"rendered":"<div class=\"flex_column av_one_full  flex_column_div av-zero-column-padding first  avia-builder-el-0  el_before_av_one_full  avia-builder-el-first  \" style='border-radius:0px; '><div  class='avia-image-container  av-styling-    avia-builder-el-1  avia-builder-el-no-sibling  avia-align-center '  itemprop=\"image\" itemscope=\"itemscope\" itemtype=\"https:\/\/schema.org\/ImageObject\"  ><div class='avia-image-container-inner'><div class='avia-image-overlay-wrap'><img decoding=\"async\" class='wp-image-9981 avia-img-lazy-loading-not-9981 avia_image' src=\"https:\/\/radiorevelacionfm.cl\/wp-content\/uploads\/2021\/10\/Reunion-CHCH-2021-10-22a-1-1.jpg\" alt='' title='Reunion CHCH 2021-10-22a (1) (1)' height=\"600\" width=\"938\"  itemprop=\"thumbnailUrl\" srcset=\"https:\/\/radiorevelacionfm.cl\/wp-content\/uploads\/2021\/10\/Reunion-CHCH-2021-10-22a-1-1.jpg 938w, https:\/\/radiorevelacionfm.cl\/wp-content\/uploads\/2021\/10\/Reunion-CHCH-2021-10-22a-1-1-300x192.jpg 300w, https:\/\/radiorevelacionfm.cl\/wp-content\/uploads\/2021\/10\/Reunion-CHCH-2021-10-22a-1-1-768x491.jpg 768w, https:\/\/radiorevelacionfm.cl\/wp-content\/uploads\/2021\/10\/Reunion-CHCH-2021-10-22a-1-1-705x451.jpg 705w, https:\/\/radiorevelacionfm.cl\/wp-content\/uploads\/2021\/10\/Reunion-CHCH-2021-10-22a-1-1-600x384.jpg 600w\" sizes=\"(max-width: 938px) 100vw, 938px\" \/><\/div><\/div><\/div><\/div>\n<div class=\"flex_column av_one_full  flex_column_div av-zero-column-padding first  avia-builder-el-2  el_after_av_one_full  el_before_av_one_full  column-top-margin\" style='border-radius:0px; '><section class=\"av_textblock_section \"  itemscope=\"itemscope\" itemtype=\"https:\/\/schema.org\/BlogPosting\" itemprop=\"blogPost\" ><div class='avia_textblock  '   itemprop=\"text\" ><p style=\"text-align: center;\"><strong><span style=\"font-size: 18pt;\">Parlamentarios solicitar\u00e1n que se declare emergencia lacustre en la comuna de Chile Chico<\/span><\/strong><\/p>\n<div id=\"gtx-trans\" style=\"position: absolute; left: -50px; top: 4.31534px;\">\n<div class=\"gtx-trans-icon\"><\/div>\n<\/div>\n<\/div><\/section><\/div><div class=\"flex_column av_one_full  flex_column_div av-zero-column-padding first  avia-builder-el-4  el_after_av_one_full  el_before_av_hr  column-top-margin\" style='border-radius:0px; '><section class=\"av_textblock_section \"  itemscope=\"itemscope\" itemtype=\"https:\/\/schema.org\/BlogPosting\" itemprop=\"blogPost\" ><div class='avia_textblock  '   itemprop=\"text\" ><p style=\"text-align: justify;\">El viernes 22 de octubre se realiz\u00f3 una reuni\u00f3n con dirigentes de Chile Chico, convocatoria a la que acudieron la senadora Ximena \u00d3rdenes y el diputado Ren\u00e9 Alinco, con el objetivo de escuchar nuevamente a la comunidad respecto a los problemas de conectividad lacustre que se presentan desde hace varios a\u00f1os en esa ciudad y Puerto Ingeniero Ib\u00e1\u00f1ez, esto por la demora en la carena de la barcaza Tehuelche, lo que ha afectado la frecuencia de los viajes que conectan a Chile Chico con el resto de la regi\u00f3n, supliendo este importante recorrido con otra nave mucho m\u00e1s antigua y peque\u00f1a, La Pilchero. En conclusi\u00f3n, para la comuna lo ideal ser\u00eda contar con una nueva barcaza que cumpla al 100 % con las necesidades, tanto por afluencia de pasajeros y de veh\u00edculos para el traslado de los mismos, con el fin de asegurar esta importante ruta lacustre en nuestra regi\u00f3n, sin embargo, ese camino es a\u00fan largo.<\/p>\n<p style=\"text-align: justify;\">Lamentablemente, a juicio del parlamentario Ren\u00e9 Alinco Bustos, se siguen entregando solo \u201cpastillas de paracetamol\u201d a la comunidad, la que realmente vive un grave problema donde solo este fin de semana por dificultades clim\u00e1ticas no se pudo cumplir con el servicio de barcaza, quedando pr\u00e1cticamente abandonados muchos pobladores, unos en Chile Chico y otros en Puerto Ib\u00e1\u00f1ez, esto debido a la falta de acci\u00f3n en un plan B que les permita por \u00faltimo ser trasladados en buses, eso s\u00ed, por una ruta que presenta varias dificultades.<\/p>\n<p style=\"text-align: justify;\">En entrevista con un programa radial, el parlamentario aysenino indic\u00f3 que \u201ccon la senadora \u00d3rdenes vamos a solicitar al Ministerio del Interior, y espero que las autoridades de Gobierno tambi\u00e9n apoyen esa propuesta, que es darle la categor\u00eda de Emergencia Lacustre a la comuna de Chile Chico, porque al tener esa categor\u00eda se puede tener mayor facilidad y menos tr\u00e1mite para buscar una soluci\u00f3n parche, como acostumbramos los chilenos\u2026\u201d, coment\u00f3 el diputado refiri\u00e9ndose a que la soluci\u00f3n principal ser\u00eda el contar con una nueva barcaza, en tanto, tambi\u00e9n Alinco Bustos, remarc\u00f3 que \u201cinmediatamente hay que hacer un plan de mantenci\u00f3n del camino, pero no pasarle m\u00e1quinas y venirse a la oficina, la mantenci\u00f3n del camino de ripio tiene que ser permanente\u201d, se\u00f1al\u00f3.<\/p>\n<p style=\"text-align: justify;\">En esa misma l\u00ednea, el parlamentario reclam\u00f3 por el mal estado en el que se encuentra la nave, se\u00f1alando que \u201caqu\u00ed hay responsabilidades de la Seremi de Transportes, de la Seremi de Obras P\u00fablicas y tambi\u00e9n del departamento que corresponda de parte de nuestra Armada. \u00a1Construyen una embarcaci\u00f3n para 25 a\u00f1os y se revienta a los 8, no puede ser\u2026!\u201d, coment\u00f3, a\u00f1adiendo en su relato que comparte la alternativa levantada por el seremi de Transportes y Telecomunicaciones que instruy\u00f3 la salida de buses mientras no se pueda navegar sobre el lago, sin embargo, sostuvo que \u201ctenemos que asegurar el tr\u00e1nsito por territorio chileno, plata hay\u201d, afirm\u00f3 Alinco en referencia a la ejecuci\u00f3n de apenas el 40 % del presupuesto regional, \u201chay aproximadamente 40 mil millones de pesos en las arcas del Gobierno Regional, se podr\u00eda arrendar una barcaza que est\u00e1 felizmente estacionada en Ib\u00e1\u00f1ez, la que se puede usar para alivianar el trabajo de la Pilchero que tiene m\u00e1s de 60 a\u00f1os y deber\u00eda estar ya en un museo, as\u00ed de simple\u2026\u201d.<\/p>\n<\/div><\/section><\/div><\/p>\n<div  style='height:50px' class='hr hr-invisible   avia-builder-el-6  el_after_av_one_full  el_before_av_social_share '><span class='hr-inner ' ><span class='hr-inner-style'><\/span><\/span><\/div>\n<div  class='av-social-sharing-box  avia-builder-el-7  el_after_av_hr  el_before_av_hr  '><div class='av-share-box'><h5 class='av-share-link-description av-no-toc '>Compartir esta noticia<\/h5><ul class='av-share-box-list noLightbox'><li class='av-share-link av-social-link-facebook' ><a target=\"_blank\" aria-label=\"Compartir en Facebook\" href='https:\/\/www.facebook.com\/sharer.php?u=https:\/\/radiorevelacionfm.cl\/?p=9979&#038;t=Parlamentarios%20solicitar%C3%A1n%20que%20se%20declare%20emergencia%20lacustre%20en%20la%20comuna%20de%20Chile%20Chico' aria-hidden='false' data-av_icon='\ue8f3' data-av_iconfont='entypo-fontello' title='' data-avia-related-tooltip='Compartir en Facebook' rel=\"noopener\"><span class='avia_hidden_link_text'>Compartir en Facebook<\/span><\/a><\/li><li class='av-share-link av-social-link-twitter' ><a target=\"_blank\" aria-label=\"Compartir en Twitter\" href='https:\/\/twitter.com\/share?text=Parlamentarios%20solicitar%C3%A1n%20que%20se%20declare%20emergencia%20lacustre%20en%20la%20comuna%20de%20Chile%20Chico&#038;url=https:\/\/radiorevelacionfm.cl\/?p=9979' aria-hidden='false' data-av_icon='\ue8f1' data-av_iconfont='entypo-fontello' title='' data-avia-related-tooltip='Compartir en Twitter' rel=\"noopener\"><span class='avia_hidden_link_text'>Compartir en Twitter<\/span><\/a><\/li><li class='av-share-link av-social-link-whatsapp' ><a target=\"_blank\" aria-label=\"Compartir en Whatsapp\" href='https:\/\/api.whatsapp.com\/send?text=https:\/\/radiorevelacionfm.cl\/?p=9979' aria-hidden='false' data-av_icon='\uf232' data-av_iconfont='entypo-fontello' title='' data-avia-related-tooltip='Compartir en Whatsapp' rel=\"noopener\"><span class='avia_hidden_link_text'>Compartir en Whatsapp<\/span><\/a><\/li><li class='av-share-link av-social-link-linkedin' ><a target=\"_blank\" aria-label=\"Compartir en LinkedIn\" href='https:\/\/linkedin.com\/shareArticle?mini=true&#038;title=Parlamentarios%20solicitar%C3%A1n%20que%20se%20declare%20emergencia%20lacustre%20en%20la%20comuna%20de%20Chile%20Chico&#038;url=https:\/\/radiorevelacionfm.cl\/?p=9979' aria-hidden='false' data-av_icon='\ue8fc' data-av_iconfont='entypo-fontello' title='' data-avia-related-tooltip='Compartir en LinkedIn' rel=\"noopener\"><span class='avia_hidden_link_text'>Compartir en LinkedIn<\/span><\/a><\/li><li class='av-share-link av-social-link-mail' ><a  aria-label=\"Compartir por correo\" href='mailto:?subject=Parlamentarios%20solicitar%C3%A1n%20que%20se%20declare%20emergencia%20lacustre%20en%20la%20comuna%20de%20Chile%20Chico&#038;body=https:\/\/radiorevelacionfm.cl\/?p=9979' aria-hidden='false' data-av_icon='\ue805' data-av_iconfont='entypo-fontello' title='' data-avia-related-tooltip='Compartir por correo'><span class='avia_hidden_link_text'>Compartir por correo<\/span><\/a><\/li><\/ul><\/div><\/div>\n<div  style='height:50px' class='hr hr-invisible   avia-builder-el-8  el_after_av_social_share  el_before_av_comments_list '><span class='hr-inner ' ><span class='hr-inner-style'><\/span><\/span><\/div>\n<div  class='av-buildercomment  av-blog-meta-html-info-disabled av-blog-meta-tag-disabled  '><\/div>\n","protected":false},"excerpt":{"rendered":"","protected":false},"author":1,"featured_media":9981,"comment_status":"open","ping_status":"open","sticky":false,"template":"","format":"standard","meta":{"footnotes":""},"categories":[35],"tags":[],"class_list":["post-9979","post","type-post","status-publish","format-standard","has-post-thumbnail","hentry","category-politica"],"jetpack_featured_media_url":"https:\/\/radiorevelacionfm.cl\/wp-content\/uploads\/2021\/10\/Reunion-CHCH-2021-10-22a-1-1.jpg","_links":{"self":[{"href":"https:\/\/radiorevelacionfm.cl\/index.php?rest_route=\/wp\/v2\/posts\/9979","targetHints":{"allow":["GET"]}}],"collection":[{"href":"https:\/\/radiorevelacionfm.cl\/index.php?rest_route=\/wp\/v2\/posts"}],"about":[{"href":"https:\/\/radiorevelacionfm.cl\/index.php?rest_route=\/wp\/v2\/types\/post"}],"author":[{"embeddable":true,"href":"https:\/\/radiorevelacionfm.cl\/index.php?rest_route=\/wp\/v2\/users\/1"}],"replies":[{"embeddable":true,"href":"https:\/\/radiorevelacionfm.cl\/index.php?rest_route=%2Fwp%2Fv2%2Fcomments&post=9979"}],"version-history":[{"count":2,"href":"https:\/\/radiorevelacionfm.cl\/index.php?rest_route=\/wp\/v2\/posts\/9979\/revisions"}],"predecessor-version":[{"id":9999,"href":"https:\/\/radiorevelacionfm.cl\/index.php?rest_route=\/wp\/v2\/posts\/9979\/revisions\/9999"}],"wp:featuredmedia":[{"embeddable":true,"href":"https:\/\/radiorevelacionfm.cl\/index.php?rest_route=\/wp\/v2\/media\/9981"}],"wp:attachment":[{"href":"https:\/\/radiorevelacionfm.cl\/index.php?rest_route=%2Fwp%2Fv2%2Fmedia&parent=9979"}],"wp:term":[{"taxonomy":"category","embeddable":true,"href":"https:\/\/radiorevelacionfm.cl\/index.php?rest_route=%2Fwp%2Fv2%2Fcategories&post=9979"},{"taxonomy":"post_tag","embeddable":true,"href":"https:\/\/radiorevelacionfm.cl\/index.php?rest_route=%2Fwp%2Fv2%2Ftags&post=9979"}],"curies":[{"name":"wp","href":"https:\/\/api.w.org\/{rel}","templated":true}]}}