{"id":9971,"date":"2021-10-25T12:08:35","date_gmt":"2021-10-25T15:08:35","guid":{"rendered":"https:\/\/radiorevelacionfm.cl\/?p=9971"},"modified":"2021-10-25T12:12:25","modified_gmt":"2021-10-25T15:12:25","slug":"ante-escasez-hidrica-rene-alinco-para-prevenir-el-gobierno-regional-deberia-invertir-en-al-menos-un-camion-aljibes-por-comuna","status":"publish","type":"post","link":"https:\/\/radiorevelacionfm.cl\/?p=9971","title":{"rendered":"Ante escasez h\u00eddrica Ren\u00e9 Alinco: \u201cPara prevenir el Gobierno Regional deber\u00eda invertir en al menos un cami\u00f3n aljibes por comuna\u201d"},"content":{"rendered":"<div class=\"flex_column av_one_full  flex_column_div av-zero-column-padding first  avia-builder-el-0  el_before_av_one_full  avia-builder-el-first  \" style='border-radius:0px; '><div  class='avia-image-container  av-styling-    avia-builder-el-1  avia-builder-el-no-sibling  avia-align-center '  itemprop=\"image\" itemscope=\"itemscope\" itemtype=\"https:\/\/schema.org\/ImageObject\"  ><div class='avia-image-container-inner'><div class='avia-image-overlay-wrap'><img decoding=\"async\" class='wp-image-9974 avia-img-lazy-loading-not-9974 avia_image' src=\"https:\/\/radiorevelacionfm.cl\/wp-content\/uploads\/2021\/10\/Diputado-Alinco_1i-2-1.jpg\" alt='' title='Diputado Alinco_1i (2) (1)' height=\"600\" width=\"800\"  itemprop=\"thumbnailUrl\" srcset=\"https:\/\/radiorevelacionfm.cl\/wp-content\/uploads\/2021\/10\/Diputado-Alinco_1i-2-1.jpg 800w, https:\/\/radiorevelacionfm.cl\/wp-content\/uploads\/2021\/10\/Diputado-Alinco_1i-2-1-300x225.jpg 300w, https:\/\/radiorevelacionfm.cl\/wp-content\/uploads\/2021\/10\/Diputado-Alinco_1i-2-1-768x576.jpg 768w, https:\/\/radiorevelacionfm.cl\/wp-content\/uploads\/2021\/10\/Diputado-Alinco_1i-2-1-705x529.jpg 705w, https:\/\/radiorevelacionfm.cl\/wp-content\/uploads\/2021\/10\/Diputado-Alinco_1i-2-1-600x450.jpg 600w\" sizes=\"(max-width: 800px) 100vw, 800px\" \/><\/div><\/div><\/div><\/div><div class=\"flex_column av_one_full  flex_column_div av-zero-column-padding first  avia-builder-el-2  el_after_av_one_full  el_before_av_one_full  column-top-margin\" style='border-radius:0px; '><section class=\"av_textblock_section \"  itemscope=\"itemscope\" itemtype=\"https:\/\/schema.org\/BlogPosting\" itemprop=\"blogPost\" ><div class='avia_textblock  '   itemprop=\"text\" ><p style=\"text-align: center;\"><strong><span style=\"font-size: 18pt;\">Ante escasez h\u00eddrica Ren\u00e9 Alinco: \u201cPara prevenir el Gobierno Regional deber\u00eda invertir en al menos un cami\u00f3n aljibes por comuna\u201d<\/span><\/strong><\/p>\n<div id=\"gtx-trans\" style=\"position: absolute; left: -50px; top: 4.31534px;\">\n<div class=\"gtx-trans-icon\"><\/div>\n<\/div>\n<\/div><\/section><\/div><\/p>\n<div class=\"flex_column av_one_full  flex_column_div av-zero-column-padding first  avia-builder-el-4  el_after_av_one_full  el_before_av_hr  column-top-margin\" style='border-radius:0px; '><section class=\"av_textblock_section \"  itemscope=\"itemscope\" itemtype=\"https:\/\/schema.org\/BlogPosting\" itemprop=\"blogPost\" ><div class='avia_textblock  '   itemprop=\"text\" ><p style=\"text-align: justify;\">Preocupaci\u00f3n se vive en el sector rural de la regi\u00f3n respecto a la creciente escasez h\u00eddrica que se vive en el pa\u00eds y el mundo. Sin duda, para este sector el agua es un vital elemento, tal como ocurre con la determinaci\u00f3n de garantizar igualmente el derecho al agua para el consumo humano m\u00e1s que privilegiar a empresas puntuales.<\/p>\n<p style=\"text-align: justify;\">En ese sentido es que el diputado Ren\u00e9 Alinco Bustos, integrante de la Comisi\u00f3n Agricultura de la c\u00e1mara baja indic\u00f3 que \u201chemos tenido contacto con campesinos de Galera Chico, Villa Ortega, Lago Polux, etc., por un grave problema que nos va a afectar en los meses de verano, me refiero a la sequ\u00eda\u2026\u201d, sostuvo el parlamentario, se\u00f1alando algo que desde hace d\u00e9cadas pasa nuestro planeta en referencia al calentamiento global y al mal uso y\/o abuso de los recursos naturales, los que sin duda ya est\u00e1n impactando en nuestro d\u00eda a d\u00eda. \u201cNadie puede desconocer que nosotros tambi\u00e9n ya estamos sufriendo esta situaci\u00f3n (calentamiento global), por lo tanto, he planteado en la Comisi\u00f3n de Agricultura y tambi\u00e9n a algunas autoridades regionales para que se tomen las medidas pertinentes, y quiero hacer un llamado a trav\u00e9s de este medio a todas y todos los campesinos de la regi\u00f3n para que prevengamos y tomemos las medidas pertinentes para asegurar este vital elemento tanto para el consumo humano, de animales y para nuestra agricultura regional\u201d, coment\u00f3 Alinco Bustos.<\/p>\n<p style=\"text-align: justify;\">Es importante resaltar que la ca\u00edda de nieve en la regi\u00f3n sigue registrando bajas en comparaci\u00f3n a d\u00e9cadas atr\u00e1s, lo que sin duda preocupa al mundo agricultor local y a la poblaci\u00f3n en general, pues \u201ctodos sabemos que eso significar\u00e1 posible sequ\u00eda en verano\u2026\u201d, afirm\u00f3 el diputado. Y es que para nadie es un secreto que en sector del norte y el centro del pa\u00eds y se vive una preocupante sequ\u00eda, la mayor registrada en seis d\u00e9cadas\u2026Es as\u00ed que el parlamentario coment\u00f3 que no debemos esperar a que esta situaci\u00f3n impacte a Ays\u00e9n, \u201che propuesto en esta comisi\u00f3n y a algunas autoridades que el Gobierno Regional adquiera al menos dos camiones aljibes para enfrentar la sequ\u00eda que se nos viene en los meses de verano\u2026creo que con dos de estos camiones podremos adelantarnos con una soluci\u00f3n temporal para esta situaci\u00f3n de la sequ\u00eda\u201d.<\/p>\n<p style=\"text-align: justify;\">Asimismo, el congresista hizo un llamado a las autoridades del sector para que \u201cde una vez\u201d se instalen soluciones permanentes para \u201ccombatir la sequ\u00eda que seguramente va a venir en los pr\u00f3ximos a\u00f1os\u2026\u201d, enfatiz\u00f3 Alinco Bustos, reiterando un llamado a los campesinos a que se mantengan organizados, \u201cpong\u00e1monos las pilas ahora, porque en el mes de diciembre o enero, a lo mejor va a ser demasiado tarde\u201d, resalt\u00f3 el parlamentario, haciendo un llamado al Gobierno Regional para invertir por lo menos en un cami\u00f3n aljibes por comuna.<\/p>\n<\/div><\/section><\/div>\n<div  style='height:50px' class='hr hr-invisible   avia-builder-el-6  el_after_av_one_full  el_before_av_social_share '><span class='hr-inner ' ><span class='hr-inner-style'><\/span><\/span><\/div>\n<div  class='av-social-sharing-box  avia-builder-el-7  el_after_av_hr  el_before_av_hr  '><div class='av-share-box'><h5 class='av-share-link-description av-no-toc '>Compartir esta noticia<\/h5><ul class='av-share-box-list noLightbox'><li class='av-share-link av-social-link-facebook' ><a target=\"_blank\" aria-label=\"Compartir en Facebook\" href='https:\/\/www.facebook.com\/sharer.php?u=https:\/\/radiorevelacionfm.cl\/?p=9971&#038;t=Ante%20escasez%20h%C3%ADdrica%20Ren%C3%A9%20Alinco%3A%20%E2%80%9CPara%20prevenir%20el%20Gobierno%20Regional%20deber%C3%ADa%20invertir%20en%20al%20menos%20un%20cami%C3%B3n%20aljibes%20por%20comuna%E2%80%9D' aria-hidden='false' data-av_icon='\ue8f3' data-av_iconfont='entypo-fontello' title='' data-avia-related-tooltip='Compartir en Facebook' rel=\"noopener\"><span class='avia_hidden_link_text'>Compartir en Facebook<\/span><\/a><\/li><li class='av-share-link av-social-link-twitter' ><a target=\"_blank\" aria-label=\"Compartir en Twitter\" href='https:\/\/twitter.com\/share?text=Ante%20escasez%20h%C3%ADdrica%20Ren%C3%A9%20Alinco%3A%20%E2%80%9CPara%20prevenir%20el%20Gobierno%20Regional%20deber%C3%ADa%20invertir%20en%20al%20menos%20un%20cami%C3%B3n%20aljibes%20por%20comuna%E2%80%9D&#038;url=https:\/\/radiorevelacionfm.cl\/?p=9971' aria-hidden='false' data-av_icon='\ue8f1' data-av_iconfont='entypo-fontello' title='' data-avia-related-tooltip='Compartir en Twitter' rel=\"noopener\"><span class='avia_hidden_link_text'>Compartir en Twitter<\/span><\/a><\/li><li class='av-share-link av-social-link-whatsapp' ><a target=\"_blank\" aria-label=\"Compartir en Whatsapp\" href='https:\/\/api.whatsapp.com\/send?text=https:\/\/radiorevelacionfm.cl\/?p=9971' aria-hidden='false' data-av_icon='\uf232' data-av_iconfont='entypo-fontello' title='' data-avia-related-tooltip='Compartir en Whatsapp' rel=\"noopener\"><span class='avia_hidden_link_text'>Compartir en Whatsapp<\/span><\/a><\/li><li class='av-share-link av-social-link-linkedin' ><a target=\"_blank\" aria-label=\"Compartir en LinkedIn\" href='https:\/\/linkedin.com\/shareArticle?mini=true&#038;title=Ante%20escasez%20h%C3%ADdrica%20Ren%C3%A9%20Alinco%3A%20%E2%80%9CPara%20prevenir%20el%20Gobierno%20Regional%20deber%C3%ADa%20invertir%20en%20al%20menos%20un%20cami%C3%B3n%20aljibes%20por%20comuna%E2%80%9D&#038;url=https:\/\/radiorevelacionfm.cl\/?p=9971' aria-hidden='false' data-av_icon='\ue8fc' data-av_iconfont='entypo-fontello' title='' data-avia-related-tooltip='Compartir en LinkedIn' rel=\"noopener\"><span class='avia_hidden_link_text'>Compartir en LinkedIn<\/span><\/a><\/li><li class='av-share-link av-social-link-mail' ><a  aria-label=\"Compartir por correo\" href='mailto:?subject=Ante%20escasez%20h%C3%ADdrica%20Ren%C3%A9%20Alinco%3A%20%E2%80%9CPara%20prevenir%20el%20Gobierno%20Regional%20deber%C3%ADa%20invertir%20en%20al%20menos%20un%20cami%C3%B3n%20aljibes%20por%20comuna%E2%80%9D&#038;body=https:\/\/radiorevelacionfm.cl\/?p=9971' aria-hidden='false' data-av_icon='\ue805' data-av_iconfont='entypo-fontello' title='' data-avia-related-tooltip='Compartir por correo'><span class='avia_hidden_link_text'>Compartir por correo<\/span><\/a><\/li><\/ul><\/div><\/div>\n<div  style='height:50px' class='hr hr-invisible   avia-builder-el-8  el_after_av_social_share  el_before_av_comments_list '><span class='hr-inner ' ><span class='hr-inner-style'><\/span><\/span><\/div>\n<div  class='av-buildercomment  av-blog-meta-html-info-disabled av-blog-meta-tag-disabled  '><\/div>\n","protected":false},"excerpt":{"rendered":"","protected":false},"author":1,"featured_media":9974,"comment_status":"open","ping_status":"open","sticky":false,"template":"","format":"standard","meta":{"footnotes":""},"categories":[35],"tags":[],"class_list":["post-9971","post","type-post","status-publish","format-standard","has-post-thumbnail","hentry","category-politica"],"jetpack_featured_media_url":"https:\/\/radiorevelacionfm.cl\/wp-content\/uploads\/2021\/10\/Diputado-Alinco_1i-2-1.jpg","_links":{"self":[{"href":"https:\/\/radiorevelacionfm.cl\/index.php?rest_route=\/wp\/v2\/posts\/9971","targetHints":{"allow":["GET"]}}],"collection":[{"href":"https:\/\/radiorevelacionfm.cl\/index.php?rest_route=\/wp\/v2\/posts"}],"about":[{"href":"https:\/\/radiorevelacionfm.cl\/index.php?rest_route=\/wp\/v2\/types\/post"}],"author":[{"embeddable":true,"href":"https:\/\/radiorevelacionfm.cl\/index.php?rest_route=\/wp\/v2\/users\/1"}],"replies":[{"embeddable":true,"href":"https:\/\/radiorevelacionfm.cl\/index.php?rest_route=%2Fwp%2Fv2%2Fcomments&post=9971"}],"version-history":[{"count":2,"href":"https:\/\/radiorevelacionfm.cl\/index.php?rest_route=\/wp\/v2\/posts\/9971\/revisions"}],"predecessor-version":[{"id":9975,"href":"https:\/\/radiorevelacionfm.cl\/index.php?rest_route=\/wp\/v2\/posts\/9971\/revisions\/9975"}],"wp:featuredmedia":[{"embeddable":true,"href":"https:\/\/radiorevelacionfm.cl\/index.php?rest_route=\/wp\/v2\/media\/9974"}],"wp:attachment":[{"href":"https:\/\/radiorevelacionfm.cl\/index.php?rest_route=%2Fwp%2Fv2%2Fmedia&parent=9971"}],"wp:term":[{"taxonomy":"category","embeddable":true,"href":"https:\/\/radiorevelacionfm.cl\/index.php?rest_route=%2Fwp%2Fv2%2Fcategories&post=9971"},{"taxonomy":"post_tag","embeddable":true,"href":"https:\/\/radiorevelacionfm.cl\/index.php?rest_route=%2Fwp%2Fv2%2Ftags&post=9971"}],"curies":[{"name":"wp","href":"https:\/\/api.w.org\/{rel}","templated":true}]}}