{"id":9968,"date":"2021-10-25T11:44:13","date_gmt":"2021-10-25T14:44:13","guid":{"rendered":"https:\/\/radiorevelacionfm.cl\/?p=9968"},"modified":"2021-10-25T11:44:13","modified_gmt":"2021-10-25T14:44:13","slug":"con-alta-participacion-ciudadana-entregan-plan-de-desarrollo-territorial-para-la-comuna-de-cisnes","status":"publish","type":"post","link":"https:\/\/radiorevelacionfm.cl\/?p=9968","title":{"rendered":"Con alta participaci\u00f3n ciudadana entregan Plan de Desarrollo Territorial para la comuna de Cisnes"},"content":{"rendered":"<div class=\"flex_column av_one_full  flex_column_div av-zero-column-padding first  avia-builder-el-0  el_before_av_one_full  avia-builder-el-first  \" style='border-radius:0px; '><div  class='avia-image-container  av-styling-    avia-builder-el-1  avia-builder-el-no-sibling  avia-align-center '  itemprop=\"image\" itemscope=\"itemscope\" itemtype=\"https:\/\/schema.org\/ImageObject\"  ><div class='avia-image-container-inner'><div class='avia-image-overlay-wrap'><img decoding=\"async\" class='wp-image-9969 avia-img-lazy-loading-not-9969 avia_image' src=\"https:\/\/radiorevelacionfm.cl\/wp-content\/uploads\/2021\/10\/Cisnes-3a-1-1.jpg\" alt='' title='Cisnes 3a (1) (1)' height=\"600\" width=\"1034\"  itemprop=\"thumbnailUrl\" srcset=\"https:\/\/radiorevelacionfm.cl\/wp-content\/uploads\/2021\/10\/Cisnes-3a-1-1.jpg 1034w, https:\/\/radiorevelacionfm.cl\/wp-content\/uploads\/2021\/10\/Cisnes-3a-1-1-300x174.jpg 300w, https:\/\/radiorevelacionfm.cl\/wp-content\/uploads\/2021\/10\/Cisnes-3a-1-1-1030x598.jpg 1030w, https:\/\/radiorevelacionfm.cl\/wp-content\/uploads\/2021\/10\/Cisnes-3a-1-1-768x446.jpg 768w, https:\/\/radiorevelacionfm.cl\/wp-content\/uploads\/2021\/10\/Cisnes-3a-1-1-705x409.jpg 705w, https:\/\/radiorevelacionfm.cl\/wp-content\/uploads\/2021\/10\/Cisnes-3a-1-1-600x348.jpg 600w\" sizes=\"(max-width: 1034px) 100vw, 1034px\" \/><\/div><\/div><\/div><\/div><div class=\"flex_column av_one_full  flex_column_div av-zero-column-padding first  avia-builder-el-2  el_after_av_one_full  el_before_av_one_full  column-top-margin\" style='border-radius:0px; '><section class=\"av_textblock_section \"  itemscope=\"itemscope\" itemtype=\"https:\/\/schema.org\/BlogPosting\" itemprop=\"blogPost\" ><div class='avia_textblock  '   itemprop=\"text\" ><p style=\"text-align: center;\"><strong><span style=\"font-size: 18pt;\">Con alta participaci\u00f3n ciudadana entregan Plan de Desarrollo Territorial para la comuna de Cisnes <\/span><\/strong><\/p>\n<div id=\"gtx-trans\" style=\"position: absolute; left: -50px; top: 4.31534px;\">\n<div class=\"gtx-trans-icon\"><\/div>\n<\/div>\n<\/div><\/section><\/div><div class=\"flex_column av_one_full  flex_column_div av-zero-column-padding first  avia-builder-el-4  el_after_av_one_full  el_before_av_hr  column-top-margin\" style='border-radius:0px; '><section class=\"av_textblock_section \"  itemscope=\"itemscope\" itemtype=\"https:\/\/schema.org\/BlogPosting\" itemprop=\"blogPost\" ><div class='avia_textblock  '   itemprop=\"text\" ><p style=\"text-align: justify;\">Durante la semana reci\u00e9n pasada se desarroll\u00f3 en Puerto Cisnes la entrega oficial del trabajo que durante dos a\u00f1os realizaron equipos profesionales junto a vecinos y vecinas que identificaron las necesidades de todo el sector litoral de la comuna.<\/p>\n<p style=\"text-align: justify;\">El documento oficial, que contiene la hoja de ruta en cuanto a proyectos de inversi\u00f3n que buscar\u00e1n materializarse, fue presentado por la m\u00e1xima autoridad regional, Gobernadora Andrea Mac\u00edas Palma al Alcalde Francisco Roncagliolo, el Honorable Concejo Municipal y vecinos participantes del n\u00facleo gestor.<\/p>\n<p style=\"text-align: justify;\">\u00abEstamos contentos porque esta es una iniciativa que finalmente se traduce en una cartera de inversi\u00f3n proyectada, que viene a decirnos cuales son las necesidades que hoy d\u00eda existen en el litoral, como las vamos priorizando y tambi\u00e9n poni\u00e9ndoles un precio a ello, para ver cu\u00e1nta es la inversi\u00f3n que se requiere se ejecute desde el Estado, para poder prosperar en cada una de estas iniciativas\u00bb, afirm\u00f3 la Gobernadora Mac\u00edas.<\/p>\n<p style=\"text-align: justify;\">En la oportunidad tambi\u00e9n estuvo presente el Consejero Regional de la Provincia de Ays\u00e9n, Sergio Gonz\u00e1lez, qui\u00e9n valor\u00f3 el trabajo ininterrumpido que llevaron a cabo los equipos profesionales para dar cumplimiento al plan.<\/p>\n<p style=\"text-align: justify;\">\u00abQuiero felicitar al equipo del Gobierno Regional, al equipo del Municipio de Cisnes y al n\u00facleo gestor con los cuales tambi\u00e9n estuvimos reunidos. Ellos han logrado identificar las brechas que existen para poder realizar un plan de desarrollo de todo lo que es nuestro litoral. Han hecho un trabajo claro y desde los distintos proyectos de infraestructura y programas que se desarrollar\u00e1n, se van a poder dise\u00f1ar proyectos futuros para que pasen a votaci\u00f3n del Consejo Regional para ser financiados a trav\u00e9s de un FNDR o ya sea por el nivel sectorial\u00bb, dijo Gonz\u00e1lez.<\/p>\n<p style=\"text-align: justify;\">Para la construcci\u00f3n de este Plan Marco de Desarrollo Territorial (PMDT) se realiz\u00f3 una importante vinculaci\u00f3n con la comunidad donde vecinos y vecinas pudieron definir sus prioridades y urgencias. Para Blanca Morras, vecina de Puerto Cisnes: \u00abApuesto por la forma de trabajo, muy contenta de que este trabajo se realice y espero no quede en un proyecto m\u00e1s. Queremos ver resultados y salir adelante\u00bb.<\/p>\n<p style=\"text-align: justify;\">Finalmente, la Gobernadora Mac\u00edas recalc\u00f3 la participaci\u00f3n ciudadana como pol\u00edtica de funcionamiento de todos los proyectos del Gobierno Regional. \u00abExisti\u00f3 un trabajo muy participativo desde el territorio y eso es lo que debemos rescatar. Cuando es el territorio quien propone sus propias soluciones, lo visualizamos como un trabajo conjunto\u00bb.<\/p>\n<div><\/div>\n<\/div><\/section><\/div><div  style='height:50px' class='hr hr-invisible   avia-builder-el-6  el_after_av_one_full  el_before_av_social_share '><span class='hr-inner ' ><span class='hr-inner-style'><\/span><\/span><\/div><\/p>\n<div  class='av-social-sharing-box  avia-builder-el-7  el_after_av_hr  el_before_av_hr  '><div class='av-share-box'><h5 class='av-share-link-description av-no-toc '>Compartir esta noticia<\/h5><ul class='av-share-box-list noLightbox'><li class='av-share-link av-social-link-facebook' ><a target=\"_blank\" aria-label=\"Compartir en Facebook\" href='https:\/\/www.facebook.com\/sharer.php?u=https:\/\/radiorevelacionfm.cl\/?p=9968&#038;t=Con%20alta%20participaci%C3%B3n%20ciudadana%20entregan%20Plan%20de%20Desarrollo%20Territorial%20para%20la%20comuna%20de%20Cisnes' aria-hidden='false' data-av_icon='\ue8f3' data-av_iconfont='entypo-fontello' title='' data-avia-related-tooltip='Compartir en Facebook' rel=\"noopener\"><span class='avia_hidden_link_text'>Compartir en Facebook<\/span><\/a><\/li><li class='av-share-link av-social-link-twitter' ><a target=\"_blank\" aria-label=\"Compartir en Twitter\" href='https:\/\/twitter.com\/share?text=Con%20alta%20participaci%C3%B3n%20ciudadana%20entregan%20Plan%20de%20Desarrollo%20Territorial%20para%20la%20comuna%20de%20Cisnes&#038;url=https:\/\/radiorevelacionfm.cl\/?p=9968' aria-hidden='false' data-av_icon='\ue8f1' data-av_iconfont='entypo-fontello' title='' data-avia-related-tooltip='Compartir en Twitter' rel=\"noopener\"><span class='avia_hidden_link_text'>Compartir en Twitter<\/span><\/a><\/li><li class='av-share-link av-social-link-whatsapp' ><a target=\"_blank\" aria-label=\"Compartir en Whatsapp\" href='https:\/\/api.whatsapp.com\/send?text=https:\/\/radiorevelacionfm.cl\/?p=9968' aria-hidden='false' data-av_icon='\uf232' data-av_iconfont='entypo-fontello' title='' data-avia-related-tooltip='Compartir en Whatsapp' rel=\"noopener\"><span class='avia_hidden_link_text'>Compartir en Whatsapp<\/span><\/a><\/li><li class='av-share-link av-social-link-linkedin' ><a target=\"_blank\" aria-label=\"Compartir en LinkedIn\" href='https:\/\/linkedin.com\/shareArticle?mini=true&#038;title=Con%20alta%20participaci%C3%B3n%20ciudadana%20entregan%20Plan%20de%20Desarrollo%20Territorial%20para%20la%20comuna%20de%20Cisnes&#038;url=https:\/\/radiorevelacionfm.cl\/?p=9968' aria-hidden='false' data-av_icon='\ue8fc' data-av_iconfont='entypo-fontello' title='' data-avia-related-tooltip='Compartir en LinkedIn' rel=\"noopener\"><span class='avia_hidden_link_text'>Compartir en LinkedIn<\/span><\/a><\/li><li class='av-share-link av-social-link-mail' ><a  aria-label=\"Compartir por correo\" href='mailto:?subject=Con%20alta%20participaci%C3%B3n%20ciudadana%20entregan%20Plan%20de%20Desarrollo%20Territorial%20para%20la%20comuna%20de%20Cisnes&#038;body=https:\/\/radiorevelacionfm.cl\/?p=9968' aria-hidden='false' data-av_icon='\ue805' data-av_iconfont='entypo-fontello' title='' data-avia-related-tooltip='Compartir por correo'><span class='avia_hidden_link_text'>Compartir por correo<\/span><\/a><\/li><\/ul><\/div><\/div>\n<div  style='height:50px' class='hr hr-invisible   avia-builder-el-8  el_after_av_social_share  el_before_av_comments_list '><span class='hr-inner ' ><span class='hr-inner-style'><\/span><\/span><\/div>\n<div  class='av-buildercomment  av-blog-meta-html-info-disabled av-blog-meta-tag-disabled  '><\/div>\n","protected":false},"excerpt":{"rendered":"","protected":false},"author":1,"featured_media":9969,"comment_status":"open","ping_status":"open","sticky":false,"template":"","format":"standard","meta":{"footnotes":""},"categories":[38],"tags":[],"class_list":["post-9968","post","type-post","status-publish","format-standard","has-post-thumbnail","hentry","category-regional"],"jetpack_featured_media_url":"https:\/\/radiorevelacionfm.cl\/wp-content\/uploads\/2021\/10\/Cisnes-3a-1-1.jpg","_links":{"self":[{"href":"https:\/\/radiorevelacionfm.cl\/index.php?rest_route=\/wp\/v2\/posts\/9968","targetHints":{"allow":["GET"]}}],"collection":[{"href":"https:\/\/radiorevelacionfm.cl\/index.php?rest_route=\/wp\/v2\/posts"}],"about":[{"href":"https:\/\/radiorevelacionfm.cl\/index.php?rest_route=\/wp\/v2\/types\/post"}],"author":[{"embeddable":true,"href":"https:\/\/radiorevelacionfm.cl\/index.php?rest_route=\/wp\/v2\/users\/1"}],"replies":[{"embeddable":true,"href":"https:\/\/radiorevelacionfm.cl\/index.php?rest_route=%2Fwp%2Fv2%2Fcomments&post=9968"}],"version-history":[{"count":1,"href":"https:\/\/radiorevelacionfm.cl\/index.php?rest_route=\/wp\/v2\/posts\/9968\/revisions"}],"predecessor-version":[{"id":9970,"href":"https:\/\/radiorevelacionfm.cl\/index.php?rest_route=\/wp\/v2\/posts\/9968\/revisions\/9970"}],"wp:featuredmedia":[{"embeddable":true,"href":"https:\/\/radiorevelacionfm.cl\/index.php?rest_route=\/wp\/v2\/media\/9969"}],"wp:attachment":[{"href":"https:\/\/radiorevelacionfm.cl\/index.php?rest_route=%2Fwp%2Fv2%2Fmedia&parent=9968"}],"wp:term":[{"taxonomy":"category","embeddable":true,"href":"https:\/\/radiorevelacionfm.cl\/index.php?rest_route=%2Fwp%2Fv2%2Fcategories&post=9968"},{"taxonomy":"post_tag","embeddable":true,"href":"https:\/\/radiorevelacionfm.cl\/index.php?rest_route=%2Fwp%2Fv2%2Ftags&post=9968"}],"curies":[{"name":"wp","href":"https:\/\/api.w.org\/{rel}","templated":true}]}}