{"id":9964,"date":"2021-10-25T09:53:08","date_gmt":"2021-10-25T12:53:08","guid":{"rendered":"https:\/\/radiorevelacionfm.cl\/?p=9964"},"modified":"2021-10-25T09:53:08","modified_gmt":"2021-10-25T12:53:08","slug":"exitosamente-se-llevo-a-cabo-la-tercera-version-de-la-jornada-de-oportunidades-academicas-de-liceo-manihuales","status":"publish","type":"post","link":"https:\/\/radiorevelacionfm.cl\/?p=9964","title":{"rendered":"Exitosamente se llev\u00f3 a cabo la tercera versi\u00f3n de la \u201cJornada de Oportunidades Acad\u00e9micas\u201d de Liceo Ma\u00f1ihuales"},"content":{"rendered":"<div class=\"flex_column av_one_full  flex_column_div av-zero-column-padding first  avia-builder-el-0  el_before_av_one_full  avia-builder-el-first  \" style='border-radius:0px; '><div  class='avia-image-container  av-styling-    avia-builder-el-1  avia-builder-el-no-sibling  avia-align-center '  itemprop=\"image\" itemscope=\"itemscope\" itemtype=\"https:\/\/schema.org\/ImageObject\"  ><div class='avia-image-container-inner'><div class='avia-image-overlay-wrap'><img decoding=\"async\" class='wp-image-9965 avia-img-lazy-loading-not-9965 avia_image' src=\"https:\/\/radiorevelacionfm.cl\/wp-content\/uploads\/2021\/10\/Liceo-Manihuales_1-1-1.jpg\" alt='' title='Liceo Ma\u00f1ihuales_1 (1) (1)' height=\"600\" width=\"1067\"  itemprop=\"thumbnailUrl\" srcset=\"https:\/\/radiorevelacionfm.cl\/wp-content\/uploads\/2021\/10\/Liceo-Manihuales_1-1-1.jpg 1067w, https:\/\/radiorevelacionfm.cl\/wp-content\/uploads\/2021\/10\/Liceo-Manihuales_1-1-1-300x169.jpg 300w, https:\/\/radiorevelacionfm.cl\/wp-content\/uploads\/2021\/10\/Liceo-Manihuales_1-1-1-1030x579.jpg 1030w, https:\/\/radiorevelacionfm.cl\/wp-content\/uploads\/2021\/10\/Liceo-Manihuales_1-1-1-768x432.jpg 768w, https:\/\/radiorevelacionfm.cl\/wp-content\/uploads\/2021\/10\/Liceo-Manihuales_1-1-1-705x396.jpg 705w, https:\/\/radiorevelacionfm.cl\/wp-content\/uploads\/2021\/10\/Liceo-Manihuales_1-1-1-600x337.jpg 600w\" sizes=\"(max-width: 1067px) 100vw, 1067px\" \/><\/div><\/div><\/div><\/div><div class=\"flex_column av_one_full  flex_column_div av-zero-column-padding first  avia-builder-el-2  el_after_av_one_full  el_before_av_one_full  column-top-margin\" style='border-radius:0px; '><section class=\"av_textblock_section \"  itemscope=\"itemscope\" itemtype=\"https:\/\/schema.org\/BlogPosting\" itemprop=\"blogPost\" ><div class='avia_textblock  '   itemprop=\"text\" ><p style=\"text-align: center;\"><strong><span style=\"font-size: 18pt;\">Exitosamente se llev\u00f3 a cabo la tercera versi\u00f3n de la \u201cJornada de Oportunidades Acad\u00e9micas\u201d de Liceo Ma\u00f1ihuales<\/span><\/strong><\/p>\n<div id=\"gtx-trans\" style=\"position: absolute; left: -50px; top: 4.31534px;\">\n<div class=\"gtx-trans-icon\"><\/div>\n<\/div>\n<\/div><\/section><\/div><div class=\"flex_column av_one_full  flex_column_div av-zero-column-padding first  avia-builder-el-4  el_after_av_one_full  el_before_av_hr  column-top-margin\" style='border-radius:0px; '><section class=\"av_textblock_section \"  itemscope=\"itemscope\" itemtype=\"https:\/\/schema.org\/BlogPosting\" itemprop=\"blogPost\" ><div class='avia_textblock  '   itemprop=\"text\" ><p style=\"text-align: justify;\">Por tercer a\u00f1o consecutivo el Liceo Ma\u00f1ihuales realiz\u00f3 Feria de Educaci\u00f3n Superior, denominada \u201cJornada de Oportunidades Acad\u00e9micas\u201d, que en esta nueva versi\u00f3n cont\u00f3 con la participaci\u00f3n de instituciones de educaci\u00f3n superior, como son Universidad de Ays\u00e9n, Universidad Austral de Chile y Universidad de los Lagos, quienes tuvieron la misi\u00f3n de informar y orientar a estudiantes sus familias respecto a la oferta acad\u00e9mica existente en universidades, institutos profesionales y centros de formaci\u00f3n t\u00e9cnica.<\/p>\n<p style=\"text-align: justify;\">De esta manera, quienes arribaron hasta el gimnasio del liceo Ma\u00f1ihuales pudieron obtener importante informaci\u00f3n referente a carreras, mallas acad\u00e9micas, sedes, aranceles y campo laboral, entre otros.<\/p>\n<p style=\"text-align: justify;\">Asimismo, y dado la relevancia de mostrar el abanico completo de alternativas formadoras para los alumnos y alumnas que egresen de cuarto medio, se dieron cita en la localidad representantes de Gendarmer\u00eda de Chile, Ej\u00e9rcito, Carabineros y Polic\u00eda de Investigaciones, quienes a trav\u00e9s de stand y material informativo acercaron sus entidades hasta los estudiantes, para resolver sus dudas y responder inquietudes.<\/p>\n<p style=\"text-align: justify;\">Al respecto, \u201cquisimos hacer esta tercera versi\u00f3n de la jornada para mostrar las posibilidades acad\u00e9micas de continuidad de estudios o de formaci\u00f3n que puedan tener nuestros estudiantes cuando salgan de cuartos medios. Fue as\u00ed que tuvieron la oportunidad de conocer algunas entidades como institutos y\/o universidades que se encuentran en nuestra regi\u00f3n. La idea era adem\u00e1s acercar las instituciones, por ejemplo, fue primera vez que tuvimos a Gendarmer\u00eda visit\u00e1ndonos\u201d, indic\u00f3 Pablo Rodr\u00edguez, jefe de la Unidad T\u00e9cnico Pedag\u00f3gica del Liceo Ma\u00f1ihuales.<\/p>\n<p style=\"text-align: justify;\">El profesional relev\u00f3 esta instancia, realizando un positivo balance al respecto. \u201cFue una muy buena experiencia. Tuvimos gran interacci\u00f3n de nuestros estudiantes donde tuvieron la oportunidad de preguntar todas las posibilidades que tienen, recibieron folleter\u00eda, hicieron acercamientos con las instituciones de forma directa, lo cual es positivo porque estamos dando la posibilidad de que las instituciones vengan hasta ac\u00e1 siendo que la mayor\u00eda son de Coyhaique, lo que muchas veces complica para asistir, as\u00ed que felices como comunidad educativa\u201d, culmin\u00f3.<\/p>\n<\/div><\/section><\/div><div  style='height:50px' class='hr hr-invisible   avia-builder-el-6  el_after_av_one_full  el_before_av_social_share '><span class='hr-inner ' ><span class='hr-inner-style'><\/span><\/span><\/div><\/p>\n<div  class='av-social-sharing-box  avia-builder-el-7  el_after_av_hr  el_before_av_hr  '><div class='av-share-box'><h5 class='av-share-link-description av-no-toc '>Compartir esta noticia<\/h5><ul class='av-share-box-list noLightbox'><li class='av-share-link av-social-link-facebook' ><a target=\"_blank\" aria-label=\"Compartir en Facebook\" href='https:\/\/www.facebook.com\/sharer.php?u=https:\/\/radiorevelacionfm.cl\/?p=9964&#038;t=Exitosamente%20se%20llev%C3%B3%20a%20cabo%20la%20tercera%20versi%C3%B3n%20de%20la%20%E2%80%9CJornada%20de%20Oportunidades%20Acad%C3%A9micas%E2%80%9D%20de%20Liceo%20Ma%C3%B1ihuales' aria-hidden='false' data-av_icon='\ue8f3' data-av_iconfont='entypo-fontello' title='' data-avia-related-tooltip='Compartir en Facebook' rel=\"noopener\"><span class='avia_hidden_link_text'>Compartir en Facebook<\/span><\/a><\/li><li class='av-share-link av-social-link-twitter' ><a target=\"_blank\" aria-label=\"Compartir en Twitter\" href='https:\/\/twitter.com\/share?text=Exitosamente%20se%20llev%C3%B3%20a%20cabo%20la%20tercera%20versi%C3%B3n%20de%20la%20%E2%80%9CJornada%20de%20Oportunidades%20Acad%C3%A9micas%E2%80%9D%20de%20Liceo%20Ma%C3%B1ihuales&#038;url=https:\/\/radiorevelacionfm.cl\/?p=9964' aria-hidden='false' data-av_icon='\ue8f1' data-av_iconfont='entypo-fontello' title='' data-avia-related-tooltip='Compartir en Twitter' rel=\"noopener\"><span class='avia_hidden_link_text'>Compartir en Twitter<\/span><\/a><\/li><li class='av-share-link av-social-link-whatsapp' ><a target=\"_blank\" aria-label=\"Compartir en Whatsapp\" href='https:\/\/api.whatsapp.com\/send?text=https:\/\/radiorevelacionfm.cl\/?p=9964' aria-hidden='false' data-av_icon='\uf232' data-av_iconfont='entypo-fontello' title='' data-avia-related-tooltip='Compartir en Whatsapp' rel=\"noopener\"><span class='avia_hidden_link_text'>Compartir en Whatsapp<\/span><\/a><\/li><li class='av-share-link av-social-link-linkedin' ><a target=\"_blank\" aria-label=\"Compartir en LinkedIn\" href='https:\/\/linkedin.com\/shareArticle?mini=true&#038;title=Exitosamente%20se%20llev%C3%B3%20a%20cabo%20la%20tercera%20versi%C3%B3n%20de%20la%20%E2%80%9CJornada%20de%20Oportunidades%20Acad%C3%A9micas%E2%80%9D%20de%20Liceo%20Ma%C3%B1ihuales&#038;url=https:\/\/radiorevelacionfm.cl\/?p=9964' aria-hidden='false' data-av_icon='\ue8fc' data-av_iconfont='entypo-fontello' title='' data-avia-related-tooltip='Compartir en LinkedIn' rel=\"noopener\"><span class='avia_hidden_link_text'>Compartir en LinkedIn<\/span><\/a><\/li><li class='av-share-link av-social-link-mail' ><a  aria-label=\"Compartir por correo\" href='mailto:?subject=Exitosamente%20se%20llev%C3%B3%20a%20cabo%20la%20tercera%20versi%C3%B3n%20de%20la%20%E2%80%9CJornada%20de%20Oportunidades%20Acad%C3%A9micas%E2%80%9D%20de%20Liceo%20Ma%C3%B1ihuales&#038;body=https:\/\/radiorevelacionfm.cl\/?p=9964' aria-hidden='false' data-av_icon='\ue805' data-av_iconfont='entypo-fontello' title='' data-avia-related-tooltip='Compartir por correo'><span class='avia_hidden_link_text'>Compartir por correo<\/span><\/a><\/li><\/ul><\/div><\/div>\n<div  style='height:50px' class='hr hr-invisible   avia-builder-el-8  el_after_av_social_share  el_before_av_comments_list '><span class='hr-inner ' ><span class='hr-inner-style'><\/span><\/span><\/div>\n<div  class='av-buildercomment  av-blog-meta-html-info-disabled av-blog-meta-tag-disabled  '><\/div>\n","protected":false},"excerpt":{"rendered":"","protected":false},"author":1,"featured_media":9965,"comment_status":"open","ping_status":"open","sticky":false,"template":"","format":"standard","meta":{"footnotes":""},"categories":[38],"tags":[],"class_list":["post-9964","post","type-post","status-publish","format-standard","has-post-thumbnail","hentry","category-regional"],"jetpack_featured_media_url":"https:\/\/radiorevelacionfm.cl\/wp-content\/uploads\/2021\/10\/Liceo-Manihuales_1-1-1.jpg","_links":{"self":[{"href":"https:\/\/radiorevelacionfm.cl\/index.php?rest_route=\/wp\/v2\/posts\/9964","targetHints":{"allow":["GET"]}}],"collection":[{"href":"https:\/\/radiorevelacionfm.cl\/index.php?rest_route=\/wp\/v2\/posts"}],"about":[{"href":"https:\/\/radiorevelacionfm.cl\/index.php?rest_route=\/wp\/v2\/types\/post"}],"author":[{"embeddable":true,"href":"https:\/\/radiorevelacionfm.cl\/index.php?rest_route=\/wp\/v2\/users\/1"}],"replies":[{"embeddable":true,"href":"https:\/\/radiorevelacionfm.cl\/index.php?rest_route=%2Fwp%2Fv2%2Fcomments&post=9964"}],"version-history":[{"count":1,"href":"https:\/\/radiorevelacionfm.cl\/index.php?rest_route=\/wp\/v2\/posts\/9964\/revisions"}],"predecessor-version":[{"id":9966,"href":"https:\/\/radiorevelacionfm.cl\/index.php?rest_route=\/wp\/v2\/posts\/9964\/revisions\/9966"}],"wp:featuredmedia":[{"embeddable":true,"href":"https:\/\/radiorevelacionfm.cl\/index.php?rest_route=\/wp\/v2\/media\/9965"}],"wp:attachment":[{"href":"https:\/\/radiorevelacionfm.cl\/index.php?rest_route=%2Fwp%2Fv2%2Fmedia&parent=9964"}],"wp:term":[{"taxonomy":"category","embeddable":true,"href":"https:\/\/radiorevelacionfm.cl\/index.php?rest_route=%2Fwp%2Fv2%2Fcategories&post=9964"},{"taxonomy":"post_tag","embeddable":true,"href":"https:\/\/radiorevelacionfm.cl\/index.php?rest_route=%2Fwp%2Fv2%2Ftags&post=9964"}],"curies":[{"name":"wp","href":"https:\/\/api.w.org\/{rel}","templated":true}]}}