{"id":9960,"date":"2021-10-24T16:27:08","date_gmt":"2021-10-24T19:27:08","guid":{"rendered":"https:\/\/radiorevelacionfm.cl\/?p=9960"},"modified":"2021-10-24T16:27:08","modified_gmt":"2021-10-24T19:27:08","slug":"convenio-entre-sernatur-y-municipio-permitira-potenciar-el-turismo-en-la-comuna-de-lago-verde","status":"publish","type":"post","link":"https:\/\/radiorevelacionfm.cl\/?p=9960","title":{"rendered":"Convenio entre Sernatur y Municipio permitir\u00e1 potenciar el turismo en la comuna de Lago Verde"},"content":{"rendered":"<div class=\"flex_column av_one_full  flex_column_div av-zero-column-padding first  avia-builder-el-0  el_before_av_one_full  avia-builder-el-first  \" style='border-radius:0px; '><div  class='avia-image-container  av-styling-    avia-builder-el-1  avia-builder-el-no-sibling  avia-align-center '  itemprop=\"image\" itemscope=\"itemscope\" itemtype=\"https:\/\/schema.org\/ImageObject\"  ><div class='avia-image-container-inner'><div class='avia-image-overlay-wrap'><img decoding=\"async\" class='wp-image-9962 avia-img-lazy-loading-not-9962 avia_image' src=\"https:\/\/radiorevelacionfm.cl\/wp-content\/uploads\/2021\/10\/SERNATUR-LAGO-VERDE-1-1.jpeg\" alt='' title='SERNATUR LAGO VERDE 1 (1)' height=\"600\" width=\"799\"  itemprop=\"thumbnailUrl\" srcset=\"https:\/\/radiorevelacionfm.cl\/wp-content\/uploads\/2021\/10\/SERNATUR-LAGO-VERDE-1-1.jpeg 799w, https:\/\/radiorevelacionfm.cl\/wp-content\/uploads\/2021\/10\/SERNATUR-LAGO-VERDE-1-1-300x225.jpeg 300w, https:\/\/radiorevelacionfm.cl\/wp-content\/uploads\/2021\/10\/SERNATUR-LAGO-VERDE-1-1-768x577.jpeg 768w, https:\/\/radiorevelacionfm.cl\/wp-content\/uploads\/2021\/10\/SERNATUR-LAGO-VERDE-1-1-705x529.jpeg 705w, https:\/\/radiorevelacionfm.cl\/wp-content\/uploads\/2021\/10\/SERNATUR-LAGO-VERDE-1-1-600x451.jpeg 600w\" sizes=\"(max-width: 799px) 100vw, 799px\" \/><\/div><\/div><\/div><\/div><div class=\"flex_column av_one_full  flex_column_div av-zero-column-padding first  avia-builder-el-2  el_after_av_one_full  el_before_av_one_full  column-top-margin\" style='border-radius:0px; '><section class=\"av_textblock_section \"  itemscope=\"itemscope\" itemtype=\"https:\/\/schema.org\/BlogPosting\" itemprop=\"blogPost\" ><div class='avia_textblock  '   itemprop=\"text\" ><p style=\"text-align: center;\"><strong><span style=\"font-size: 18pt;\">Convenio entre Sernatur y Municipio permitir\u00e1 potenciar el turismo en la comuna de Lago Verde<\/span><\/strong><\/p>\n<div id=\"gtx-trans\" style=\"position: absolute; left: -50px; top: 4.31534px;\">\n<div class=\"gtx-trans-icon\"><\/div>\n<\/div>\n<\/div><\/section><\/div><div class=\"flex_column av_one_full  flex_column_div av-zero-column-padding first  avia-builder-el-4  el_after_av_one_full  el_before_av_hr  column-top-margin\" style='border-radius:0px; '><section class=\"av_textblock_section \"  itemscope=\"itemscope\" itemtype=\"https:\/\/schema.org\/BlogPosting\" itemprop=\"blogPost\" ><div class='avia_textblock  '   itemprop=\"text\" ><p style=\"text-align: justify;\">En la localidad de La Junta, se reuni\u00f3 la Directora Nacional de Sernatur, Andrea Wolleter, con los Alcalde de la zona de norte de la regi\u00f3n de Ays\u00e9n, entre ellos, la m\u00e1xima autoridad de la comuna de Lago Verde, Nelson Opazo L\u00f3pez.<\/p>\n<p style=\"text-align: justify;\">En el encuentro se fij\u00f3 un acuerdo de trabajo, con el fin de potenciar un \u00e1rea que ha crecido considerablemente en el territorio como es el turismo. Instancia donde se materializa adem\u00e1s, el traspaso de recursos que permitir\u00e1n realizar actividades de verano.<\/p>\n<p style=\"text-align: justify;\">Nelson Opazo, a\u00f1adi\u00f3 que, en esta ocasi\u00f3n se pudo ahondar en materias que se relacionan directamente con un \u00e1rea productiva tan importante como el turismo.<\/p>\n<p style=\"text-align: justify;\">\u201cAprovechamos la oportunidad de manifestar nuestras inquietudes, los requerimientos que tiene nuestra comuna en cuanto al impulso que debe tener este rubro tan importante en nuestra regi\u00f3n. Adem\u00e1s, el impulso que est\u00e1 teniendo y el potencial que tiene en la comuna de Lago Verde en su conjunto. Tambi\u00e9n se pudo analizar los temas relacionados a la Zona de Inter\u00e9s Tur\u00edstico, la revisi\u00f3n respecto a los pol\u00edgonos que incorpora dicha zona y aprovechamos de firmar el convenio de transferencia de recursos, que implica enfrentar con recursos frescos la temporada que se nos viene, en cuanto a financiamiento de actividades de verano e informadores tur\u00edsticos\u201d.<\/p>\n<p style=\"text-align: justify;\">En esta actividad tambi\u00e9n se reafirmaron las acciones de trabajo conjuntas entre las comunas de Cisnes y Lago Verde, con el fin de que el desarrollo tur\u00edstico alcance a ambos territorios, a\u00f1adi\u00f3 el Alcalde Nelson Opazo. \u201cLa reuni\u00f3n tuvo tambi\u00e9n la presencia del director regional de Sernatur y el colega Alcalde de la comuna de Cisnes, con quien tambi\u00e9n tuvimos la posibilidad de conectarnos respecto a preocupaciones que tiene el rubro tur\u00edstico en general en el territorio. En el entendido de que, especialmente este rubro requiere de un trabajo en conjunto de ambas comunas, por eso mismo es que, fue muy fruct\u00edfera esta reuni\u00f3n. Instancia donde pudimos cerrar este convenio con el traspaso de recursos hacia el Municipio, para enfrentar la temporada que se avecina\u201d.<\/p>\n<p style=\"text-align: justify;\">El Alcalde de la comuna de Lago Verde, Nelson Opazo L\u00f3pez, agradeci\u00f3 tambi\u00e9n el permanente apoyo de Consejo Regional de Ays\u00e9n y la Gobernadora, ya que, los recursos para potenciar el turismo en el territorio provienen del Gobierno Regional de Ays\u00e9n, tras la aprobaci\u00f3n del Core.<\/p>\n<\/div><\/section><\/div><div  style='height:50px' class='hr hr-invisible   avia-builder-el-6  el_after_av_one_full  el_before_av_social_share '><span class='hr-inner ' ><span class='hr-inner-style'><\/span><\/span><\/div><\/p>\n<div  class='av-social-sharing-box  avia-builder-el-7  el_after_av_hr  el_before_av_hr  '><div class='av-share-box'><h5 class='av-share-link-description av-no-toc '>Compartir esta noticia<\/h5><ul class='av-share-box-list noLightbox'><li class='av-share-link av-social-link-facebook' ><a target=\"_blank\" aria-label=\"Compartir en Facebook\" href='https:\/\/www.facebook.com\/sharer.php?u=https:\/\/radiorevelacionfm.cl\/?p=9960&#038;t=Convenio%20entre%20Sernatur%20y%20Municipio%20permitir%C3%A1%20potenciar%20el%20turismo%20en%20la%20comuna%20de%20Lago%20Verde' aria-hidden='false' data-av_icon='\ue8f3' data-av_iconfont='entypo-fontello' title='' data-avia-related-tooltip='Compartir en Facebook' rel=\"noopener\"><span class='avia_hidden_link_text'>Compartir en Facebook<\/span><\/a><\/li><li class='av-share-link av-social-link-twitter' ><a target=\"_blank\" aria-label=\"Compartir en Twitter\" href='https:\/\/twitter.com\/share?text=Convenio%20entre%20Sernatur%20y%20Municipio%20permitir%C3%A1%20potenciar%20el%20turismo%20en%20la%20comuna%20de%20Lago%20Verde&#038;url=https:\/\/radiorevelacionfm.cl\/?p=9960' aria-hidden='false' data-av_icon='\ue8f1' data-av_iconfont='entypo-fontello' title='' data-avia-related-tooltip='Compartir en Twitter' rel=\"noopener\"><span class='avia_hidden_link_text'>Compartir en Twitter<\/span><\/a><\/li><li class='av-share-link av-social-link-whatsapp' ><a target=\"_blank\" aria-label=\"Compartir en Whatsapp\" href='https:\/\/api.whatsapp.com\/send?text=https:\/\/radiorevelacionfm.cl\/?p=9960' aria-hidden='false' data-av_icon='\uf232' data-av_iconfont='entypo-fontello' title='' data-avia-related-tooltip='Compartir en Whatsapp' rel=\"noopener\"><span class='avia_hidden_link_text'>Compartir en Whatsapp<\/span><\/a><\/li><li class='av-share-link av-social-link-linkedin' ><a target=\"_blank\" aria-label=\"Compartir en LinkedIn\" href='https:\/\/linkedin.com\/shareArticle?mini=true&#038;title=Convenio%20entre%20Sernatur%20y%20Municipio%20permitir%C3%A1%20potenciar%20el%20turismo%20en%20la%20comuna%20de%20Lago%20Verde&#038;url=https:\/\/radiorevelacionfm.cl\/?p=9960' aria-hidden='false' data-av_icon='\ue8fc' data-av_iconfont='entypo-fontello' title='' data-avia-related-tooltip='Compartir en LinkedIn' rel=\"noopener\"><span class='avia_hidden_link_text'>Compartir en LinkedIn<\/span><\/a><\/li><li class='av-share-link av-social-link-mail' ><a  aria-label=\"Compartir por correo\" href='mailto:?subject=Convenio%20entre%20Sernatur%20y%20Municipio%20permitir%C3%A1%20potenciar%20el%20turismo%20en%20la%20comuna%20de%20Lago%20Verde&#038;body=https:\/\/radiorevelacionfm.cl\/?p=9960' aria-hidden='false' data-av_icon='\ue805' data-av_iconfont='entypo-fontello' title='' data-avia-related-tooltip='Compartir por correo'><span class='avia_hidden_link_text'>Compartir por correo<\/span><\/a><\/li><\/ul><\/div><\/div>\n<div  style='height:50px' class='hr hr-invisible   avia-builder-el-8  el_after_av_social_share  el_before_av_comments_list '><span class='hr-inner ' ><span class='hr-inner-style'><\/span><\/span><\/div>\n<div  class='av-buildercomment  av-blog-meta-html-info-disabled av-blog-meta-tag-disabled  '><\/div>\n","protected":false},"excerpt":{"rendered":"","protected":false},"author":1,"featured_media":9962,"comment_status":"open","ping_status":"open","sticky":false,"template":"","format":"standard","meta":{"footnotes":""},"categories":[38],"tags":[],"class_list":["post-9960","post","type-post","status-publish","format-standard","has-post-thumbnail","hentry","category-regional"],"jetpack_featured_media_url":"https:\/\/radiorevelacionfm.cl\/wp-content\/uploads\/2021\/10\/SERNATUR-LAGO-VERDE-1-1.jpeg","_links":{"self":[{"href":"https:\/\/radiorevelacionfm.cl\/index.php?rest_route=\/wp\/v2\/posts\/9960","targetHints":{"allow":["GET"]}}],"collection":[{"href":"https:\/\/radiorevelacionfm.cl\/index.php?rest_route=\/wp\/v2\/posts"}],"about":[{"href":"https:\/\/radiorevelacionfm.cl\/index.php?rest_route=\/wp\/v2\/types\/post"}],"author":[{"embeddable":true,"href":"https:\/\/radiorevelacionfm.cl\/index.php?rest_route=\/wp\/v2\/users\/1"}],"replies":[{"embeddable":true,"href":"https:\/\/radiorevelacionfm.cl\/index.php?rest_route=%2Fwp%2Fv2%2Fcomments&post=9960"}],"version-history":[{"count":1,"href":"https:\/\/radiorevelacionfm.cl\/index.php?rest_route=\/wp\/v2\/posts\/9960\/revisions"}],"predecessor-version":[{"id":9963,"href":"https:\/\/radiorevelacionfm.cl\/index.php?rest_route=\/wp\/v2\/posts\/9960\/revisions\/9963"}],"wp:featuredmedia":[{"embeddable":true,"href":"https:\/\/radiorevelacionfm.cl\/index.php?rest_route=\/wp\/v2\/media\/9962"}],"wp:attachment":[{"href":"https:\/\/radiorevelacionfm.cl\/index.php?rest_route=%2Fwp%2Fv2%2Fmedia&parent=9960"}],"wp:term":[{"taxonomy":"category","embeddable":true,"href":"https:\/\/radiorevelacionfm.cl\/index.php?rest_route=%2Fwp%2Fv2%2Fcategories&post=9960"},{"taxonomy":"post_tag","embeddable":true,"href":"https:\/\/radiorevelacionfm.cl\/index.php?rest_route=%2Fwp%2Fv2%2Ftags&post=9960"}],"curies":[{"name":"wp","href":"https:\/\/api.w.org\/{rel}","templated":true}]}}