{"id":9957,"date":"2021-10-24T15:25:31","date_gmt":"2021-10-24T18:25:31","guid":{"rendered":"https:\/\/radiorevelacionfm.cl\/?p=9957"},"modified":"2021-10-24T15:25:31","modified_gmt":"2021-10-24T18:25:31","slug":"region-de-aysen-es-destacada-por-analisis-de-mamografia-a-traves-de-hospital-digital","status":"publish","type":"post","link":"https:\/\/radiorevelacionfm.cl\/?p=9957","title":{"rendered":"Regi\u00f3n de Ays\u00e9n es destacada por an\u00e1lisis de mamograf\u00eda a trav\u00e9s de Hospital Digital"},"content":{"rendered":"<div class=\"flex_column av_one_full  flex_column_div av-zero-column-padding first  avia-builder-el-0  el_before_av_one_full  avia-builder-el-first  \" style='border-radius:0px; '><div  class='avia-image-container  av-styling-    avia-builder-el-1  avia-builder-el-no-sibling  avia-align-center '  itemprop=\"image\" itemscope=\"itemscope\" itemtype=\"https:\/\/schema.org\/ImageObject\"  ><div class='avia-image-container-inner'><div class='avia-image-overlay-wrap'><img decoding=\"async\" class='wp-image-9958 avia-img-lazy-loading-not-9958 avia_image' src=\"https:\/\/radiorevelacionfm.cl\/wp-content\/uploads\/2021\/10\/HD-03i-1-1.jpg\" alt='' title='HD 03i (1) (1)' height=\"600\" width=\"1115\"  itemprop=\"thumbnailUrl\" srcset=\"https:\/\/radiorevelacionfm.cl\/wp-content\/uploads\/2021\/10\/HD-03i-1-1.jpg 1115w, https:\/\/radiorevelacionfm.cl\/wp-content\/uploads\/2021\/10\/HD-03i-1-1-300x161.jpg 300w, https:\/\/radiorevelacionfm.cl\/wp-content\/uploads\/2021\/10\/HD-03i-1-1-1030x554.jpg 1030w, https:\/\/radiorevelacionfm.cl\/wp-content\/uploads\/2021\/10\/HD-03i-1-1-768x413.jpg 768w, https:\/\/radiorevelacionfm.cl\/wp-content\/uploads\/2021\/10\/HD-03i-1-1-705x379.jpg 705w, https:\/\/radiorevelacionfm.cl\/wp-content\/uploads\/2021\/10\/HD-03i-1-1-600x323.jpg 600w\" sizes=\"(max-width: 1115px) 100vw, 1115px\" \/><\/div><\/div><\/div><\/div><div class=\"flex_column av_one_full  flex_column_div av-zero-column-padding first  avia-builder-el-2  el_after_av_one_full  el_before_av_one_full  column-top-margin\" style='border-radius:0px; '><section class=\"av_textblock_section \"  itemscope=\"itemscope\" itemtype=\"https:\/\/schema.org\/BlogPosting\" itemprop=\"blogPost\" ><div class='avia_textblock  '   itemprop=\"text\" ><p style=\"text-align: center;\"><span style=\"font-size: 18pt;\"><strong>Regi\u00f3n de Ays\u00e9n es destacada por an\u00e1lisis de mamograf\u00eda a trav\u00e9s de Hospital Digital<\/strong><\/span><\/p>\n<div id=\"gtx-trans\" style=\"position: absolute; left: -50px; top: 4.31534px;\">\n<div class=\"gtx-trans-icon\"><\/div>\n<\/div>\n<\/div><\/section><\/div><div class=\"flex_column av_one_full  flex_column_div av-zero-column-padding first  avia-builder-el-4  el_after_av_one_full  el_before_av_hr  column-top-margin\" style='border-radius:0px; '><section class=\"av_textblock_section \"  itemscope=\"itemscope\" itemtype=\"https:\/\/schema.org\/BlogPosting\" itemprop=\"blogPost\" ><div class='avia_textblock  '   itemprop=\"text\" ><p style=\"text-align: justify;\">Una de las principales iniciativas de la estrategia de salud digital impulsadas por el Ministerio de Salud es el Hospital Digital, estrategia de atenci\u00f3n remota que ha cobrado especial relevancia en el contexto de la emergencia sanitaria por Covid-19.<\/p>\n<p style=\"text-align: justify;\">Y en ese contexto, en octubre, mes de sensibilizaci\u00f3n sobre el C\u00e1ncer de Mama, que en Chile causa la muerte de 4 mujeres al d\u00eda, se ha convertido en uno de los mayores desaf\u00edos para la salud de la mujer, que ha provocado intensos esfuerzos en generar las condiciones de detecci\u00f3n temprana de la enfermedad a trav\u00e9s de ex\u00e1menes y de la identificaci\u00f3n de los s\u00edntomas de manera oportuna.<\/p>\n<p style=\"text-align: justify;\">En Chile, el 60% de las mujeres nunca se han realizado una mamograf\u00eda. Es por ello, que los diagn\u00f3sticos de c\u00e1ncer de mama se presentan en su mayor\u00eda cuando la enfermedad se encuentra en etapas avanzadas, raz\u00f3n por la cual es su primera causa de muerte, y para ello, el Ministerio de Salud trata de cambiar esta tendencia, desarrollando una rama de hospitales digitales que podr\u00e1n proporcionar nuevas tecnolog\u00edas para la detecci\u00f3n de diversas enfermedades potencialmente mortales para la poblaci\u00f3n.<\/p>\n<p style=\"text-align: justify;\">Jenny Obando, referente de Hospital Digital en la regi\u00f3n de Ays\u00e9n, se\u00f1al\u00f3 que continuamente est\u00e1n trabajando en nuevas estrategias que permitan un desarrollo de estas nuevas tecnolog\u00edas, de acuerdo a las caracter\u00edsticas inherentes de la Red Asistencial Regional y sus continuas demandas, siendo enf\u00e1tica en se\u00f1alar que \u201cen salud digital y telemedicina se deben generar pol\u00edticas en conjunto, dado que la tecnolog\u00eda permite otro acercamiento con el paciente. En el Servicio de Salud Ays\u00e9n estamos generando el conocimiento e implementaci\u00f3n para dar respuesta a las necesidades de salud de la poblaci\u00f3n, especialmente femenina, en el caso del c\u00e1ncer de mama, lo que fue destacado por el Ministerio de Salud por el gran impacto que ha tenido a pesar de lo extenso de nuestro territorio, y el hecho de contar solamente con un mam\u00f3grafo m\u00f3vil con el que acercamos nuestras prestaciones\u201d.<\/p>\n<p style=\"text-align: justify;\">En efecto, esa prestaci\u00f3n, al d\u00eda de hoy en lo que va de 2021, lleva un total de 1080 ex\u00e1menes, que tiene una respuesta amplia y que es capaz de entregar resultados en 72 horas.<\/p>\n<p style=\"text-align: justify;\"><strong>Hospital Digital en la Red Asistencial de la Regi\u00f3n de Ays\u00e9n<\/strong><\/p>\n<p style=\"text-align: justify;\">Para ir trabajando en el desarrollo y potenciar el alcance de Hospital Digital con la incorporaci\u00f3n de nuevas especialidades con esta estrategia en la regi\u00f3n de Ays\u00e9n, el director del Servicio de Salud Ays\u00e9n, Gabriel Burgos, se traslad\u00f3 al Ministerio de Salud con el fin de reunirse con Mar\u00eda Jos\u00e9 Letelier, jefa del Departamento de Salud Digital, ocasi\u00f3n en la que adem\u00e1s tuvo la oportunidad de conocer las instalaciones y de c\u00f3mo se pueden generar las condiciones para llevar a cabo esta estrategia dada la realidad que tiene la regi\u00f3n en su conectividad.<\/p>\n<p style=\"text-align: justify;\">Sobre su implementaci\u00f3n en la regi\u00f3n y del aporte que significa Hospital Digital, Gabriel Burgos Salas, director del Servicio de Salud Ays\u00e9n, indic\u00f3 que \u201cdurante mucho tiempo y al d\u00eda de hoy, uno de los desaf\u00edos prioritarios de la Red Asistencial es su fortalecimiento, y en este sentido, Hospital Digital, junto a la implementaci\u00f3n de diversas estrategias con especialidades m\u00e9dicas, informes de radiolog\u00eda y otros, contribuyen a que hoy d\u00eda la Atenci\u00f3n Primaria de zonas rurales cuente con una oferta actualizada de prestaciones en salud, evitando muchas veces el desplazamiento innecesario de los usuarios desde su localidad de origen, permitiendo disminuir tiempos de espera y garantizando equidad en las atenciones de salud\u201d.<\/p>\n<p style=\"text-align: justify;\">Para finalizar, Gabriel Burgos, es enf\u00e1tico en se\u00f1alar que las estrategias de Hospital Digital \u201cabren todo un nuevo mundo para la Red Asistencial Regional, con nuevos m\u00e9todos diagn\u00f3sticos y terap\u00e9uticos para cuidar la salud de nuestra poblaci\u00f3n\u201d.<\/p>\n<\/div><\/section><\/div><div  style='height:50px' class='hr hr-invisible   avia-builder-el-6  el_after_av_one_full  el_before_av_social_share '><span class='hr-inner ' ><span class='hr-inner-style'><\/span><\/span><\/div><\/p>\n<div  class='av-social-sharing-box  avia-builder-el-7  el_after_av_hr  el_before_av_hr  '><div class='av-share-box'><h5 class='av-share-link-description av-no-toc '>Compartir esta noticia<\/h5><ul class='av-share-box-list noLightbox'><li class='av-share-link av-social-link-facebook' ><a target=\"_blank\" aria-label=\"Compartir en Facebook\" href='https:\/\/www.facebook.com\/sharer.php?u=https:\/\/radiorevelacionfm.cl\/?p=9957&#038;t=Regi%C3%B3n%20de%20Ays%C3%A9n%20es%20destacada%20por%20an%C3%A1lisis%20de%20mamograf%C3%ADa%20a%20trav%C3%A9s%20de%20Hospital%20Digital' aria-hidden='false' data-av_icon='\ue8f3' data-av_iconfont='entypo-fontello' title='' data-avia-related-tooltip='Compartir en Facebook' rel=\"noopener\"><span class='avia_hidden_link_text'>Compartir en Facebook<\/span><\/a><\/li><li class='av-share-link av-social-link-twitter' ><a target=\"_blank\" aria-label=\"Compartir en Twitter\" href='https:\/\/twitter.com\/share?text=Regi%C3%B3n%20de%20Ays%C3%A9n%20es%20destacada%20por%20an%C3%A1lisis%20de%20mamograf%C3%ADa%20a%20trav%C3%A9s%20de%20Hospital%20Digital&#038;url=https:\/\/radiorevelacionfm.cl\/?p=9957' aria-hidden='false' data-av_icon='\ue8f1' data-av_iconfont='entypo-fontello' title='' data-avia-related-tooltip='Compartir en Twitter' rel=\"noopener\"><span class='avia_hidden_link_text'>Compartir en Twitter<\/span><\/a><\/li><li class='av-share-link av-social-link-whatsapp' ><a target=\"_blank\" aria-label=\"Compartir en Whatsapp\" href='https:\/\/api.whatsapp.com\/send?text=https:\/\/radiorevelacionfm.cl\/?p=9957' aria-hidden='false' data-av_icon='\uf232' data-av_iconfont='entypo-fontello' title='' data-avia-related-tooltip='Compartir en Whatsapp' rel=\"noopener\"><span class='avia_hidden_link_text'>Compartir en Whatsapp<\/span><\/a><\/li><li class='av-share-link av-social-link-linkedin' ><a target=\"_blank\" aria-label=\"Compartir en LinkedIn\" href='https:\/\/linkedin.com\/shareArticle?mini=true&#038;title=Regi%C3%B3n%20de%20Ays%C3%A9n%20es%20destacada%20por%20an%C3%A1lisis%20de%20mamograf%C3%ADa%20a%20trav%C3%A9s%20de%20Hospital%20Digital&#038;url=https:\/\/radiorevelacionfm.cl\/?p=9957' aria-hidden='false' data-av_icon='\ue8fc' data-av_iconfont='entypo-fontello' title='' data-avia-related-tooltip='Compartir en LinkedIn' rel=\"noopener\"><span class='avia_hidden_link_text'>Compartir en LinkedIn<\/span><\/a><\/li><li class='av-share-link av-social-link-mail' ><a  aria-label=\"Compartir por correo\" href='mailto:?subject=Regi%C3%B3n%20de%20Ays%C3%A9n%20es%20destacada%20por%20an%C3%A1lisis%20de%20mamograf%C3%ADa%20a%20trav%C3%A9s%20de%20Hospital%20Digital&#038;body=https:\/\/radiorevelacionfm.cl\/?p=9957' aria-hidden='false' data-av_icon='\ue805' data-av_iconfont='entypo-fontello' title='' data-avia-related-tooltip='Compartir por correo'><span class='avia_hidden_link_text'>Compartir por correo<\/span><\/a><\/li><\/ul><\/div><\/div>\n<div  style='height:50px' class='hr hr-invisible   avia-builder-el-8  el_after_av_social_share  el_before_av_comments_list '><span class='hr-inner ' ><span class='hr-inner-style'><\/span><\/span><\/div>\n<div  class='av-buildercomment  av-blog-meta-html-info-disabled av-blog-meta-tag-disabled  '><\/div>\n","protected":false},"excerpt":{"rendered":"","protected":false},"author":1,"featured_media":9958,"comment_status":"open","ping_status":"open","sticky":false,"template":"","format":"standard","meta":{"footnotes":""},"categories":[46],"tags":[],"class_list":["post-9957","post","type-post","status-publish","format-standard","has-post-thumbnail","hentry","category-salud"],"jetpack_featured_media_url":"https:\/\/radiorevelacionfm.cl\/wp-content\/uploads\/2021\/10\/HD-03i-1-1.jpg","_links":{"self":[{"href":"https:\/\/radiorevelacionfm.cl\/index.php?rest_route=\/wp\/v2\/posts\/9957","targetHints":{"allow":["GET"]}}],"collection":[{"href":"https:\/\/radiorevelacionfm.cl\/index.php?rest_route=\/wp\/v2\/posts"}],"about":[{"href":"https:\/\/radiorevelacionfm.cl\/index.php?rest_route=\/wp\/v2\/types\/post"}],"author":[{"embeddable":true,"href":"https:\/\/radiorevelacionfm.cl\/index.php?rest_route=\/wp\/v2\/users\/1"}],"replies":[{"embeddable":true,"href":"https:\/\/radiorevelacionfm.cl\/index.php?rest_route=%2Fwp%2Fv2%2Fcomments&post=9957"}],"version-history":[{"count":1,"href":"https:\/\/radiorevelacionfm.cl\/index.php?rest_route=\/wp\/v2\/posts\/9957\/revisions"}],"predecessor-version":[{"id":9959,"href":"https:\/\/radiorevelacionfm.cl\/index.php?rest_route=\/wp\/v2\/posts\/9957\/revisions\/9959"}],"wp:featuredmedia":[{"embeddable":true,"href":"https:\/\/radiorevelacionfm.cl\/index.php?rest_route=\/wp\/v2\/media\/9958"}],"wp:attachment":[{"href":"https:\/\/radiorevelacionfm.cl\/index.php?rest_route=%2Fwp%2Fv2%2Fmedia&parent=9957"}],"wp:term":[{"taxonomy":"category","embeddable":true,"href":"https:\/\/radiorevelacionfm.cl\/index.php?rest_route=%2Fwp%2Fv2%2Fcategories&post=9957"},{"taxonomy":"post_tag","embeddable":true,"href":"https:\/\/radiorevelacionfm.cl\/index.php?rest_route=%2Fwp%2Fv2%2Ftags&post=9957"}],"curies":[{"name":"wp","href":"https:\/\/api.w.org\/{rel}","templated":true}]}}