{"id":9954,"date":"2021-10-24T15:20:58","date_gmt":"2021-10-24T18:20:58","guid":{"rendered":"https:\/\/radiorevelacionfm.cl\/?p=9954"},"modified":"2021-10-24T15:20:58","modified_gmt":"2021-10-24T18:20:58","slug":"realizan-entrega-de-fondos-destinados-a-adultos-mayores-y-juntas-de-vecinos-de-la-comuna-de-aysen","status":"publish","type":"post","link":"https:\/\/radiorevelacionfm.cl\/?p=9954","title":{"rendered":"Realizan entrega de fondos destinados a Adultos Mayores y Juntas de Vecinos de la comuna de Ays\u00e9n"},"content":{"rendered":"<div class=\"flex_column av_one_full  flex_column_div av-zero-column-padding first  avia-builder-el-0  el_before_av_one_full  avia-builder-el-first  \" style='border-radius:0px; '><div  class='avia-image-container  av-styling-    avia-builder-el-1  avia-builder-el-no-sibling  avia-align-center '  itemprop=\"image\" itemscope=\"itemscope\" itemtype=\"https:\/\/schema.org\/ImageObject\"  ><div class='avia-image-container-inner'><div class='avia-image-overlay-wrap'><img decoding=\"async\" class='wp-image-9955 avia-img-lazy-loading-not-9955 avia_image' src=\"https:\/\/radiorevelacionfm.cl\/wp-content\/uploads\/2021\/10\/img-FomamFondeve2-1-1.jpeg\" alt='' title='img-FomamFondeve2 (1) (1)' height=\"600\" width=\"900\"  itemprop=\"thumbnailUrl\" srcset=\"https:\/\/radiorevelacionfm.cl\/wp-content\/uploads\/2021\/10\/img-FomamFondeve2-1-1.jpeg 900w, https:\/\/radiorevelacionfm.cl\/wp-content\/uploads\/2021\/10\/img-FomamFondeve2-1-1-300x200.jpeg 300w, https:\/\/radiorevelacionfm.cl\/wp-content\/uploads\/2021\/10\/img-FomamFondeve2-1-1-768x512.jpeg 768w, https:\/\/radiorevelacionfm.cl\/wp-content\/uploads\/2021\/10\/img-FomamFondeve2-1-1-705x470.jpeg 705w, https:\/\/radiorevelacionfm.cl\/wp-content\/uploads\/2021\/10\/img-FomamFondeve2-1-1-600x400.jpeg 600w\" sizes=\"(max-width: 900px) 100vw, 900px\" \/><\/div><\/div><\/div><\/div><div class=\"flex_column av_one_full  flex_column_div av-zero-column-padding first  avia-builder-el-2  el_after_av_one_full  el_before_av_one_full  column-top-margin\" style='border-radius:0px; '><section class=\"av_textblock_section \"  itemscope=\"itemscope\" itemtype=\"https:\/\/schema.org\/BlogPosting\" itemprop=\"blogPost\" ><div class='avia_textblock  '   itemprop=\"text\" ><p style=\"text-align: center;\"><strong><span style=\"font-size: 18pt;\">Realizan entrega de fondos destinados a Adultos Mayores y Juntas de Vecinos de la comuna de Ays\u00e9n<\/span><\/strong><\/p>\n<div id=\"gtx-trans\" style=\"position: absolute; left: -50px; top: 4.31534px;\">\n<div class=\"gtx-trans-icon\"><\/div>\n<\/div>\n<\/div><\/section><\/div><div class=\"flex_column av_one_full  flex_column_div av-zero-column-padding first  avia-builder-el-4  el_after_av_one_full  el_before_av_hr  column-top-margin\" style='border-radius:0px; '><section class=\"av_textblock_section \"  itemscope=\"itemscope\" itemtype=\"https:\/\/schema.org\/BlogPosting\" itemprop=\"blogPost\" ><div class='avia_textblock  '   itemprop=\"text\" ><p style=\"text-align: justify;\">Tras el proceso de postulaci\u00f3n iniciado en el mes de agosto durante la jornada del viernes reci\u00e9n pasado distintas organizaciones funcionales de la comuna de Ays\u00e9n recibieron en una intima ceremonia realizada en el Polideportivo 21 de abril los fondos: De desarrollo Vecinal (FONDEVE) y del Adulto Mayor (FOMAM). En la presente convocatoria, destac\u00f3 la orientaci\u00f3n hacia la reactivaci\u00f3n del trabajo comunitario en los espacios f\u00edsicos de las organizaciones tras las nuevas disposiciones sanitarias en el actual contexto de Covid-19.<\/p>\n<p style=\"text-align: justify;\">El alcalde de la comuna de Ays\u00e9n, Julio Uribe Alvarado, agradeci\u00f3 a las organizaciones y a sus lideres por su compromiso con la comuna, relevando que \u201clos dirigentes son los que sacan adelante nuestro territorio, ellos est\u00e1n al tanto de todo lo que sucede, sobretodo con las personas mayores, a las cuales la pandemia ha maltratado demasiado. Estos recursos van a ir a mitigar algunos problemas que tienen, pero necesitamos seguir apoy\u00e1ndolos y apoyar a las Juntas de Vecinos y a las diferentes organizaciones comunitarias y estos fondos vienen a aliviar en parte lo malo que ha ocurrido en estos casi dos a\u00f1os. Agradecido de los dirigentes y de las diferentes organizaciones que me han permitido tambi\u00e9n avanzar en el progreso y desarrollo de nuestra comuna\u201d.<\/p>\n<p style=\"text-align: justify;\">Por su parte, una de las dirigentas presente en la instancia y representante de la Unidad Vecinal de Pedro Aguirre Cerda, Rosa Ch\u00e1vez Nitor, manifest\u00f3 su alegr\u00eda tras la obtenci\u00f3n de recursos, destacando que hoy los montos en comparaci\u00f3n a la versi\u00f3n anterior son mayores. \u201cnos acaban de entregar tambi\u00e9n un peque\u00f1o presente donde se se\u00f1ala que la Junta de Vecinos postul\u00f3 a este proyecto, igual es bueno, ya que no es f\u00e1cil hacerlo, porque hay que dejar tiempo y todo\u201d.<\/p>\n<p style=\"text-align: justify;\">A rengl\u00f3n seguido, la hist\u00f3rica dirigenta vecinal abord\u00f3 lo que realizar\u00e1n con los fondos obtenidos en la l\u00ednea de Desarrollo Vecinal. Los cuales estar\u00e1n destinados principalmente en dotar de c\u00e1maras de seguridad a la sede social debido a que, en dos oportunidades ha sido vulnerada la seguridad, lo tambi\u00e9n conllev\u00f3 algunos deterioros a las chapas que tambi\u00e9n ser\u00e1n reparadas con estos dineros. Asimismo, indic\u00f3 que otros gastos operacionales como el gas ser\u00e1n abordados bajo este mecanismo.<\/p>\n<p style=\"text-align: justify;\">En tanto, Mar\u00eda Isabel Lepio, presidenta del Club de Adultos Mayores Cerro Nevado, explic\u00f3 que ellos utilizar\u00e1n como organizaci\u00f3n los recursos de la l\u00ednea FOMAM en adquirir bandejas y ollas para su agrupaci\u00f3n \u201cpara no andar acarreando cuando se quieren hacer actividades en la sede\u201d. Agradeciendo al municipio aysenino por la asignaci\u00f3n obtenida y la ayuda brindada en la materia. Cabe destacar que esta organizaci\u00f3n posee cerca de 50 socios y ya cuenta con tres a\u00f1os de funcionamiento en la comuna.<\/p>\n<p style=\"text-align: justify;\">Para materializar este proceso de asignaci\u00f3n financiera, la Direcci\u00f3n de Desarrollo Comunitario (Dideco), tras la instrucci\u00f3n del alcalde Julio Uribe desarroll\u00f3 distintos procesos de asesor\u00eda a las organizaciones para que pudieran formular adecuadamente los respectivos proyectos. Esto fue ejecutado a trav\u00e9s de la Unidad de Organizaciones Comunitarias de la casa edilicia aysenina.<\/p>\n<\/div><\/section><\/div><div  style='height:50px' class='hr hr-invisible   avia-builder-el-6  el_after_av_one_full  el_before_av_social_share '><span class='hr-inner ' ><span class='hr-inner-style'><\/span><\/span><\/div><\/p>\n<div  class='av-social-sharing-box  avia-builder-el-7  el_after_av_hr  el_before_av_hr  '><div class='av-share-box'><h5 class='av-share-link-description av-no-toc '>Compartir esta noticia<\/h5><ul class='av-share-box-list noLightbox'><li class='av-share-link av-social-link-facebook' ><a target=\"_blank\" aria-label=\"Compartir en Facebook\" href='https:\/\/www.facebook.com\/sharer.php?u=https:\/\/radiorevelacionfm.cl\/?p=9954&#038;t=Realizan%20entrega%20de%20fondos%20destinados%20a%20Adultos%20Mayores%20y%20Juntas%20de%20Vecinos%20de%20la%20comuna%20de%20Ays%C3%A9n' aria-hidden='false' data-av_icon='\ue8f3' data-av_iconfont='entypo-fontello' title='' data-avia-related-tooltip='Compartir en Facebook' rel=\"noopener\"><span class='avia_hidden_link_text'>Compartir en Facebook<\/span><\/a><\/li><li class='av-share-link av-social-link-twitter' ><a target=\"_blank\" aria-label=\"Compartir en Twitter\" href='https:\/\/twitter.com\/share?text=Realizan%20entrega%20de%20fondos%20destinados%20a%20Adultos%20Mayores%20y%20Juntas%20de%20Vecinos%20de%20la%20comuna%20de%20Ays%C3%A9n&#038;url=https:\/\/radiorevelacionfm.cl\/?p=9954' aria-hidden='false' data-av_icon='\ue8f1' data-av_iconfont='entypo-fontello' title='' data-avia-related-tooltip='Compartir en Twitter' rel=\"noopener\"><span class='avia_hidden_link_text'>Compartir en Twitter<\/span><\/a><\/li><li class='av-share-link av-social-link-whatsapp' ><a target=\"_blank\" aria-label=\"Compartir en Whatsapp\" href='https:\/\/api.whatsapp.com\/send?text=https:\/\/radiorevelacionfm.cl\/?p=9954' aria-hidden='false' data-av_icon='\uf232' data-av_iconfont='entypo-fontello' title='' data-avia-related-tooltip='Compartir en Whatsapp' rel=\"noopener\"><span class='avia_hidden_link_text'>Compartir en Whatsapp<\/span><\/a><\/li><li class='av-share-link av-social-link-linkedin' ><a target=\"_blank\" aria-label=\"Compartir en LinkedIn\" href='https:\/\/linkedin.com\/shareArticle?mini=true&#038;title=Realizan%20entrega%20de%20fondos%20destinados%20a%20Adultos%20Mayores%20y%20Juntas%20de%20Vecinos%20de%20la%20comuna%20de%20Ays%C3%A9n&#038;url=https:\/\/radiorevelacionfm.cl\/?p=9954' aria-hidden='false' data-av_icon='\ue8fc' data-av_iconfont='entypo-fontello' title='' data-avia-related-tooltip='Compartir en LinkedIn' rel=\"noopener\"><span class='avia_hidden_link_text'>Compartir en LinkedIn<\/span><\/a><\/li><li class='av-share-link av-social-link-mail' ><a  aria-label=\"Compartir por correo\" href='mailto:?subject=Realizan%20entrega%20de%20fondos%20destinados%20a%20Adultos%20Mayores%20y%20Juntas%20de%20Vecinos%20de%20la%20comuna%20de%20Ays%C3%A9n&#038;body=https:\/\/radiorevelacionfm.cl\/?p=9954' aria-hidden='false' data-av_icon='\ue805' data-av_iconfont='entypo-fontello' title='' data-avia-related-tooltip='Compartir por correo'><span class='avia_hidden_link_text'>Compartir por correo<\/span><\/a><\/li><\/ul><\/div><\/div>\n<div  style='height:50px' class='hr hr-invisible   avia-builder-el-8  el_after_av_social_share  el_before_av_comments_list '><span class='hr-inner ' ><span class='hr-inner-style'><\/span><\/span><\/div>\n<div  class='av-buildercomment  av-blog-meta-html-info-disabled av-blog-meta-tag-disabled  '><\/div>\n","protected":false},"excerpt":{"rendered":"","protected":false},"author":1,"featured_media":9955,"comment_status":"open","ping_status":"open","sticky":false,"template":"","format":"standard","meta":{"footnotes":""},"categories":[38],"tags":[],"class_list":["post-9954","post","type-post","status-publish","format-standard","has-post-thumbnail","hentry","category-regional"],"jetpack_featured_media_url":"https:\/\/radiorevelacionfm.cl\/wp-content\/uploads\/2021\/10\/img-FomamFondeve2-1-1.jpeg","_links":{"self":[{"href":"https:\/\/radiorevelacionfm.cl\/index.php?rest_route=\/wp\/v2\/posts\/9954","targetHints":{"allow":["GET"]}}],"collection":[{"href":"https:\/\/radiorevelacionfm.cl\/index.php?rest_route=\/wp\/v2\/posts"}],"about":[{"href":"https:\/\/radiorevelacionfm.cl\/index.php?rest_route=\/wp\/v2\/types\/post"}],"author":[{"embeddable":true,"href":"https:\/\/radiorevelacionfm.cl\/index.php?rest_route=\/wp\/v2\/users\/1"}],"replies":[{"embeddable":true,"href":"https:\/\/radiorevelacionfm.cl\/index.php?rest_route=%2Fwp%2Fv2%2Fcomments&post=9954"}],"version-history":[{"count":1,"href":"https:\/\/radiorevelacionfm.cl\/index.php?rest_route=\/wp\/v2\/posts\/9954\/revisions"}],"predecessor-version":[{"id":9956,"href":"https:\/\/radiorevelacionfm.cl\/index.php?rest_route=\/wp\/v2\/posts\/9954\/revisions\/9956"}],"wp:featuredmedia":[{"embeddable":true,"href":"https:\/\/radiorevelacionfm.cl\/index.php?rest_route=\/wp\/v2\/media\/9955"}],"wp:attachment":[{"href":"https:\/\/radiorevelacionfm.cl\/index.php?rest_route=%2Fwp%2Fv2%2Fmedia&parent=9954"}],"wp:term":[{"taxonomy":"category","embeddable":true,"href":"https:\/\/radiorevelacionfm.cl\/index.php?rest_route=%2Fwp%2Fv2%2Fcategories&post=9954"},{"taxonomy":"post_tag","embeddable":true,"href":"https:\/\/radiorevelacionfm.cl\/index.php?rest_route=%2Fwp%2Fv2%2Ftags&post=9954"}],"curies":[{"name":"wp","href":"https:\/\/api.w.org\/{rel}","templated":true}]}}