{"id":9950,"date":"2021-10-24T13:33:25","date_gmt":"2021-10-24T16:33:25","guid":{"rendered":"https:\/\/radiorevelacionfm.cl\/?p=9950"},"modified":"2021-10-24T13:42:31","modified_gmt":"2021-10-24T16:42:31","slug":"gobernadora-entrego-a-la-comunidad-de-cisnes-el-plan-marco-de-desarrollo-territorial","status":"publish","type":"post","link":"https:\/\/radiorevelacionfm.cl\/?p=9950","title":{"rendered":"Gobernadora entreg\u00f3 a la comunidad de Cisnes el Plan Marco de Desarrollo Territorial"},"content":{"rendered":"<div class=\"flex_column av_one_full  flex_column_div av-zero-column-padding first  avia-builder-el-0  el_before_av_one_full  avia-builder-el-first  \" style='border-radius:0px; '><div  class='avia-image-container  av-styling-    avia-builder-el-1  avia-builder-el-no-sibling  avia-align-center '  itemprop=\"image\" itemscope=\"itemscope\" itemtype=\"https:\/\/schema.org\/ImageObject\"  ><div class='avia-image-container-inner'><div class='avia-image-overlay-wrap'><img decoding=\"async\" class='wp-image-9951 avia-img-lazy-loading-not-9951 avia_image' src=\"https:\/\/radiorevelacionfm.cl\/wp-content\/uploads\/2021\/10\/PMDT-CISNES-3-1-1.jpeg\" alt='' title='PMDT CISNES 3 (1) (1)' height=\"600\" width=\"900\"  itemprop=\"thumbnailUrl\" srcset=\"https:\/\/radiorevelacionfm.cl\/wp-content\/uploads\/2021\/10\/PMDT-CISNES-3-1-1.jpeg 900w, https:\/\/radiorevelacionfm.cl\/wp-content\/uploads\/2021\/10\/PMDT-CISNES-3-1-1-300x200.jpeg 300w, https:\/\/radiorevelacionfm.cl\/wp-content\/uploads\/2021\/10\/PMDT-CISNES-3-1-1-768x512.jpeg 768w, https:\/\/radiorevelacionfm.cl\/wp-content\/uploads\/2021\/10\/PMDT-CISNES-3-1-1-705x470.jpeg 705w, https:\/\/radiorevelacionfm.cl\/wp-content\/uploads\/2021\/10\/PMDT-CISNES-3-1-1-600x400.jpeg 600w\" sizes=\"(max-width: 900px) 100vw, 900px\" \/><\/div><\/div><\/div><\/div>\n<div class=\"flex_column av_one_full  flex_column_div av-zero-column-padding first  avia-builder-el-2  el_after_av_one_full  el_before_av_one_full  column-top-margin\" style='border-radius:0px; '><section class=\"av_textblock_section \"  itemscope=\"itemscope\" itemtype=\"https:\/\/schema.org\/BlogPosting\" itemprop=\"blogPost\" ><div class='avia_textblock  '   itemprop=\"text\" ><p style=\"text-align: center;\"><strong><span style=\"font-size: 18pt;\">Gobernadora entreg\u00f3 a la comunidad de Cisnes el Plan Marco de Desarrollo Territorial <\/span><\/strong><\/p>\n<div id=\"gtx-trans\" style=\"position: absolute; left: -50px; top: 4.31534px;\">\n<div class=\"gtx-trans-icon\"><\/div>\n<\/div>\n<\/div><\/section><\/div>\n<div class=\"flex_column av_one_full  flex_column_div av-zero-column-padding first  avia-builder-el-4  el_after_av_one_full  el_before_av_hr  column-top-margin\" style='border-radius:0px; '><section class=\"av_textblock_section \"  itemscope=\"itemscope\" itemtype=\"https:\/\/schema.org\/BlogPosting\" itemprop=\"blogPost\" ><div class='avia_textblock  '   itemprop=\"text\" ><p style=\"text-align: justify;\">En Puerto Cisnes se desarroll\u00f3 una instancia que viene a respaldar el trabajo que ha desarrollado la Municipalidad liderada por el Alcalde, Francisco Roncagliolo Lepio, y es la entrega por parte de la Gobernadora Regional, Andrea Mac\u00edas Palma, de un libro que contiene el \u201cPlan Marco de Desarrollo Territorial\u201d del Litoral de la comuna de Cisnes.<\/p>\n<p style=\"text-align: justify;\">El texto fue presentado ante el Concejo Municipal y la comunidad, documento que busca ser la hoja de ruta en cuanto a proyectos de inversi\u00f3n que esperan materializarse, independiente de la administraci\u00f3n regional, indic\u00f3 Mac\u00edas.<\/p>\n<p style=\"text-align: justify;\">\u201cHemos sostenido una jornada de trabajo con el Concejo Municipal de Cisnes, con su Alcalde, para presentar el Plan Marco de Desarrollo Territorial del litoral de la comuna. Contentos porque esta es una iniciativa que finalmente se traduce en una cartera de inversi\u00f3n proyectada, que viene a decirnos cuales son las necesidades que hoy d\u00eda existen en el litoral, como las vamos priorizando y tambi\u00e9n poni\u00e9ndoles un precio a ello, para ver cuanta es la inversi\u00f3n que se requiere se ejecute desde el Estado, para poder prosperar en cada una de estas iniciativas. Esta es una oportunidad para cada uno de los territorios, con la existencia de este plan marco, esto se traduce en un compromiso desde el Gobierno Regional y desde los distintos sectores en poder avanzar en que todas esas iniciativas que quedaron consideradas en el plan, puedan ser ejecutadas m\u00e1s all\u00e1 de las administraciones\u201d.<\/p>\n<p style=\"text-align: justify;\">El Plan Marco de Desarrollo Territorial para el litoral de Cisnes, considera una inversi\u00f3n que supera los 10 millones de pesos, enfatiz\u00f3 el Alcalde, Francisco Roncagliolo Lepio.<\/p>\n<p style=\"text-align: justify;\">\u201cPara nosotros como comuna de Cisnes es muy importante este PMDT, Plan Marco de Desarrollo Territorial, que hoy nos viene a entregar la Gobernadora, despu\u00e9s de un proceso de estudio, de trabajo en terreno, en que las comunidades de Puerto Cisnes, Puerto Gala, Puerto Gaviota participaron. Est\u00e1 considerada una inversi\u00f3n de m\u00e1s de 10 mil millones de pesos, lo cual a nosotros nos ponen muy contentos, porque recupera todo lo que la comunidad ha necesitado en este litoral, por lo mismo va de la mano con las necesidades que nosotros hemos detectado, pero siempre es dif\u00edcil la evaluaci\u00f3n. Por lo tanto, las evaluaciones a trav\u00e9s de este PMDT van a ser distintas, van a ser pensando en las personas, pensando en las necesidades con un sentido de urgencia, o sea, buscando que las cosas se puedan resolver en un muy corto plazo\u201d.<\/p>\n<p style=\"text-align: justify;\">En esta instancia tambi\u00e9n particip\u00f3 el Consejero Regional de la provincia de Ays\u00e9n, Sergio Gonz\u00e1lez, quien relev\u00f3 el trabajo de los equipos tanto del Gore como del Municipio para obtener como resultado el PMDT. \u201cMuy contento con esta reuni\u00f3n, hoy se ha dado cuenta de lo que es el PMDT Litoral de la comuna de Cisnes, que es un anhelo, un tremendo trabajo que se ha hecho tanto con profesionales del Gobierno Regional y tambi\u00e9n la contraparte de la comuna de Cisnes. Se ha establecido un calendario de proyectos de infraestructura como as\u00ed tambi\u00e9n de programas, que posibilitar\u00edan en el futuro pr\u00f3ximo ir logrando el desarrollo de este importante territorio\u201d.<\/p>\n<p style=\"text-align: justify;\">La Concejala de la comuna de Cisnes, Ximena Ar\u00e9valo, tambi\u00e9n puso en valor el Plan Marco de Desarrollo Territorial. \u201cCelebramos el tema del PMDT, sin duda es un avance que queda plasmado en algo f\u00edsico, en donde podemos seguir avanzando con el desarrollo de cada una de las localidades. Me parece excelente que est\u00e9 incorporada Gala, Gaviota, Puerto Cisnes y luego en un segundo plan donde se van a abordar las otras localidades. As\u00ed es que, feliz que quede este material, donde podemos seguir trabajando en base a proyectos que tienen una inversi\u00f3n importante\u201d.<\/p>\n<p style=\"text-align: justify;\">En la creaci\u00f3n del Plan Marco de Desarrollo Territorial del litoral de la comuna de Cisnes, hubo una importante participaci\u00f3n ciudadana, con el apoyo de los profesionales de la Diplade del Gobierno Regional en conjunto a un equipo de la Municipalidad de Cisnes. El PMDT, se transformar\u00e1 en la base para instrumentos de similares caracter\u00edsticas en otros puntos de la regi\u00f3n de Ays\u00e9n.<\/p>\n<\/div><\/section><\/div><div  style='height:50px' class='hr hr-invisible   avia-builder-el-6  el_after_av_one_full  el_before_av_social_share '><span class='hr-inner ' ><span class='hr-inner-style'><\/span><\/span><\/div><\/p>\n<div  class='av-social-sharing-box  avia-builder-el-7  el_after_av_hr  el_before_av_hr  '><div class='av-share-box'><h5 class='av-share-link-description av-no-toc '>Compartir esta noticia<\/h5><ul class='av-share-box-list noLightbox'><li class='av-share-link av-social-link-facebook' ><a target=\"_blank\" aria-label=\"Compartir en Facebook\" href='https:\/\/www.facebook.com\/sharer.php?u=https:\/\/radiorevelacionfm.cl\/?p=9950&#038;t=Gobernadora%20entreg%C3%B3%20a%20la%20comunidad%20de%20Cisnes%20el%20Plan%20Marco%20de%20Desarrollo%20Territorial' aria-hidden='false' data-av_icon='\ue8f3' data-av_iconfont='entypo-fontello' title='' data-avia-related-tooltip='Compartir en Facebook' rel=\"noopener\"><span class='avia_hidden_link_text'>Compartir en Facebook<\/span><\/a><\/li><li class='av-share-link av-social-link-twitter' ><a target=\"_blank\" aria-label=\"Compartir en Twitter\" href='https:\/\/twitter.com\/share?text=Gobernadora%20entreg%C3%B3%20a%20la%20comunidad%20de%20Cisnes%20el%20Plan%20Marco%20de%20Desarrollo%20Territorial&#038;url=https:\/\/radiorevelacionfm.cl\/?p=9950' aria-hidden='false' data-av_icon='\ue8f1' data-av_iconfont='entypo-fontello' title='' data-avia-related-tooltip='Compartir en Twitter' rel=\"noopener\"><span class='avia_hidden_link_text'>Compartir en Twitter<\/span><\/a><\/li><li class='av-share-link av-social-link-whatsapp' ><a target=\"_blank\" aria-label=\"Compartir en Whatsapp\" href='https:\/\/api.whatsapp.com\/send?text=https:\/\/radiorevelacionfm.cl\/?p=9950' aria-hidden='false' data-av_icon='\uf232' data-av_iconfont='entypo-fontello' title='' data-avia-related-tooltip='Compartir en Whatsapp' rel=\"noopener\"><span class='avia_hidden_link_text'>Compartir en Whatsapp<\/span><\/a><\/li><li class='av-share-link av-social-link-linkedin' ><a target=\"_blank\" aria-label=\"Compartir en LinkedIn\" href='https:\/\/linkedin.com\/shareArticle?mini=true&#038;title=Gobernadora%20entreg%C3%B3%20a%20la%20comunidad%20de%20Cisnes%20el%20Plan%20Marco%20de%20Desarrollo%20Territorial&#038;url=https:\/\/radiorevelacionfm.cl\/?p=9950' aria-hidden='false' data-av_icon='\ue8fc' data-av_iconfont='entypo-fontello' title='' data-avia-related-tooltip='Compartir en LinkedIn' rel=\"noopener\"><span class='avia_hidden_link_text'>Compartir en LinkedIn<\/span><\/a><\/li><li class='av-share-link av-social-link-mail' ><a  aria-label=\"Compartir por correo\" href='mailto:?subject=Gobernadora%20entreg%C3%B3%20a%20la%20comunidad%20de%20Cisnes%20el%20Plan%20Marco%20de%20Desarrollo%20Territorial&#038;body=https:\/\/radiorevelacionfm.cl\/?p=9950' aria-hidden='false' data-av_icon='\ue805' data-av_iconfont='entypo-fontello' title='' data-avia-related-tooltip='Compartir por correo'><span class='avia_hidden_link_text'>Compartir por correo<\/span><\/a><\/li><\/ul><\/div><\/div>\n<div  style='height:50px' class='hr hr-invisible   avia-builder-el-8  el_after_av_social_share  el_before_av_comments_list '><span class='hr-inner ' ><span class='hr-inner-style'><\/span><\/span><\/div>\n<div  class='av-buildercomment  av-blog-meta-html-info-disabled av-blog-meta-tag-disabled  '><\/div>\n","protected":false},"excerpt":{"rendered":"","protected":false},"author":1,"featured_media":9951,"comment_status":"open","ping_status":"open","sticky":false,"template":"","format":"standard","meta":{"footnotes":""},"categories":[38],"tags":[],"class_list":["post-9950","post","type-post","status-publish","format-standard","has-post-thumbnail","hentry","category-regional"],"jetpack_featured_media_url":"https:\/\/radiorevelacionfm.cl\/wp-content\/uploads\/2021\/10\/PMDT-CISNES-3-1-1.jpeg","_links":{"self":[{"href":"https:\/\/radiorevelacionfm.cl\/index.php?rest_route=\/wp\/v2\/posts\/9950","targetHints":{"allow":["GET"]}}],"collection":[{"href":"https:\/\/radiorevelacionfm.cl\/index.php?rest_route=\/wp\/v2\/posts"}],"about":[{"href":"https:\/\/radiorevelacionfm.cl\/index.php?rest_route=\/wp\/v2\/types\/post"}],"author":[{"embeddable":true,"href":"https:\/\/radiorevelacionfm.cl\/index.php?rest_route=\/wp\/v2\/users\/1"}],"replies":[{"embeddable":true,"href":"https:\/\/radiorevelacionfm.cl\/index.php?rest_route=%2Fwp%2Fv2%2Fcomments&post=9950"}],"version-history":[{"count":2,"href":"https:\/\/radiorevelacionfm.cl\/index.php?rest_route=\/wp\/v2\/posts\/9950\/revisions"}],"predecessor-version":[{"id":9953,"href":"https:\/\/radiorevelacionfm.cl\/index.php?rest_route=\/wp\/v2\/posts\/9950\/revisions\/9953"}],"wp:featuredmedia":[{"embeddable":true,"href":"https:\/\/radiorevelacionfm.cl\/index.php?rest_route=\/wp\/v2\/media\/9951"}],"wp:attachment":[{"href":"https:\/\/radiorevelacionfm.cl\/index.php?rest_route=%2Fwp%2Fv2%2Fmedia&parent=9950"}],"wp:term":[{"taxonomy":"category","embeddable":true,"href":"https:\/\/radiorevelacionfm.cl\/index.php?rest_route=%2Fwp%2Fv2%2Fcategories&post=9950"},{"taxonomy":"post_tag","embeddable":true,"href":"https:\/\/radiorevelacionfm.cl\/index.php?rest_route=%2Fwp%2Fv2%2Ftags&post=9950"}],"curies":[{"name":"wp","href":"https:\/\/api.w.org\/{rel}","templated":true}]}}