{"id":9938,"date":"2021-10-23T10:23:39","date_gmt":"2021-10-23T13:23:39","guid":{"rendered":"https:\/\/radiorevelacionfm.cl\/?p=9938"},"modified":"2021-10-23T10:34:11","modified_gmt":"2021-10-23T13:34:11","slug":"comite-pro-adelanto-rio-los-palos-se-reunio-con-autoridades-para-abordar-conectividad","status":"publish","type":"post","link":"https:\/\/radiorevelacionfm.cl\/?p=9938","title":{"rendered":"Comit\u00e9 pro adelanto R\u00edo Los Palos se reuni\u00f3 con autoridades para abordar conectividad"},"content":{"rendered":"<div class=\"flex_column av_one_full  flex_column_div av-zero-column-padding first  avia-builder-el-0  el_before_av_one_full  avia-builder-el-first  \" style='border-radius:0px; '><div  class='avia-image-container  av-styling-    avia-builder-el-1  avia-builder-el-no-sibling  avia-align-center '  itemprop=\"image\" itemscope=\"itemscope\" itemtype=\"https:\/\/schema.org\/ImageObject\"  ><div class='avia-image-container-inner'><div class='avia-image-overlay-wrap'><img decoding=\"async\" class='wp-image-9943 avia-img-lazy-loading-not-9943 avia_image' src=\"https:\/\/radiorevelacionfm.cl\/wp-content\/uploads\/2021\/10\/Comite-2021-10-14-2-1.jpeg\" alt='' title='Comite 2021-10-14 (2) (1)' height=\"600\" width=\"1121\"  itemprop=\"thumbnailUrl\" srcset=\"https:\/\/radiorevelacionfm.cl\/wp-content\/uploads\/2021\/10\/Comite-2021-10-14-2-1.jpeg 1121w, https:\/\/radiorevelacionfm.cl\/wp-content\/uploads\/2021\/10\/Comite-2021-10-14-2-1-300x161.jpeg 300w, https:\/\/radiorevelacionfm.cl\/wp-content\/uploads\/2021\/10\/Comite-2021-10-14-2-1-1030x551.jpeg 1030w, https:\/\/radiorevelacionfm.cl\/wp-content\/uploads\/2021\/10\/Comite-2021-10-14-2-1-768x411.jpeg 768w, https:\/\/radiorevelacionfm.cl\/wp-content\/uploads\/2021\/10\/Comite-2021-10-14-2-1-705x377.jpeg 705w, https:\/\/radiorevelacionfm.cl\/wp-content\/uploads\/2021\/10\/Comite-2021-10-14-2-1-600x321.jpeg 600w\" sizes=\"(max-width: 1121px) 100vw, 1121px\" \/><\/div><\/div><\/div><\/div><div class=\"flex_column av_one_full  flex_column_div av-zero-column-padding first  avia-builder-el-2  el_after_av_one_full  el_before_av_one_full  column-top-margin\" style='border-radius:0px; '><section class=\"av_textblock_section \"  itemscope=\"itemscope\" itemtype=\"https:\/\/schema.org\/BlogPosting\" itemprop=\"blogPost\" ><div class='avia_textblock  '   itemprop=\"text\" ><p style=\"text-align: center;\"><span style=\"font-size: 18pt;\"><strong>Comit\u00e9 pro adelanto R\u00edo Los Palos se reuni\u00f3 con autoridades para abordar conectividad<\/strong><\/span><\/p>\n<div id=\"gtx-trans\" style=\"position: absolute; left: -50px; top: 4.31534px;\">\n<div class=\"gtx-trans-icon\"><\/div>\n<\/div>\n<\/div><\/section><\/div><\/p>\n<div class=\"flex_column av_one_full  flex_column_div av-zero-column-padding first  avia-builder-el-4  el_after_av_one_full  el_before_av_hr  column-top-margin\" style='border-radius:0px; '><section class=\"av_textblock_section \"  itemscope=\"itemscope\" itemtype=\"https:\/\/schema.org\/BlogPosting\" itemprop=\"blogPost\" ><div class='avia_textblock  '   itemprop=\"text\" ><p style=\"text-align: justify;\">En el encuentro desarrollado en la Delegaci\u00f3n Presidencial Provincial participaron la Seremi del Trabajo y Previsi\u00f3n Social, Andrea Ponce, quien est\u00e1 como DPP Ays\u00e9n subrogante, Seremi del MOP, N\u00e9stor Mera, Vialidad, Alcalde Julio Uribe, Sebasti\u00e1n Barra de la Seremi de Desarrollo Social y familia, y vecinos del sector Pangal Bajo R\u00edo Los Palos.<\/p>\n<p style=\"text-align: justify;\">Un nuevo encuentro de trabajo se realiz\u00f3 hace algunos d\u00edas en donde estuvieron todos los involucrados para poder buscar una soluci\u00f3n a las demandas planteadas por los vecinos que tienen que ver con la conectividad en caso de emergencias en donde los veh\u00edculos de bomberos no pueden pasar por la pasarela del lugar.<\/p>\n<p style=\"text-align: justify;\">Jos\u00e9 Jara, presidente del comit\u00e9, una vez que concluy\u00f3 la reuni\u00f3n sali\u00f3 muy esperanzado de lo conversado con las autoridades \u201cnos reunimos en la DPP Ays\u00e9n para acotar los temas que nos preocupan como comunidad del comit\u00e9 pro adelanto Pangal Bajo-R\u00edo Los Palos en el sentido que necesitamos con urgencia el trabajo en el sector por el tema de conectividad, afortunadamente hemos llegado a buen t\u00e9rmino entendiendo que los plazos no son cortos, pero lo importante es poder empezar, para llegar a concretar la construcci\u00f3n de un puente que es lo que nosotros definitivamente requerimos en el sector\u201d.<\/p>\n<p style=\"text-align: justify;\">Mientras en la reuni\u00f3n hubo un compromiso entre el Seremi del MOP y la municipalidad, a trav\u00e9s del Alcalde Julio Uribe, para que ellos puedan realizar el proyecto y posteriormente seguir los conductos regulares, los vecinos y vecinas comenzaron a trabajar para reaccionar ante eventuales emergencias, \u201cestamos en instancias de poder preparar brigadas de bomberos en el sector porque es nuestra primera urgencia dada las circunstancias en la que nos encontramos, en donde obviamente los bomberos no pueden pasar por la pasarela y tambi\u00e9n por la distancia, se calcula entre unos 20 minutos, as\u00ed que la primera intervenci\u00f3n es de la de los vecinos, y para eso estamos trabajando\u201d indicaba Jos\u00e9 Jara.<\/p>\n<p style=\"text-align: justify;\">En tanto la Seremi del Trabajo en su calidad como Delegada Presidencial (s) de la provincia de Ays\u00e9n Andrea Ponce destacaba el buen ambiente de trabajo que hubo para ir en ayuda de los vecinos y vecinas del sector \u201cen estos momentos que me toca representar al Presidente Sebasti\u00e1n Pi\u00f1era quedamos conformes con los temas tratados en esta reuni\u00f3n de trabajo, estuvimos las instituciones gubernamentales junto al Alcalde de la municipalidad de Ays\u00e9n junto a su grupo de profesionales y obviamente con los vecinos que viven en el lugar,\u00a0 avanzamos y buscamos soluciones a corto y mediano plazo, agradezco el cordial tono en que se llev\u00f3 esta reuni\u00f3n porque aqu\u00ed se pone por delante las reales necesidades de las familias de nuestra provincia\u201d.<\/p>\n<\/div><\/section><\/div>\n<div  style='height:50px' class='hr hr-invisible   avia-builder-el-6  el_after_av_one_full  el_before_av_social_share '><span class='hr-inner ' ><span class='hr-inner-style'><\/span><\/span><\/div>\n<div  class='av-social-sharing-box  avia-builder-el-7  el_after_av_hr  el_before_av_hr  '><div class='av-share-box'><h5 class='av-share-link-description av-no-toc '>Compartir esta noticia<\/h5><ul class='av-share-box-list noLightbox'><li class='av-share-link av-social-link-facebook' ><a target=\"_blank\" aria-label=\"Compartir en Facebook\" href='https:\/\/www.facebook.com\/sharer.php?u=https:\/\/radiorevelacionfm.cl\/?p=9938&#038;t=Comit%C3%A9%20pro%20adelanto%20R%C3%ADo%20Los%20Palos%20se%20reuni%C3%B3%20con%20autoridades%20para%20abordar%20conectividad' aria-hidden='false' data-av_icon='\ue8f3' data-av_iconfont='entypo-fontello' title='' data-avia-related-tooltip='Compartir en Facebook' rel=\"noopener\"><span class='avia_hidden_link_text'>Compartir en Facebook<\/span><\/a><\/li><li class='av-share-link av-social-link-twitter' ><a target=\"_blank\" aria-label=\"Compartir en Twitter\" href='https:\/\/twitter.com\/share?text=Comit%C3%A9%20pro%20adelanto%20R%C3%ADo%20Los%20Palos%20se%20reuni%C3%B3%20con%20autoridades%20para%20abordar%20conectividad&#038;url=https:\/\/radiorevelacionfm.cl\/?p=9938' aria-hidden='false' data-av_icon='\ue8f1' data-av_iconfont='entypo-fontello' title='' data-avia-related-tooltip='Compartir en Twitter' rel=\"noopener\"><span class='avia_hidden_link_text'>Compartir en Twitter<\/span><\/a><\/li><li class='av-share-link av-social-link-whatsapp' ><a target=\"_blank\" aria-label=\"Compartir en Whatsapp\" href='https:\/\/api.whatsapp.com\/send?text=https:\/\/radiorevelacionfm.cl\/?p=9938' aria-hidden='false' data-av_icon='\uf232' data-av_iconfont='entypo-fontello' title='' data-avia-related-tooltip='Compartir en Whatsapp' rel=\"noopener\"><span class='avia_hidden_link_text'>Compartir en Whatsapp<\/span><\/a><\/li><li class='av-share-link av-social-link-linkedin' ><a target=\"_blank\" aria-label=\"Compartir en LinkedIn\" href='https:\/\/linkedin.com\/shareArticle?mini=true&#038;title=Comit%C3%A9%20pro%20adelanto%20R%C3%ADo%20Los%20Palos%20se%20reuni%C3%B3%20con%20autoridades%20para%20abordar%20conectividad&#038;url=https:\/\/radiorevelacionfm.cl\/?p=9938' aria-hidden='false' data-av_icon='\ue8fc' data-av_iconfont='entypo-fontello' title='' data-avia-related-tooltip='Compartir en LinkedIn' rel=\"noopener\"><span class='avia_hidden_link_text'>Compartir en LinkedIn<\/span><\/a><\/li><li class='av-share-link av-social-link-mail' ><a  aria-label=\"Compartir por correo\" href='mailto:?subject=Comit%C3%A9%20pro%20adelanto%20R%C3%ADo%20Los%20Palos%20se%20reuni%C3%B3%20con%20autoridades%20para%20abordar%20conectividad&#038;body=https:\/\/radiorevelacionfm.cl\/?p=9938' aria-hidden='false' data-av_icon='\ue805' data-av_iconfont='entypo-fontello' title='' data-avia-related-tooltip='Compartir por correo'><span class='avia_hidden_link_text'>Compartir por correo<\/span><\/a><\/li><\/ul><\/div><\/div>\n<div  style='height:50px' class='hr hr-invisible   avia-builder-el-8  el_after_av_social_share  el_before_av_comments_list '><span class='hr-inner ' ><span class='hr-inner-style'><\/span><\/span><\/div>\n<div  class='av-buildercomment  av-blog-meta-html-info-disabled av-blog-meta-tag-disabled  '><\/div>\n","protected":false},"excerpt":{"rendered":"","protected":false},"author":1,"featured_media":9943,"comment_status":"open","ping_status":"open","sticky":false,"template":"","format":"standard","meta":{"footnotes":""},"categories":[38],"tags":[],"class_list":["post-9938","post","type-post","status-publish","format-standard","has-post-thumbnail","hentry","category-regional"],"jetpack_featured_media_url":"https:\/\/radiorevelacionfm.cl\/wp-content\/uploads\/2021\/10\/Comite-2021-10-14-2-1.jpeg","_links":{"self":[{"href":"https:\/\/radiorevelacionfm.cl\/index.php?rest_route=\/wp\/v2\/posts\/9938","targetHints":{"allow":["GET"]}}],"collection":[{"href":"https:\/\/radiorevelacionfm.cl\/index.php?rest_route=\/wp\/v2\/posts"}],"about":[{"href":"https:\/\/radiorevelacionfm.cl\/index.php?rest_route=\/wp\/v2\/types\/post"}],"author":[{"embeddable":true,"href":"https:\/\/radiorevelacionfm.cl\/index.php?rest_route=\/wp\/v2\/users\/1"}],"replies":[{"embeddable":true,"href":"https:\/\/radiorevelacionfm.cl\/index.php?rest_route=%2Fwp%2Fv2%2Fcomments&post=9938"}],"version-history":[{"count":2,"href":"https:\/\/radiorevelacionfm.cl\/index.php?rest_route=\/wp\/v2\/posts\/9938\/revisions"}],"predecessor-version":[{"id":9944,"href":"https:\/\/radiorevelacionfm.cl\/index.php?rest_route=\/wp\/v2\/posts\/9938\/revisions\/9944"}],"wp:featuredmedia":[{"embeddable":true,"href":"https:\/\/radiorevelacionfm.cl\/index.php?rest_route=\/wp\/v2\/media\/9943"}],"wp:attachment":[{"href":"https:\/\/radiorevelacionfm.cl\/index.php?rest_route=%2Fwp%2Fv2%2Fmedia&parent=9938"}],"wp:term":[{"taxonomy":"category","embeddable":true,"href":"https:\/\/radiorevelacionfm.cl\/index.php?rest_route=%2Fwp%2Fv2%2Fcategories&post=9938"},{"taxonomy":"post_tag","embeddable":true,"href":"https:\/\/radiorevelacionfm.cl\/index.php?rest_route=%2Fwp%2Fv2%2Ftags&post=9938"}],"curies":[{"name":"wp","href":"https:\/\/api.w.org\/{rel}","templated":true}]}}