{"id":9935,"date":"2021-10-22T19:40:15","date_gmt":"2021-10-22T22:40:15","guid":{"rendered":"https:\/\/radiorevelacionfm.cl\/?p=9935"},"modified":"2021-10-22T19:40:15","modified_gmt":"2021-10-22T22:40:15","slug":"gimnastas-del-club-aliwen-patagonia-se-preparan-para-participar-en-campeonato-nacional","status":"publish","type":"post","link":"https:\/\/radiorevelacionfm.cl\/?p=9935","title":{"rendered":"Gimnastas del Club Aliwen Patagonia se preparan para participar en Campeonato Nacional"},"content":{"rendered":"<div class=\"flex_column av_one_full  flex_column_div av-zero-column-padding first  avia-builder-el-0  el_before_av_one_full  avia-builder-el-first  \" style='border-radius:0px; '><div  class='avia-image-container  av-styling-    avia-builder-el-1  avia-builder-el-no-sibling  avia-align-center '  itemprop=\"image\" itemscope=\"itemscope\" itemtype=\"https:\/\/schema.org\/ImageObject\"  ><div class='avia-image-container-inner'><div class='avia-image-overlay-wrap'><img decoding=\"async\" class='wp-image-9936 avia-img-lazy-loading-not-9936 avia_image' src=\"https:\/\/radiorevelacionfm.cl\/wp-content\/uploads\/2021\/10\/parque1-1-1.jpg\" alt='' title='parque1 (1) (1)' height=\"600\" width=\"900\"  itemprop=\"thumbnailUrl\" srcset=\"https:\/\/radiorevelacionfm.cl\/wp-content\/uploads\/2021\/10\/parque1-1-1.jpg 900w, https:\/\/radiorevelacionfm.cl\/wp-content\/uploads\/2021\/10\/parque1-1-1-300x200.jpg 300w, https:\/\/radiorevelacionfm.cl\/wp-content\/uploads\/2021\/10\/parque1-1-1-768x512.jpg 768w, https:\/\/radiorevelacionfm.cl\/wp-content\/uploads\/2021\/10\/parque1-1-1-705x470.jpg 705w, https:\/\/radiorevelacionfm.cl\/wp-content\/uploads\/2021\/10\/parque1-1-1-600x400.jpg 600w\" sizes=\"(max-width: 900px) 100vw, 900px\" \/><\/div><\/div><\/div><\/div><div class=\"flex_column av_one_full  flex_column_div av-zero-column-padding first  avia-builder-el-2  el_after_av_one_full  el_before_av_one_full  column-top-margin\" style='border-radius:0px; '><section class=\"av_textblock_section \"  itemscope=\"itemscope\" itemtype=\"https:\/\/schema.org\/BlogPosting\" itemprop=\"blogPost\" ><div class='avia_textblock  '   itemprop=\"text\" ><p style=\"text-align: center;\"><span style=\"font-size: 18pt;\"><b>Gimnastas del Club Aliwen Patagonia se preparan para participar en Campeonato Nacional<\/b><\/span><\/p>\n<div id=\"gtx-trans\" style=\"position: absolute; left: -50px; top: 4.31534px;\">\n<div class=\"gtx-trans-icon\"><\/div>\n<\/div>\n<\/div><\/section><\/div><div class=\"flex_column av_one_full  flex_column_div av-zero-column-padding first  avia-builder-el-4  el_after_av_one_full  el_before_av_hr  column-top-margin\" style='border-radius:0px; '><section class=\"av_textblock_section \"  itemscope=\"itemscope\" itemtype=\"https:\/\/schema.org\/BlogPosting\" itemprop=\"blogPost\" ><div class='avia_textblock  '   itemprop=\"text\" ><div>\n<p class=\"v1MsoNormal\" style=\"text-align: justify;\">Profesionales del Departamento de Competici\u00f3n del IND regional realizaron una visita al Club Aliwen, en el marco de la donaci\u00f3n de implementaci\u00f3n deportiva realizada por el instituto.<\/p>\n<p class=\"v1MsoNormal\" style=\"text-align: justify;\">A la visita se sum\u00f3 el Seremi del Deporte Rodrigo Cubilla Retamal, qui\u00e9n conoci\u00f3 el trabajo formativo que realiza Francisca Peregrin junto al profesor Claudio Brice\u00f1o, durante la visita se\u00f1al\u00f3 \u00abperi\u00f3dicamente como Mindep realizamos visitas a clubes y talleres y en esta oportunidad llegamos hasta el sector del parque de diversi\u00f3n El Embrujo para presenciar uno de los entrenamientos, conocer a sus entrenadores, deportistas y conversar sobre la proyecci\u00f3n del club y sus necesidades\u00bb, precis\u00f3 la autoridad regional.<\/p>\n<p class=\"v1MsoNormal\" style=\"text-align: justify;\">Por su arte Francisca Peregrin, explic\u00f3 \u00abes un espacio destinado a la pr\u00e1ctica de gimnasia art\u00edstica y deportiva para ni\u00f1as\/os y adolescentes de la regi\u00f3n de Ays\u00e9n, nuestro principal objetivo desarrollar y potenciar las habilidades motrices a trav\u00e9s de la gimnasia deportiva y art\u00edstica, partimos con 9 ni\u00f1as y actualmente contamos con 23, el rango de edades va desde los 4 en adelante y actualmente gracias a la generosidad de Eusebio Moraga y Karina Fern\u00e1ndez, estamos entrenando en un sector en su parque de diversiones \u00abEl Embrujo\u00bb.<\/p>\n<p class=\"v1MsoNormal\" style=\"text-align: justify;\">Actualmente, las gimnastas se est\u00e1n preparando para participar en el Campeonato Nacional organizado por la Federaci\u00f3n de Gimnasia Art\u00edstica que se desarrollar\u00e1 en diciembre en la ciudad de Santiago.<\/p>\n<p class=\"v1MsoNormal\" style=\"text-align: justify;\">M\u00e1s informaci\u00f3n sobre el club y c\u00f3mo participar escribir a <a href=\"mailto:clubaliwenpatagoniachile@gmail.com\" rel=\"noreferrer\">clubaliwenpatagoniachile@gmail.com<\/a>\u00a0, o llamar a 932290919-964349665<\/p>\n<\/div>\n<div style=\"text-align: justify;\"><\/div>\n<\/div><\/section><\/div><div  style='height:50px' class='hr hr-invisible   avia-builder-el-6  el_after_av_one_full  el_before_av_social_share '><span class='hr-inner ' ><span class='hr-inner-style'><\/span><\/span><\/div><\/p>\n<div  class='av-social-sharing-box  avia-builder-el-7  el_after_av_hr  el_before_av_hr  '><div class='av-share-box'><h5 class='av-share-link-description av-no-toc '>Compartir esta noticia<\/h5><ul class='av-share-box-list noLightbox'><li class='av-share-link av-social-link-facebook' ><a target=\"_blank\" aria-label=\"Compartir en Facebook\" href='https:\/\/www.facebook.com\/sharer.php?u=https:\/\/radiorevelacionfm.cl\/?p=9935&#038;t=Gimnastas%20del%20Club%20Aliwen%20Patagonia%20se%20preparan%20para%20participar%20en%20Campeonato%20Nacional' aria-hidden='false' data-av_icon='\ue8f3' data-av_iconfont='entypo-fontello' title='' data-avia-related-tooltip='Compartir en Facebook' rel=\"noopener\"><span class='avia_hidden_link_text'>Compartir en Facebook<\/span><\/a><\/li><li class='av-share-link av-social-link-twitter' ><a target=\"_blank\" aria-label=\"Compartir en Twitter\" href='https:\/\/twitter.com\/share?text=Gimnastas%20del%20Club%20Aliwen%20Patagonia%20se%20preparan%20para%20participar%20en%20Campeonato%20Nacional&#038;url=https:\/\/radiorevelacionfm.cl\/?p=9935' aria-hidden='false' data-av_icon='\ue8f1' data-av_iconfont='entypo-fontello' title='' data-avia-related-tooltip='Compartir en Twitter' rel=\"noopener\"><span class='avia_hidden_link_text'>Compartir en Twitter<\/span><\/a><\/li><li class='av-share-link av-social-link-whatsapp' ><a target=\"_blank\" aria-label=\"Compartir en Whatsapp\" href='https:\/\/api.whatsapp.com\/send?text=https:\/\/radiorevelacionfm.cl\/?p=9935' aria-hidden='false' data-av_icon='\uf232' data-av_iconfont='entypo-fontello' title='' data-avia-related-tooltip='Compartir en Whatsapp' rel=\"noopener\"><span class='avia_hidden_link_text'>Compartir en Whatsapp<\/span><\/a><\/li><li class='av-share-link av-social-link-linkedin' ><a target=\"_blank\" aria-label=\"Compartir en LinkedIn\" href='https:\/\/linkedin.com\/shareArticle?mini=true&#038;title=Gimnastas%20del%20Club%20Aliwen%20Patagonia%20se%20preparan%20para%20participar%20en%20Campeonato%20Nacional&#038;url=https:\/\/radiorevelacionfm.cl\/?p=9935' aria-hidden='false' data-av_icon='\ue8fc' data-av_iconfont='entypo-fontello' title='' data-avia-related-tooltip='Compartir en LinkedIn' rel=\"noopener\"><span class='avia_hidden_link_text'>Compartir en LinkedIn<\/span><\/a><\/li><li class='av-share-link av-social-link-mail' ><a  aria-label=\"Compartir por correo\" href='mailto:?subject=Gimnastas%20del%20Club%20Aliwen%20Patagonia%20se%20preparan%20para%20participar%20en%20Campeonato%20Nacional&#038;body=https:\/\/radiorevelacionfm.cl\/?p=9935' aria-hidden='false' data-av_icon='\ue805' data-av_iconfont='entypo-fontello' title='' data-avia-related-tooltip='Compartir por correo'><span class='avia_hidden_link_text'>Compartir por correo<\/span><\/a><\/li><\/ul><\/div><\/div>\n<div  style='height:50px' class='hr hr-invisible   avia-builder-el-8  el_after_av_social_share  el_before_av_comments_list '><span class='hr-inner ' ><span class='hr-inner-style'><\/span><\/span><\/div>\n<div  class='av-buildercomment  av-blog-meta-html-info-disabled av-blog-meta-tag-disabled  '><\/div>\n","protected":false},"excerpt":{"rendered":"","protected":false},"author":1,"featured_media":9936,"comment_status":"open","ping_status":"open","sticky":false,"template":"","format":"standard","meta":{"footnotes":""},"categories":[40],"tags":[],"class_list":["post-9935","post","type-post","status-publish","format-standard","has-post-thumbnail","hentry","category-deportes"],"jetpack_featured_media_url":"https:\/\/radiorevelacionfm.cl\/wp-content\/uploads\/2021\/10\/parque1-1-1.jpg","_links":{"self":[{"href":"https:\/\/radiorevelacionfm.cl\/index.php?rest_route=\/wp\/v2\/posts\/9935","targetHints":{"allow":["GET"]}}],"collection":[{"href":"https:\/\/radiorevelacionfm.cl\/index.php?rest_route=\/wp\/v2\/posts"}],"about":[{"href":"https:\/\/radiorevelacionfm.cl\/index.php?rest_route=\/wp\/v2\/types\/post"}],"author":[{"embeddable":true,"href":"https:\/\/radiorevelacionfm.cl\/index.php?rest_route=\/wp\/v2\/users\/1"}],"replies":[{"embeddable":true,"href":"https:\/\/radiorevelacionfm.cl\/index.php?rest_route=%2Fwp%2Fv2%2Fcomments&post=9935"}],"version-history":[{"count":1,"href":"https:\/\/radiorevelacionfm.cl\/index.php?rest_route=\/wp\/v2\/posts\/9935\/revisions"}],"predecessor-version":[{"id":9937,"href":"https:\/\/radiorevelacionfm.cl\/index.php?rest_route=\/wp\/v2\/posts\/9935\/revisions\/9937"}],"wp:featuredmedia":[{"embeddable":true,"href":"https:\/\/radiorevelacionfm.cl\/index.php?rest_route=\/wp\/v2\/media\/9936"}],"wp:attachment":[{"href":"https:\/\/radiorevelacionfm.cl\/index.php?rest_route=%2Fwp%2Fv2%2Fmedia&parent=9935"}],"wp:term":[{"taxonomy":"category","embeddable":true,"href":"https:\/\/radiorevelacionfm.cl\/index.php?rest_route=%2Fwp%2Fv2%2Fcategories&post=9935"},{"taxonomy":"post_tag","embeddable":true,"href":"https:\/\/radiorevelacionfm.cl\/index.php?rest_route=%2Fwp%2Fv2%2Ftags&post=9935"}],"curies":[{"name":"wp","href":"https:\/\/api.w.org\/{rel}","templated":true}]}}