{"id":9932,"date":"2021-10-23T10:00:38","date_gmt":"2021-10-23T13:00:38","guid":{"rendered":"https:\/\/radiorevelacionfm.cl\/?p=9932"},"modified":"2021-10-23T10:14:46","modified_gmt":"2021-10-23T13:14:46","slug":"cuadrillas-sanitarias-de-aysen-realizaron-intercambio-de-experiencias-con-otras-regiones","status":"publish","type":"post","link":"https:\/\/radiorevelacionfm.cl\/?p=9932","title":{"rendered":"Cuadrillas Sanitarias de Ays\u00e9n realizaron intercambio de experiencias con otras regiones"},"content":{"rendered":"<div class=\"flex_column av_one_full  flex_column_div av-zero-column-padding first  avia-builder-el-0  el_before_av_one_full  avia-builder-el-first  \" style='border-radius:0px; '><div  class='avia-image-container  av-styling-    avia-builder-el-1  avia-builder-el-no-sibling  avia-align-center '  itemprop=\"image\" itemscope=\"itemscope\" itemtype=\"https:\/\/schema.org\/ImageObject\"  ><div class='avia-image-container-inner'><div class='avia-image-overlay-wrap'><img decoding=\"async\" class='wp-image-9933 avia-img-lazy-loading-not-9933 avia_image' src=\"https:\/\/radiorevelacionfm.cl\/wp-content\/uploads\/2021\/10\/encuentro-cuadrillas-1.jpeg\" alt='' title='encuentro cuadrillas (1)' height=\"600\" width=\"800\"  itemprop=\"thumbnailUrl\" srcset=\"https:\/\/radiorevelacionfm.cl\/wp-content\/uploads\/2021\/10\/encuentro-cuadrillas-1.jpeg 800w, https:\/\/radiorevelacionfm.cl\/wp-content\/uploads\/2021\/10\/encuentro-cuadrillas-1-300x225.jpeg 300w, https:\/\/radiorevelacionfm.cl\/wp-content\/uploads\/2021\/10\/encuentro-cuadrillas-1-768x576.jpeg 768w, https:\/\/radiorevelacionfm.cl\/wp-content\/uploads\/2021\/10\/encuentro-cuadrillas-1-705x529.jpeg 705w, https:\/\/radiorevelacionfm.cl\/wp-content\/uploads\/2021\/10\/encuentro-cuadrillas-1-600x450.jpeg 600w\" sizes=\"(max-width: 800px) 100vw, 800px\" \/><\/div><\/div><\/div><\/div><div class=\"flex_column av_one_full  flex_column_div av-zero-column-padding first  avia-builder-el-2  el_after_av_one_full  el_before_av_one_full  column-top-margin\" style='border-radius:0px; '><section class=\"av_textblock_section \"  itemscope=\"itemscope\" itemtype=\"https:\/\/schema.org\/BlogPosting\" itemprop=\"blogPost\" ><div class='avia_textblock  '   itemprop=\"text\" ><p style=\"text-align: center;\"><span style=\"font-size: 18pt;\"><strong>Cuadrillas Sanitarias de Ays\u00e9n realizaron intercambio de experiencias con otras regiones <\/strong><\/span><\/p>\n<div id=\"gtx-trans\" style=\"position: absolute; left: -50px; top: 4.31534px;\">\n<div class=\"gtx-trans-icon\"><\/div>\n<\/div>\n<\/div><\/section><\/div><div class=\"flex_column av_one_full  flex_column_div av-zero-column-padding first  avia-builder-el-4  el_after_av_one_full  el_before_av_hr  column-top-margin\" style='border-radius:0px; '><section class=\"av_textblock_section \"  itemscope=\"itemscope\" itemtype=\"https:\/\/schema.org\/BlogPosting\" itemprop=\"blogPost\" ><div class='avia_textblock  '   itemprop=\"text\" ><p style=\"text-align: justify;\">A trav\u00e9s de una reuni\u00f3n de trabajo, donde se analizaron las principales acciones que se han desarrollado en el transcurso de los \u00faltimos meses, representantes de Cuadrillas Sanitarias en tu Barrio de todo el pa\u00eds, tuvieron la oportunidad de intercambiar ideas y experiencias relacionadas con la labor preventiva que han desarrollado en sus respectivos territorios, entregando consejos de autocuidado frente al COVID-19.<\/p>\n<p style=\"text-align: justify;\">Labor de las Cuadrillas Sanitarias en tu Barrio que fue destacada por la Pdta JJVV Clotario Blest II y III Etapa, Sandra Vargas. \u201cHemos aprendido muchas cosas, aprendimos a apoyarnos entre nosotros, aprendimos a cuidarnos entre nosotros no estando cerca. Ese es el principal llamado, m\u00e1s al autocuidado de nuestros adultos mayores que de repente est\u00e1n solitos, aprendimos a cuidarnos m\u00e1s, a estar en familia, a amarnos m\u00e1s, y no esperar que se nos vaya alguno para que estemos sufriendo esa p\u00e9rdida\u201d, puntualiz\u00f3.<\/p>\n<p style=\"text-align: justify;\">Fue as\u00ed como durante esta jornada, dirigentes de Cuadrillas Sanitarias de todo el pa\u00eds expusieron sus metodolog\u00edas y realidades al resto de las regiones, donde se destac\u00f3 el nivel de organizaci\u00f3n y cambios que se han generado en las distintas poblaciones y barrios donde hoy existen estas cuadrillas que buscan resguardar la salud de sus comunidades.<\/p>\n<p style=\"text-align: justify;\">Tal como lo explic\u00f3 la Dirigente de la JJV Mirador, Pamela Chac\u00f3n. \u201cEl proceso de primera era complejo porque ten\u00edamos miedo, pero ahora nos ha servido bastante trabajar con las cuadrillas sanitarias y con los dirigentes en el uso de mascarilla, el lavado de manos, el usar el alcohol gel\u2026 nos cuidamos entre vecinos. Nosotros hacemos puerta a puerta tambi\u00e9n, y cuando nos encontramos en la calle nos conversamos\u2026 hey se te olvid\u00f3 la mascarilla, c\u00f3mo va el lavado de manos.\u00a0 Tenemos un almac\u00e9n de la esquina que lo cuidamos entre todos, tienen que llegar todos con mascarilla porque si no, no le pueden vender porque si se enferma la se\u00f1ora que atiende, c\u00f3mo nos vamos a abastecer? Por eso tenemos que cuidarnos entre todos.<\/p>\n<p style=\"text-align: justify;\">En este contexto, la Seremi de Salud Ays\u00e9n (s), Gloria Beecher, valor\u00f3 esta actividad que permiti\u00f3 conocer la realidad de otras regiones en materia de autocuidado. \u201cEste encuentro nacional, vino a afianzar a\u00fan m\u00e1s los lazos entre nuestras cuadrillas y nuestros dirigentes del territorio, pudimos conocer otras realidades y experiencias que nos van a permitir seguir fortaleciendo el autocuidado y el manejo de esta pandemia con la comunidad\u201d.<\/p>\n<p style=\"text-align: justify;\">Finalmente, cabe se\u00f1alar que las tem\u00e1ticas que se abordaron en esta actividad, pasar\u00e1n a formar parte de un documento que incorporar\u00e1 las principales conclusiones expuestas por los dirigentes de todo el pa\u00eds, gracias al trabajo y an\u00e1lisis que desarrollar\u00e1 de esta jornada la Universidad Aut\u00f3noma.<\/p>\n<\/div><\/section><\/div><div  style='height:50px' class='hr hr-invisible   avia-builder-el-6  el_after_av_one_full  el_before_av_social_share '><span class='hr-inner ' ><span class='hr-inner-style'><\/span><\/span><\/div><\/p>\n<div  class='av-social-sharing-box  avia-builder-el-7  el_after_av_hr  el_before_av_hr  '><div class='av-share-box'><h5 class='av-share-link-description av-no-toc '>Compartir esta noticia<\/h5><ul class='av-share-box-list noLightbox'><li class='av-share-link av-social-link-facebook' ><a target=\"_blank\" aria-label=\"Compartir en Facebook\" href='https:\/\/www.facebook.com\/sharer.php?u=https:\/\/radiorevelacionfm.cl\/?p=9932&#038;t=Cuadrillas%20Sanitarias%20de%20Ays%C3%A9n%20realizaron%20intercambio%20de%20experiencias%20con%20otras%20regiones' aria-hidden='false' data-av_icon='\ue8f3' data-av_iconfont='entypo-fontello' title='' data-avia-related-tooltip='Compartir en Facebook' rel=\"noopener\"><span class='avia_hidden_link_text'>Compartir en Facebook<\/span><\/a><\/li><li class='av-share-link av-social-link-twitter' ><a target=\"_blank\" aria-label=\"Compartir en Twitter\" href='https:\/\/twitter.com\/share?text=Cuadrillas%20Sanitarias%20de%20Ays%C3%A9n%20realizaron%20intercambio%20de%20experiencias%20con%20otras%20regiones&#038;url=https:\/\/radiorevelacionfm.cl\/?p=9932' aria-hidden='false' data-av_icon='\ue8f1' data-av_iconfont='entypo-fontello' title='' data-avia-related-tooltip='Compartir en Twitter' rel=\"noopener\"><span class='avia_hidden_link_text'>Compartir en Twitter<\/span><\/a><\/li><li class='av-share-link av-social-link-whatsapp' ><a target=\"_blank\" aria-label=\"Compartir en Whatsapp\" href='https:\/\/api.whatsapp.com\/send?text=https:\/\/radiorevelacionfm.cl\/?p=9932' aria-hidden='false' data-av_icon='\uf232' data-av_iconfont='entypo-fontello' title='' data-avia-related-tooltip='Compartir en Whatsapp' rel=\"noopener\"><span class='avia_hidden_link_text'>Compartir en Whatsapp<\/span><\/a><\/li><li class='av-share-link av-social-link-linkedin' ><a target=\"_blank\" aria-label=\"Compartir en LinkedIn\" href='https:\/\/linkedin.com\/shareArticle?mini=true&#038;title=Cuadrillas%20Sanitarias%20de%20Ays%C3%A9n%20realizaron%20intercambio%20de%20experiencias%20con%20otras%20regiones&#038;url=https:\/\/radiorevelacionfm.cl\/?p=9932' aria-hidden='false' data-av_icon='\ue8fc' data-av_iconfont='entypo-fontello' title='' data-avia-related-tooltip='Compartir en LinkedIn' rel=\"noopener\"><span class='avia_hidden_link_text'>Compartir en LinkedIn<\/span><\/a><\/li><li class='av-share-link av-social-link-mail' ><a  aria-label=\"Compartir por correo\" href='mailto:?subject=Cuadrillas%20Sanitarias%20de%20Ays%C3%A9n%20realizaron%20intercambio%20de%20experiencias%20con%20otras%20regiones&#038;body=https:\/\/radiorevelacionfm.cl\/?p=9932' aria-hidden='false' data-av_icon='\ue805' data-av_iconfont='entypo-fontello' title='' data-avia-related-tooltip='Compartir por correo'><span class='avia_hidden_link_text'>Compartir por correo<\/span><\/a><\/li><\/ul><\/div><\/div>\n<div  style='height:50px' class='hr hr-invisible   avia-builder-el-8  el_after_av_social_share  el_before_av_comments_list '><span class='hr-inner ' ><span class='hr-inner-style'><\/span><\/span><\/div>\n<div  class='av-buildercomment  av-blog-meta-html-info-disabled av-blog-meta-tag-disabled  '><\/div>\n","protected":false},"excerpt":{"rendered":"","protected":false},"author":1,"featured_media":9933,"comment_status":"open","ping_status":"open","sticky":false,"template":"","format":"standard","meta":{"footnotes":""},"categories":[46],"tags":[],"class_list":["post-9932","post","type-post","status-publish","format-standard","has-post-thumbnail","hentry","category-salud"],"jetpack_featured_media_url":"https:\/\/radiorevelacionfm.cl\/wp-content\/uploads\/2021\/10\/encuentro-cuadrillas-1.jpeg","_links":{"self":[{"href":"https:\/\/radiorevelacionfm.cl\/index.php?rest_route=\/wp\/v2\/posts\/9932","targetHints":{"allow":["GET"]}}],"collection":[{"href":"https:\/\/radiorevelacionfm.cl\/index.php?rest_route=\/wp\/v2\/posts"}],"about":[{"href":"https:\/\/radiorevelacionfm.cl\/index.php?rest_route=\/wp\/v2\/types\/post"}],"author":[{"embeddable":true,"href":"https:\/\/radiorevelacionfm.cl\/index.php?rest_route=\/wp\/v2\/users\/1"}],"replies":[{"embeddable":true,"href":"https:\/\/radiorevelacionfm.cl\/index.php?rest_route=%2Fwp%2Fv2%2Fcomments&post=9932"}],"version-history":[{"count":1,"href":"https:\/\/radiorevelacionfm.cl\/index.php?rest_route=\/wp\/v2\/posts\/9932\/revisions"}],"predecessor-version":[{"id":9934,"href":"https:\/\/radiorevelacionfm.cl\/index.php?rest_route=\/wp\/v2\/posts\/9932\/revisions\/9934"}],"wp:featuredmedia":[{"embeddable":true,"href":"https:\/\/radiorevelacionfm.cl\/index.php?rest_route=\/wp\/v2\/media\/9933"}],"wp:attachment":[{"href":"https:\/\/radiorevelacionfm.cl\/index.php?rest_route=%2Fwp%2Fv2%2Fmedia&parent=9932"}],"wp:term":[{"taxonomy":"category","embeddable":true,"href":"https:\/\/radiorevelacionfm.cl\/index.php?rest_route=%2Fwp%2Fv2%2Fcategories&post=9932"},{"taxonomy":"post_tag","embeddable":true,"href":"https:\/\/radiorevelacionfm.cl\/index.php?rest_route=%2Fwp%2Fv2%2Ftags&post=9932"}],"curies":[{"name":"wp","href":"https:\/\/api.w.org\/{rel}","templated":true}]}}