{"id":9929,"date":"2021-10-22T18:35:54","date_gmt":"2021-10-22T21:35:54","guid":{"rendered":"https:\/\/radiorevelacionfm.cl\/?p=9929"},"modified":"2021-10-22T18:35:54","modified_gmt":"2021-10-22T21:35:54","slug":"festival-de-la-ciencia-en-la-region-un-fin-de-semana-con-actividades-para-toda-la-familia","status":"publish","type":"post","link":"https:\/\/radiorevelacionfm.cl\/?p=9929","title":{"rendered":"Festival de la Ciencia en la regi\u00f3n: un fin de semana con actividades para toda la familia"},"content":{"rendered":"<div class=\"flex_column av_one_full  flex_column_div av-zero-column-padding first  avia-builder-el-0  el_before_av_one_full  avia-builder-el-first  \" style='border-radius:0px; '><div  class='avia-image-container  av-styling-    avia-builder-el-1  avia-builder-el-no-sibling  avia-align-center '  itemprop=\"image\" itemscope=\"itemscope\" itemtype=\"https:\/\/schema.org\/ImageObject\"  ><div class='avia-image-container-inner'><div class='avia-image-overlay-wrap'><img decoding=\"async\" class='wp-image-9930 avia-img-lazy-loading-not-9930 avia_image' src=\"https:\/\/radiorevelacionfm.cl\/wp-content\/uploads\/2021\/10\/web-canto-biodiversidad-1-1.jpg\" alt='' title='web-canto-biodiversidad (1) (1)' height=\"600\" width=\"1021\"  itemprop=\"thumbnailUrl\" srcset=\"https:\/\/radiorevelacionfm.cl\/wp-content\/uploads\/2021\/10\/web-canto-biodiversidad-1-1.jpg 1021w, https:\/\/radiorevelacionfm.cl\/wp-content\/uploads\/2021\/10\/web-canto-biodiversidad-1-1-300x176.jpg 300w, https:\/\/radiorevelacionfm.cl\/wp-content\/uploads\/2021\/10\/web-canto-biodiversidad-1-1-768x451.jpg 768w, https:\/\/radiorevelacionfm.cl\/wp-content\/uploads\/2021\/10\/web-canto-biodiversidad-1-1-705x414.jpg 705w, https:\/\/radiorevelacionfm.cl\/wp-content\/uploads\/2021\/10\/web-canto-biodiversidad-1-1-600x353.jpg 600w\" sizes=\"(max-width: 1021px) 100vw, 1021px\" \/><\/div><\/div><\/div><\/div><div class=\"flex_column av_one_full  flex_column_div av-zero-column-padding first  avia-builder-el-2  el_after_av_one_full  el_before_av_one_full  column-top-margin\" style='border-radius:0px; '><section class=\"av_textblock_section \"  itemscope=\"itemscope\" itemtype=\"https:\/\/schema.org\/BlogPosting\" itemprop=\"blogPost\" ><div class='avia_textblock  '   itemprop=\"text\" ><p style=\"text-align: center;\"><span style=\"font-size: 18pt;\"><strong>Festival de la Ciencia en la regi\u00f3n: un fin de semana con actividades para toda la familia<\/strong><\/span><\/p>\n<div id=\"gtx-trans\" style=\"position: absolute; left: -50px; top: 4.31534px;\">\n<div class=\"gtx-trans-icon\"><\/div>\n<\/div>\n<\/div><\/section><\/div><div class=\"flex_column av_one_full  flex_column_div av-zero-column-padding first  avia-builder-el-4  el_after_av_one_full  el_before_av_hr  column-top-margin\" style='border-radius:0px; '><section class=\"av_textblock_section \"  itemscope=\"itemscope\" itemtype=\"https:\/\/schema.org\/BlogPosting\" itemprop=\"blogPost\" ><div class='avia_textblock  '   itemprop=\"text\" ><p style=\"text-align: justify;\">El Festival de la Ciencia es una celebraci\u00f3n nacional, impulsada por la Divisi\u00f3n de Ciencia y Sociedad del Ministerio de Ciencia, que se celebra anualmente invitando a todas las personas a motivarse por la ciencia, la tecnolog\u00eda, el conocimiento y la innovaci\u00f3n. En la regi\u00f3n de Ays\u00e9n la fiesta, impulsada por el Proyecto Explora Ays\u00e9n, ejecutado por la Universidad Austral de Chile, comenz\u00f3 el mi\u00e9rcoles 20 de octubre, con una selecci\u00f3n de actividades virtuales y presenciales para toda familia enfocadas a rescatar y valorar el patrimonio natural y cultural del territorio.<\/p>\n<p style=\"text-align: justify;\">Viviana Pizarro, integrante del PAR Explora Ays\u00e9n se\u00f1al\u00f3 \u201cen este Festival de la Ciencia hemos querido relevar el conocimiento desde distintas disciplinas y saberes. Hemos congregado a diversos cient\u00edficas, cient\u00edficos, cultores y cultoras, para relevar nuestro patrimonio, tanto natural como cultural en esta gran fiesta de la ciencia. Los dejamos invitados a todas y todos a las actividades que tenemos tanto presenciales como virtuales.\u201d<\/p>\n<p style=\"text-align: justify;\">Los d\u00edas s\u00e1bado 23 y domingo 24 de octubre ser\u00e1 el cierre de este festival y se esperan actividades variadas para todos los gustos:<\/p>\n<p style=\"text-align: justify;\"><strong>S\u00e1bado 23 de octubre<\/strong><\/p>\n<p style=\"text-align: justify;\">A las 12:00 horas se realizar\u00e1 un recorrido virtual por las instalaciones del laboratorio del Centro de Investigaci\u00f3n en Ecosistemas de la Patagonia (CIEP), para conocer qu\u00e9 estudian, con qu\u00e9 herramientas lo hacen y para qu\u00e9 sirven cada uno de los instrumentos dentro del laboratorio.<\/p>\n<p style=\"text-align: justify;\">En la tarde, a las 20:00 horas se espera un concierto virtual de m\u00fasica y poes\u00eda con la participaci\u00f3n de los\/as artistas Luciano Auad, Naara Andariega y Flow de Piel, quienes interpretar\u00e1n al ritmo del folklore aysesino y el rap algunas d\u00e9cimas del libro \u201cBiod\u00e9cimas: un canto a la diversidad biol\u00f3gica de Chile\u201d del ec\u00f3logo y escritor Ramiro Bustamante.<\/p>\n<p style=\"text-align: justify;\"><strong>Domingo 24 de octubre<\/strong><\/p>\n<p style=\"text-align: justify;\">A las 10:00 horas en el Hotel El Reloj se realizar\u00e1 un taller para conocer la antigua t\u00e9cnica milenaria de la cester\u00eda, de la mano de la artesana Emelina Barragan, donde se dar\u00e1n a conocer las bondades de las distintas fibras vegetales disponibles en la regi\u00f3n y su contribuci\u00f3n al desarrollo de los grupos humanos.<\/p>\n<p style=\"text-align: justify;\">A las 12:00 horas el Museo Regional de Ays\u00e9n, junto a investigadores\/as e instituciones de la regi\u00f3n, guiar\u00e1 un viaje virtual hacia el pasado, remont\u00e1ndonos hacia el poblamiento de la regi\u00f3n en un Ays\u00e9n antiguo e inh\u00f3spito, lleno de magia y mitos.<\/p>\n<p style=\"text-align: justify;\"><strong>\u00bfC\u00f3mo me inscribo?<\/strong><\/p>\n<p style=\"text-align: justify;\">Para ser parte de las actividades debes inscribirte a trav\u00e9s del formulario de inscripci\u00f3n: <a href=\"http:\/\/shorturl.at\/dgjD1?fbclid=IwAR0MtoP7QFDeQWfkwwnQjivMCNKsUTPu5InEKv8mLVrKb_NgqXk1S_Iiwnk\">shorturl.at\/dgjD1<\/a><\/p>\n<p style=\"text-align: justify;\">\u00bfQuieres saber m\u00e1s informaci\u00f3n de nuestras actividades? <a href=\"https:\/\/drive.google.com\/file\/d\/1_blXo7yQwBbPo9eY2vN6RV9HgTTYL327\/view\">Revisa el programa de actividades<\/a><\/p>\n<\/div><\/section><\/div><div  style='height:50px' class='hr hr-invisible   avia-builder-el-6  el_after_av_one_full  el_before_av_social_share '><span class='hr-inner ' ><span class='hr-inner-style'><\/span><\/span><\/div><\/p>\n<div  class='av-social-sharing-box  avia-builder-el-7  el_after_av_hr  el_before_av_hr  '><div class='av-share-box'><h5 class='av-share-link-description av-no-toc '>Compartir esta noticia<\/h5><ul class='av-share-box-list noLightbox'><li class='av-share-link av-social-link-facebook' ><a target=\"_blank\" aria-label=\"Compartir en Facebook\" href='https:\/\/www.facebook.com\/sharer.php?u=https:\/\/radiorevelacionfm.cl\/?p=9929&#038;t=Festival%20de%20la%20Ciencia%20en%20la%20regi%C3%B3n%3A%20un%20fin%20de%20semana%20con%20actividades%20para%20toda%20la%20familia' aria-hidden='false' data-av_icon='\ue8f3' data-av_iconfont='entypo-fontello' title='' data-avia-related-tooltip='Compartir en Facebook' rel=\"noopener\"><span class='avia_hidden_link_text'>Compartir en Facebook<\/span><\/a><\/li><li class='av-share-link av-social-link-twitter' ><a target=\"_blank\" aria-label=\"Compartir en Twitter\" href='https:\/\/twitter.com\/share?text=Festival%20de%20la%20Ciencia%20en%20la%20regi%C3%B3n%3A%20un%20fin%20de%20semana%20con%20actividades%20para%20toda%20la%20familia&#038;url=https:\/\/radiorevelacionfm.cl\/?p=9929' aria-hidden='false' data-av_icon='\ue8f1' data-av_iconfont='entypo-fontello' title='' data-avia-related-tooltip='Compartir en Twitter' rel=\"noopener\"><span class='avia_hidden_link_text'>Compartir en Twitter<\/span><\/a><\/li><li class='av-share-link av-social-link-whatsapp' ><a target=\"_blank\" aria-label=\"Compartir en Whatsapp\" href='https:\/\/api.whatsapp.com\/send?text=https:\/\/radiorevelacionfm.cl\/?p=9929' aria-hidden='false' data-av_icon='\uf232' data-av_iconfont='entypo-fontello' title='' data-avia-related-tooltip='Compartir en Whatsapp' rel=\"noopener\"><span class='avia_hidden_link_text'>Compartir en Whatsapp<\/span><\/a><\/li><li class='av-share-link av-social-link-linkedin' ><a target=\"_blank\" aria-label=\"Compartir en LinkedIn\" href='https:\/\/linkedin.com\/shareArticle?mini=true&#038;title=Festival%20de%20la%20Ciencia%20en%20la%20regi%C3%B3n%3A%20un%20fin%20de%20semana%20con%20actividades%20para%20toda%20la%20familia&#038;url=https:\/\/radiorevelacionfm.cl\/?p=9929' aria-hidden='false' data-av_icon='\ue8fc' data-av_iconfont='entypo-fontello' title='' data-avia-related-tooltip='Compartir en LinkedIn' rel=\"noopener\"><span class='avia_hidden_link_text'>Compartir en LinkedIn<\/span><\/a><\/li><li class='av-share-link av-social-link-mail' ><a  aria-label=\"Compartir por correo\" href='mailto:?subject=Festival%20de%20la%20Ciencia%20en%20la%20regi%C3%B3n%3A%20un%20fin%20de%20semana%20con%20actividades%20para%20toda%20la%20familia&#038;body=https:\/\/radiorevelacionfm.cl\/?p=9929' aria-hidden='false' data-av_icon='\ue805' data-av_iconfont='entypo-fontello' title='' data-avia-related-tooltip='Compartir por correo'><span class='avia_hidden_link_text'>Compartir por correo<\/span><\/a><\/li><\/ul><\/div><\/div>\n<div  style='height:50px' class='hr hr-invisible   avia-builder-el-8  el_after_av_social_share  el_before_av_comments_list '><span class='hr-inner ' ><span class='hr-inner-style'><\/span><\/span><\/div>\n<div  class='av-buildercomment  av-blog-meta-html-info-disabled av-blog-meta-tag-disabled  '><\/div>\n","protected":false},"excerpt":{"rendered":"","protected":false},"author":1,"featured_media":9930,"comment_status":"open","ping_status":"open","sticky":false,"template":"","format":"standard","meta":{"footnotes":""},"categories":[53],"tags":[],"class_list":["post-9929","post","type-post","status-publish","format-standard","has-post-thumbnail","hentry","category-ciencia"],"jetpack_featured_media_url":"https:\/\/radiorevelacionfm.cl\/wp-content\/uploads\/2021\/10\/web-canto-biodiversidad-1-1.jpg","_links":{"self":[{"href":"https:\/\/radiorevelacionfm.cl\/index.php?rest_route=\/wp\/v2\/posts\/9929","targetHints":{"allow":["GET"]}}],"collection":[{"href":"https:\/\/radiorevelacionfm.cl\/index.php?rest_route=\/wp\/v2\/posts"}],"about":[{"href":"https:\/\/radiorevelacionfm.cl\/index.php?rest_route=\/wp\/v2\/types\/post"}],"author":[{"embeddable":true,"href":"https:\/\/radiorevelacionfm.cl\/index.php?rest_route=\/wp\/v2\/users\/1"}],"replies":[{"embeddable":true,"href":"https:\/\/radiorevelacionfm.cl\/index.php?rest_route=%2Fwp%2Fv2%2Fcomments&post=9929"}],"version-history":[{"count":1,"href":"https:\/\/radiorevelacionfm.cl\/index.php?rest_route=\/wp\/v2\/posts\/9929\/revisions"}],"predecessor-version":[{"id":9931,"href":"https:\/\/radiorevelacionfm.cl\/index.php?rest_route=\/wp\/v2\/posts\/9929\/revisions\/9931"}],"wp:featuredmedia":[{"embeddable":true,"href":"https:\/\/radiorevelacionfm.cl\/index.php?rest_route=\/wp\/v2\/media\/9930"}],"wp:attachment":[{"href":"https:\/\/radiorevelacionfm.cl\/index.php?rest_route=%2Fwp%2Fv2%2Fmedia&parent=9929"}],"wp:term":[{"taxonomy":"category","embeddable":true,"href":"https:\/\/radiorevelacionfm.cl\/index.php?rest_route=%2Fwp%2Fv2%2Fcategories&post=9929"},{"taxonomy":"post_tag","embeddable":true,"href":"https:\/\/radiorevelacionfm.cl\/index.php?rest_route=%2Fwp%2Fv2%2Ftags&post=9929"}],"curies":[{"name":"wp","href":"https:\/\/api.w.org\/{rel}","templated":true}]}}