{"id":9922,"date":"2021-10-22T16:45:00","date_gmt":"2021-10-22T19:45:00","guid":{"rendered":"https:\/\/radiorevelacionfm.cl\/?p=9922"},"modified":"2021-10-22T16:49:57","modified_gmt":"2021-10-22T19:49:57","slug":"trabajadoras-es-de-conaf-aysen-participan-en-exitosa-jornada-de-autocuidado","status":"publish","type":"post","link":"https:\/\/radiorevelacionfm.cl\/?p=9922","title":{"rendered":"Trabajadores\/as de Conaf Ays\u00e9n participan en exitosa jornada de autocuidado"},"content":{"rendered":"<div class=\"flex_column av_one_full  flex_column_div av-zero-column-padding first  avia-builder-el-0  el_before_av_one_full  avia-builder-el-first  \" style='border-radius:0px; '><div  class='avia-image-container  av-styling-    avia-builder-el-1  avia-builder-el-no-sibling  avia-align-center '  itemprop=\"image\" itemscope=\"itemscope\" itemtype=\"https:\/\/schema.org\/ImageObject\"  ><div class='avia-image-container-inner'><div class='avia-image-overlay-wrap'><img decoding=\"async\" class='wp-image-9923 avia-img-lazy-loading-not-9923 avia_image' src=\"https:\/\/radiorevelacionfm.cl\/wp-content\/uploads\/2021\/10\/1-18-1_optimized.jpeg\" alt='' title='1-(18)-(1)_optimized' height=\"600\" width=\"800\"  itemprop=\"thumbnailUrl\" srcset=\"https:\/\/radiorevelacionfm.cl\/wp-content\/uploads\/2021\/10\/1-18-1_optimized.jpeg 800w, https:\/\/radiorevelacionfm.cl\/wp-content\/uploads\/2021\/10\/1-18-1_optimized-300x225.jpeg 300w, https:\/\/radiorevelacionfm.cl\/wp-content\/uploads\/2021\/10\/1-18-1_optimized-768x576.jpeg 768w, https:\/\/radiorevelacionfm.cl\/wp-content\/uploads\/2021\/10\/1-18-1_optimized-705x529.jpeg 705w, https:\/\/radiorevelacionfm.cl\/wp-content\/uploads\/2021\/10\/1-18-1_optimized-600x450.jpeg 600w\" sizes=\"(max-width: 800px) 100vw, 800px\" \/><\/div><\/div><\/div><\/div>\n<div class=\"flex_column av_one_full  flex_column_div av-zero-column-padding first  avia-builder-el-2  el_after_av_one_full  el_before_av_one_full  column-top-margin\" style='border-radius:0px; '><section class=\"av_textblock_section \"  itemscope=\"itemscope\" itemtype=\"https:\/\/schema.org\/BlogPosting\" itemprop=\"blogPost\" ><div class='avia_textblock  '   itemprop=\"text\" ><p style=\"text-align: center;\"><strong><span style=\"font-size: 18pt;\">Trabajadores\/as de Conaf Ays\u00e9n participan en exitosa jornada de autocuidado<\/span><\/strong><\/p>\n<div id=\"gtx-trans\" style=\"position: absolute; left: -50px; top: 4.31534px;\">\n<div class=\"gtx-trans-icon\"><\/div>\n<\/div>\n<\/div><\/section><\/div><div class=\"flex_column av_one_full  flex_column_div av-zero-column-padding first  avia-builder-el-4  el_after_av_one_full  el_before_av_hr  column-top-margin\" style='border-radius:0px; '><section class=\"av_textblock_section \"  itemscope=\"itemscope\" itemtype=\"https:\/\/schema.org\/BlogPosting\" itemprop=\"blogPost\" ><div class='avia_textblock  '   itemprop=\"text\" ><p style=\"text-align: justify;\">La Corporaci\u00f3n Nacional Forestal se ha visto motivada en contar con jornadas de participaci\u00f3n de cada uno de sus trabajadores y trabajadoras puedan expresar y compartir sus vivencias respecto a las pr\u00e1cticas laborales e igualdad de g\u00e9nero, a modo de construir un ambiente de trabajo sano donde cada uno se sienta importante y protegido.<\/p>\n<p style=\"text-align: justify;\">Es as\u00ed como el centro de la mujer Naa Alver\u00e9, dependiente de la municipalidad de Ays\u00e9n, lider\u00f3 una jornada de autocuidado tratando temas tan importantes como la equidad de g\u00e9nero, el acoso laboral y las buenas pr\u00e1cticas en el trabajo.<\/p>\n<p style=\"text-align: justify;\">Leslie Bruna Bustamante, asistente social que lider\u00f3 la actividad, destac\u00f3 que lo primordial en este tipo de jornadas es que los trabajadores y trabajadoras adquieran herramientas que le permitan solucionar de manera efectiva cualquier de tipo de conflicto de violencia en el cual se puedan ver envueltos.<\/p>\n<p style=\"text-align: justify;\">\u201cCreamos diferentes actividades l\u00fadicas y no es la primera vez que trabajamos con CONAF. Hist\u00f3ricamente hemos estado aliados para desarrollar diversos tipos de actividades, las que se hab\u00edan visto congeladas por la pandemia, pero ahora con gran entusiasmo hemos retomado las actividades de prevenci\u00f3n y estamos muy agradecidos porque CONAF conf\u00eda en nuestro trabajo y esperamos que hayan disfrutado esta jornada\u201d, explic\u00f3 la asistente social.<\/p>\n<p style=\"text-align: justify;\">Esta actividad se desarroll\u00f3 en el camping San Sebasti\u00e1n, perteneciente a la Reserva Nacional R\u00edo Simpson, que adem\u00e1s influy\u00f3 en un desarrollo mucho m\u00e1s libre al estar en contacto con la naturaleza. As\u00ed lo describi\u00f3 el jefe provincial de CONAF Ays\u00e9n, Erwin Toledo Quinteros, quien se sinti\u00f3 muy conforme con esta instancia de participaci\u00f3n, manifestando que \u201ctrabajamos de manera activa con la municipalidad, especialmente con DIDECO y sus diferentes \u00e1reas, ya que nuestra asistente social est\u00e1 siempre buscando la oportunidad de que todos los trabajadores podamos tener estas instancias de colaboraci\u00f3n y participaci\u00f3n activa, donde podamos adquirir conocimientos que nos ayuden a sobrellevar diversas situaciones cotidianas\u201d.<\/p>\n<p style=\"text-align: justify;\"><strong>\u00a0<\/strong><\/p>\n<p style=\"text-align: justify;\"><strong>\u00a0<\/strong><\/p>\n<p style=\"text-align: justify;\"><strong>\u00a0<\/strong><\/p>\n<\/div><\/section><\/div><\/p>\n<div  style='height:50px' class='hr hr-invisible   avia-builder-el-6  el_after_av_one_full  el_before_av_social_share '><span class='hr-inner ' ><span class='hr-inner-style'><\/span><\/span><\/div>\n<div  class='av-social-sharing-box  avia-builder-el-7  el_after_av_hr  el_before_av_hr  '><div class='av-share-box'><h5 class='av-share-link-description av-no-toc '>Compartir esta noticia<\/h5><ul class='av-share-box-list noLightbox'><li class='av-share-link av-social-link-facebook' ><a target=\"_blank\" aria-label=\"Compartir en Facebook\" href='https:\/\/www.facebook.com\/sharer.php?u=https:\/\/radiorevelacionfm.cl\/?p=9922&#038;t=Trabajadores%2Fas%20de%20Conaf%20Ays%C3%A9n%20participan%20en%20exitosa%20jornada%20de%20autocuidado' aria-hidden='false' data-av_icon='\ue8f3' data-av_iconfont='entypo-fontello' title='' data-avia-related-tooltip='Compartir en Facebook' rel=\"noopener\"><span class='avia_hidden_link_text'>Compartir en Facebook<\/span><\/a><\/li><li class='av-share-link av-social-link-twitter' ><a target=\"_blank\" aria-label=\"Compartir en Twitter\" href='https:\/\/twitter.com\/share?text=Trabajadores%2Fas%20de%20Conaf%20Ays%C3%A9n%20participan%20en%20exitosa%20jornada%20de%20autocuidado&#038;url=https:\/\/radiorevelacionfm.cl\/?p=9922' aria-hidden='false' data-av_icon='\ue8f1' data-av_iconfont='entypo-fontello' title='' data-avia-related-tooltip='Compartir en Twitter' rel=\"noopener\"><span class='avia_hidden_link_text'>Compartir en Twitter<\/span><\/a><\/li><li class='av-share-link av-social-link-whatsapp' ><a target=\"_blank\" aria-label=\"Compartir en Whatsapp\" href='https:\/\/api.whatsapp.com\/send?text=https:\/\/radiorevelacionfm.cl\/?p=9922' aria-hidden='false' data-av_icon='\uf232' data-av_iconfont='entypo-fontello' title='' data-avia-related-tooltip='Compartir en Whatsapp' rel=\"noopener\"><span class='avia_hidden_link_text'>Compartir en Whatsapp<\/span><\/a><\/li><li class='av-share-link av-social-link-linkedin' ><a target=\"_blank\" aria-label=\"Compartir en LinkedIn\" href='https:\/\/linkedin.com\/shareArticle?mini=true&#038;title=Trabajadores%2Fas%20de%20Conaf%20Ays%C3%A9n%20participan%20en%20exitosa%20jornada%20de%20autocuidado&#038;url=https:\/\/radiorevelacionfm.cl\/?p=9922' aria-hidden='false' data-av_icon='\ue8fc' data-av_iconfont='entypo-fontello' title='' data-avia-related-tooltip='Compartir en LinkedIn' rel=\"noopener\"><span class='avia_hidden_link_text'>Compartir en LinkedIn<\/span><\/a><\/li><li class='av-share-link av-social-link-mail' ><a  aria-label=\"Compartir por correo\" href='mailto:?subject=Trabajadores%2Fas%20de%20Conaf%20Ays%C3%A9n%20participan%20en%20exitosa%20jornada%20de%20autocuidado&#038;body=https:\/\/radiorevelacionfm.cl\/?p=9922' aria-hidden='false' data-av_icon='\ue805' data-av_iconfont='entypo-fontello' title='' data-avia-related-tooltip='Compartir por correo'><span class='avia_hidden_link_text'>Compartir por correo<\/span><\/a><\/li><\/ul><\/div><\/div>\n<div  style='height:50px' class='hr hr-invisible   avia-builder-el-8  el_after_av_social_share  el_before_av_comments_list '><span class='hr-inner ' ><span class='hr-inner-style'><\/span><\/span><\/div>\n<div  class='av-buildercomment  av-blog-meta-html-info-disabled av-blog-meta-tag-disabled  '><\/div>\n","protected":false},"excerpt":{"rendered":"","protected":false},"author":1,"featured_media":9923,"comment_status":"open","ping_status":"open","sticky":false,"template":"","format":"standard","meta":{"footnotes":""},"categories":[38],"tags":[],"class_list":["post-9922","post","type-post","status-publish","format-standard","has-post-thumbnail","hentry","category-regional"],"jetpack_featured_media_url":"https:\/\/radiorevelacionfm.cl\/wp-content\/uploads\/2021\/10\/1-18-1_optimized.jpeg","_links":{"self":[{"href":"https:\/\/radiorevelacionfm.cl\/index.php?rest_route=\/wp\/v2\/posts\/9922","targetHints":{"allow":["GET"]}}],"collection":[{"href":"https:\/\/radiorevelacionfm.cl\/index.php?rest_route=\/wp\/v2\/posts"}],"about":[{"href":"https:\/\/radiorevelacionfm.cl\/index.php?rest_route=\/wp\/v2\/types\/post"}],"author":[{"embeddable":true,"href":"https:\/\/radiorevelacionfm.cl\/index.php?rest_route=\/wp\/v2\/users\/1"}],"replies":[{"embeddable":true,"href":"https:\/\/radiorevelacionfm.cl\/index.php?rest_route=%2Fwp%2Fv2%2Fcomments&post=9922"}],"version-history":[{"count":2,"href":"https:\/\/radiorevelacionfm.cl\/index.php?rest_route=\/wp\/v2\/posts\/9922\/revisions"}],"predecessor-version":[{"id":9925,"href":"https:\/\/radiorevelacionfm.cl\/index.php?rest_route=\/wp\/v2\/posts\/9922\/revisions\/9925"}],"wp:featuredmedia":[{"embeddable":true,"href":"https:\/\/radiorevelacionfm.cl\/index.php?rest_route=\/wp\/v2\/media\/9923"}],"wp:attachment":[{"href":"https:\/\/radiorevelacionfm.cl\/index.php?rest_route=%2Fwp%2Fv2%2Fmedia&parent=9922"}],"wp:term":[{"taxonomy":"category","embeddable":true,"href":"https:\/\/radiorevelacionfm.cl\/index.php?rest_route=%2Fwp%2Fv2%2Fcategories&post=9922"},{"taxonomy":"post_tag","embeddable":true,"href":"https:\/\/radiorevelacionfm.cl\/index.php?rest_route=%2Fwp%2Fv2%2Ftags&post=9922"}],"curies":[{"name":"wp","href":"https:\/\/api.w.org\/{rel}","templated":true}]}}