{"id":9915,"date":"2021-10-23T14:08:57","date_gmt":"2021-10-23T17:08:57","guid":{"rendered":"https:\/\/radiorevelacionfm.cl\/?p=9915"},"modified":"2021-10-23T14:08:57","modified_gmt":"2021-10-23T17:08:57","slug":"proyecto-busca-impedir-que-candidatos-con-pensiones-de-alimentos-impagas-postulen-a-cargos-de-eleccion-popular","status":"publish","type":"post","link":"https:\/\/radiorevelacionfm.cl\/?p=9915","title":{"rendered":"Proyecto busca impedir que candidatos con pensiones de alimentos impagas postulen a cargos de elecci\u00f3n popular"},"content":{"rendered":"<div class=\"flex_column av_one_full  flex_column_div av-zero-column-padding first  avia-builder-el-0  el_before_av_one_full  avia-builder-el-first  \" style='border-radius:0px; '><div  class='avia-image-container  av-styling-    avia-builder-el-1  avia-builder-el-no-sibling  avia-align-center '  itemprop=\"image\" itemscope=\"itemscope\" itemtype=\"https:\/\/schema.org\/ImageObject\"  ><div class='avia-image-container-inner'><div class='avia-image-overlay-wrap'><img decoding=\"async\" class='wp-image-9917 avia-img-lazy-loading-not-9917 avia_image' src=\"https:\/\/radiorevelacionfm.cl\/wp-content\/uploads\/2021\/10\/pensiones_alimentos-1_optimized.jpeg\" alt='' title='pensiones_alimentos-(1)_optimized' height=\"600\" width=\"1046\"  itemprop=\"thumbnailUrl\" srcset=\"https:\/\/radiorevelacionfm.cl\/wp-content\/uploads\/2021\/10\/pensiones_alimentos-1_optimized.jpeg 1046w, https:\/\/radiorevelacionfm.cl\/wp-content\/uploads\/2021\/10\/pensiones_alimentos-1_optimized-300x172.jpeg 300w, https:\/\/radiorevelacionfm.cl\/wp-content\/uploads\/2021\/10\/pensiones_alimentos-1_optimized-1030x591.jpeg 1030w, https:\/\/radiorevelacionfm.cl\/wp-content\/uploads\/2021\/10\/pensiones_alimentos-1_optimized-768x441.jpeg 768w, https:\/\/radiorevelacionfm.cl\/wp-content\/uploads\/2021\/10\/pensiones_alimentos-1_optimized-705x404.jpeg 705w, https:\/\/radiorevelacionfm.cl\/wp-content\/uploads\/2021\/10\/pensiones_alimentos-1_optimized-600x344.jpeg 600w\" sizes=\"(max-width: 1046px) 100vw, 1046px\" \/><\/div><\/div><\/div><\/div><div class=\"flex_column av_one_full  flex_column_div av-zero-column-padding first  avia-builder-el-2  el_after_av_one_full  el_before_av_one_full  column-top-margin\" style='border-radius:0px; '><section class=\"av_textblock_section \"  itemscope=\"itemscope\" itemtype=\"https:\/\/schema.org\/BlogPosting\" itemprop=\"blogPost\" ><div class='avia_textblock  '   itemprop=\"text\" ><p style=\"text-align: center;\"><strong><span style=\"font-size: 18pt;\">Proyecto busca impedir que candidatos con pensiones de alimentos impagas postulen a cargos de elecci\u00f3n popular<\/span><\/strong><\/p>\n<div id=\"gtx-trans\" style=\"position: absolute; left: -50px; top: 4.31534px;\">\n<div class=\"gtx-trans-icon\"><\/div>\n<\/div>\n<\/div><\/section><\/div><div class=\"flex_column av_one_full  flex_column_div av-zero-column-padding first  avia-builder-el-4  el_after_av_one_full  el_before_av_hr  column-top-margin\" style='border-radius:0px; '><section class=\"av_textblock_section \"  itemscope=\"itemscope\" itemtype=\"https:\/\/schema.org\/BlogPosting\" itemprop=\"blogPost\" ><div class='avia_textblock  '   itemprop=\"text\" ><p style=\"text-align: justify;\">La norma apunta a pasar de la condena social a un requisito formal. Otro proyecto de autor\u00eda parlamentaria, margina tambi\u00e9n de estos procesos, a los condenados por delitos intrafamiliares y quienes se encuentren dentro del Registro de Deudores de Alimentos.<\/p>\n<p style=\"text-align: justify;\">El pago de las pensiones alimenticias hace muchos meses se tom\u00f3 la agenda legislativa. Primero, los retiros de los fondos de pensiones permitieron a miles de madres captar parte de los dineros pendientes. Ahora un proyecto que termina su tramitaci\u00f3n, crea un registro de estos deudores facilitando los cobros respectivos.<\/p>\n<p style=\"text-align: justify;\">En l\u00ednea con lo anterior, un grupo de senadoras presentaron una moci\u00f3n que modifica diversas disposiciones de la Carta Fundamental, con el objeto de\u00a0<strong>prohibir las candidaturas a cargos de elecci\u00f3n popular a quienes tengan deudas alimenticias.<\/strong><\/p>\n<p style=\"text-align: justify;\">La idea surgi\u00f3 en el debate del proyecto que Modifica la ley N\u00ba14.908, sobre abandono de familia y pago de pensiones alimenticias, y crea el Registro Nacional de Deudores de Pensiones de Alimentos.<\/p>\n<p style=\"text-align: justify;\">Habi\u00e9ndose dado cuenta en Sala de esta iniciativa en la pasada Sesi\u00f3n Ordinaria, ahora los integrantes de la\u00a0<a href=\"http:\/\/www.senado.cl\/appsenado\/index.php?mo=comisiones&amp;ac=ficha&amp;id=186&amp;tipo_comision=10\">Comisi\u00f3n de Constituci\u00f3n, Legislaci\u00f3n, Justicia y Reglamento<\/a>\u00a0deber\u00e1n analizar sus ideas matrices y someterlas a votaci\u00f3n en las pr\u00f3ximas semanas.<\/p>\n<p style=\"text-align: justify;\"><span class=\"subtit\">DEUDAS<\/span><\/p>\n<p style=\"text-align: justify;\">Cabe consignar que esta propuesta surgi\u00f3 luego que se conociera una investigaci\u00f3n period\u00edstica que aseguraba que el postulante presidencial del Partido de la Gente, tendr\u00eda deudas impagas por concepto de pensi\u00f3n alimenticia a sus hijos, desde el 2016 a la fecha.<\/p>\n<p style=\"text-align: justify;\">En la moci\u00f3n, las congresistas argumentan que \u201cel 84% de las pensiones de alimentos en nuestro pa\u00eds, se encuentran impagas, afectando con ello a 72 mil ni\u00f1os y ni\u00f1as. Gracias a las retenciones (de los retiros de fondos previsionales) se cancelaron 417 mil millones de pesos.<\/p>\n<p style=\"text-align: justify;\">\u201cSeg\u00fan una encuesta del Ministerio de la Mujer y Equidad de G\u00e9nero, el 46% de las madres no vive con el padre de sus hijos, y de los que viven separados, solo el 35% contribuye a la mantenci\u00f3n de los hijos\u201d, cita el texto.<\/p>\n<p style=\"text-align: justify;\"><span class=\"subtit\">VIOLENCIA INTRAFAMILIAR<\/span><\/p>\n<p style=\"text-align: justify;\">En la misma l\u00ednea, senadores presentaron una moci\u00f3n con el objeto de establecer como\u00a0<strong>requisito para ser candidato a Presidente de la Rep\u00fablica, Senador y Diputado, el no haber sido condenado por delitos de Violencia Intrafamiliar (VIF), ni estar considerado en el Registro de Deudores de Alimentos<\/strong>.<\/p>\n<p style=\"text-align: justify;\">Los legisladores argumentan que \u201chay otros delitos m\u00e1s all\u00e1 de los que merecen pena aflictiva -con penas menores- que por su gravedad y connotaci\u00f3n social debieran impedir que los condenados puedan de todas formas ser candidatos: nos referimos a los delitos relativos a la Violencia Intrafamiliar (VIF). Son tan graves, crudos y, en algunos casos, tristemente emblem\u00e1ticos, que no es aceptable que un condenado por VIF intente llegar al Congreso Nacional, o para peor, a la Presidencia de la Rep\u00fablica\u201d.<\/p>\n<\/div><\/section><\/div><div  style='height:50px' class='hr hr-invisible   avia-builder-el-6  el_after_av_one_full  el_before_av_social_share '><span class='hr-inner ' ><span class='hr-inner-style'><\/span><\/span><\/div><\/p>\n<div  class='av-social-sharing-box  avia-builder-el-7  el_after_av_hr  el_before_av_hr  '><div class='av-share-box'><h5 class='av-share-link-description av-no-toc '>Compartir esta noticia<\/h5><ul class='av-share-box-list noLightbox'><li class='av-share-link av-social-link-facebook' ><a target=\"_blank\" aria-label=\"Compartir en Facebook\" href='https:\/\/www.facebook.com\/sharer.php?u=https:\/\/radiorevelacionfm.cl\/?p=9915&#038;t=Proyecto%20busca%20impedir%20que%20candidatos%20con%20pensiones%20de%20alimentos%20impagas%20postulen%20a%20cargos%20de%20elecci%C3%B3n%20popular' aria-hidden='false' data-av_icon='\ue8f3' data-av_iconfont='entypo-fontello' title='' data-avia-related-tooltip='Compartir en Facebook' rel=\"noopener\"><span class='avia_hidden_link_text'>Compartir en Facebook<\/span><\/a><\/li><li class='av-share-link av-social-link-twitter' ><a target=\"_blank\" aria-label=\"Compartir en Twitter\" href='https:\/\/twitter.com\/share?text=Proyecto%20busca%20impedir%20que%20candidatos%20con%20pensiones%20de%20alimentos%20impagas%20postulen%20a%20cargos%20de%20elecci%C3%B3n%20popular&#038;url=https:\/\/radiorevelacionfm.cl\/?p=9915' aria-hidden='false' data-av_icon='\ue8f1' data-av_iconfont='entypo-fontello' title='' data-avia-related-tooltip='Compartir en Twitter' rel=\"noopener\"><span class='avia_hidden_link_text'>Compartir en Twitter<\/span><\/a><\/li><li class='av-share-link av-social-link-whatsapp' ><a target=\"_blank\" aria-label=\"Compartir en Whatsapp\" href='https:\/\/api.whatsapp.com\/send?text=https:\/\/radiorevelacionfm.cl\/?p=9915' aria-hidden='false' data-av_icon='\uf232' data-av_iconfont='entypo-fontello' title='' data-avia-related-tooltip='Compartir en Whatsapp' rel=\"noopener\"><span class='avia_hidden_link_text'>Compartir en Whatsapp<\/span><\/a><\/li><li class='av-share-link av-social-link-linkedin' ><a target=\"_blank\" aria-label=\"Compartir en LinkedIn\" href='https:\/\/linkedin.com\/shareArticle?mini=true&#038;title=Proyecto%20busca%20impedir%20que%20candidatos%20con%20pensiones%20de%20alimentos%20impagas%20postulen%20a%20cargos%20de%20elecci%C3%B3n%20popular&#038;url=https:\/\/radiorevelacionfm.cl\/?p=9915' aria-hidden='false' data-av_icon='\ue8fc' data-av_iconfont='entypo-fontello' title='' data-avia-related-tooltip='Compartir en LinkedIn' rel=\"noopener\"><span class='avia_hidden_link_text'>Compartir en LinkedIn<\/span><\/a><\/li><li class='av-share-link av-social-link-mail' ><a  aria-label=\"Compartir por correo\" href='mailto:?subject=Proyecto%20busca%20impedir%20que%20candidatos%20con%20pensiones%20de%20alimentos%20impagas%20postulen%20a%20cargos%20de%20elecci%C3%B3n%20popular&#038;body=https:\/\/radiorevelacionfm.cl\/?p=9915' aria-hidden='false' data-av_icon='\ue805' data-av_iconfont='entypo-fontello' title='' data-avia-related-tooltip='Compartir por correo'><span class='avia_hidden_link_text'>Compartir por correo<\/span><\/a><\/li><\/ul><\/div><\/div>\n<div  style='height:50px' class='hr hr-invisible   avia-builder-el-8  el_after_av_social_share  el_before_av_comments_list '><span class='hr-inner ' ><span class='hr-inner-style'><\/span><\/span><\/div>\n<div  class='av-buildercomment  av-blog-meta-html-info-disabled av-blog-meta-tag-disabled  '><\/div>\n","protected":false},"excerpt":{"rendered":"","protected":false},"author":1,"featured_media":9917,"comment_status":"open","ping_status":"open","sticky":false,"template":"","format":"standard","meta":{"footnotes":""},"categories":[35],"tags":[],"class_list":["post-9915","post","type-post","status-publish","format-standard","has-post-thumbnail","hentry","category-politica"],"jetpack_featured_media_url":"https:\/\/radiorevelacionfm.cl\/wp-content\/uploads\/2021\/10\/pensiones_alimentos-1_optimized.jpeg","_links":{"self":[{"href":"https:\/\/radiorevelacionfm.cl\/index.php?rest_route=\/wp\/v2\/posts\/9915","targetHints":{"allow":["GET"]}}],"collection":[{"href":"https:\/\/radiorevelacionfm.cl\/index.php?rest_route=\/wp\/v2\/posts"}],"about":[{"href":"https:\/\/radiorevelacionfm.cl\/index.php?rest_route=\/wp\/v2\/types\/post"}],"author":[{"embeddable":true,"href":"https:\/\/radiorevelacionfm.cl\/index.php?rest_route=\/wp\/v2\/users\/1"}],"replies":[{"embeddable":true,"href":"https:\/\/radiorevelacionfm.cl\/index.php?rest_route=%2Fwp%2Fv2%2Fcomments&post=9915"}],"version-history":[{"count":1,"href":"https:\/\/radiorevelacionfm.cl\/index.php?rest_route=\/wp\/v2\/posts\/9915\/revisions"}],"predecessor-version":[{"id":9918,"href":"https:\/\/radiorevelacionfm.cl\/index.php?rest_route=\/wp\/v2\/posts\/9915\/revisions\/9918"}],"wp:featuredmedia":[{"embeddable":true,"href":"https:\/\/radiorevelacionfm.cl\/index.php?rest_route=\/wp\/v2\/media\/9917"}],"wp:attachment":[{"href":"https:\/\/radiorevelacionfm.cl\/index.php?rest_route=%2Fwp%2Fv2%2Fmedia&parent=9915"}],"wp:term":[{"taxonomy":"category","embeddable":true,"href":"https:\/\/radiorevelacionfm.cl\/index.php?rest_route=%2Fwp%2Fv2%2Fcategories&post=9915"},{"taxonomy":"post_tag","embeddable":true,"href":"https:\/\/radiorevelacionfm.cl\/index.php?rest_route=%2Fwp%2Fv2%2Ftags&post=9915"}],"curies":[{"name":"wp","href":"https:\/\/api.w.org\/{rel}","templated":true}]}}