{"id":9912,"date":"2021-10-23T12:01:42","date_gmt":"2021-10-23T15:01:42","guid":{"rendered":"https:\/\/radiorevelacionfm.cl\/?p=9912"},"modified":"2021-10-23T12:01:42","modified_gmt":"2021-10-23T15:01:42","slug":"invitan-a-participar-en-la-elaboracion-del-2-plan-nacional-de-derechos-humanos-y-empresas","status":"publish","type":"post","link":"https:\/\/radiorevelacionfm.cl\/?p=9912","title":{"rendered":"Invitan a participar en la elaboraci\u00f3n del 2\u00b0 Plan Nacional de Derechos Humanos y Empresas"},"content":{"rendered":"<div class=\"flex_column av_one_full  flex_column_div av-zero-column-padding first  avia-builder-el-0  el_before_av_one_full  avia-builder-el-first  \" style='border-radius:0px; '><div  class='avia-image-container  av-styling-    avia-builder-el-1  avia-builder-el-no-sibling  avia-align-center '  itemprop=\"image\" itemscope=\"itemscope\" itemtype=\"https:\/\/schema.org\/ImageObject\"  ><div class='avia-image-container-inner'><div class='avia-image-overlay-wrap'><img decoding=\"async\" class='wp-image-9913 avia-img-lazy-loading-not-9913 avia_image' src=\"https:\/\/radiorevelacionfm.cl\/wp-content\/uploads\/2021\/10\/plan-nacional-1-1.jpg\" alt='' title='plan nacional (1) (1)' height=\"600\" width=\"1067\"  itemprop=\"thumbnailUrl\" srcset=\"https:\/\/radiorevelacionfm.cl\/wp-content\/uploads\/2021\/10\/plan-nacional-1-1.jpg 1067w, https:\/\/radiorevelacionfm.cl\/wp-content\/uploads\/2021\/10\/plan-nacional-1-1-300x169.jpg 300w, https:\/\/radiorevelacionfm.cl\/wp-content\/uploads\/2021\/10\/plan-nacional-1-1-1030x579.jpg 1030w, https:\/\/radiorevelacionfm.cl\/wp-content\/uploads\/2021\/10\/plan-nacional-1-1-768x432.jpg 768w, https:\/\/radiorevelacionfm.cl\/wp-content\/uploads\/2021\/10\/plan-nacional-1-1-705x396.jpg 705w, https:\/\/radiorevelacionfm.cl\/wp-content\/uploads\/2021\/10\/plan-nacional-1-1-600x337.jpg 600w\" sizes=\"(max-width: 1067px) 100vw, 1067px\" \/><\/div><\/div><\/div><\/div><div class=\"flex_column av_one_full  flex_column_div av-zero-column-padding first  avia-builder-el-2  el_after_av_one_full  el_before_av_one_full  column-top-margin\" style='border-radius:0px; '><section class=\"av_textblock_section \"  itemscope=\"itemscope\" itemtype=\"https:\/\/schema.org\/BlogPosting\" itemprop=\"blogPost\" ><div class='avia_textblock  '   itemprop=\"text\" ><p style=\"text-align: center;\"><strong><span style=\"font-size: 18pt;\">Invitan a participar en la elaboraci\u00f3n del 2\u00b0 Plan Nacional de Derechos Humanos y Empresas<\/span><\/strong><\/p>\n<div id=\"gtx-trans\" style=\"position: absolute; left: -50px; top: 4.31534px;\">\n<div class=\"gtx-trans-icon\"><\/div>\n<\/div>\n<\/div><\/section><\/div><div class=\"flex_column av_one_full  flex_column_div av-zero-column-padding first  avia-builder-el-4  el_after_av_one_full  el_before_av_hr  column-top-margin\" style='border-radius:0px; '><section class=\"av_textblock_section \"  itemscope=\"itemscope\" itemtype=\"https:\/\/schema.org\/BlogPosting\" itemprop=\"blogPost\" ><div class='avia_textblock  '   itemprop=\"text\" ><p style=\"text-align: justify;\">Recientemente el Ministerio de Justicia y DD.HH y la Subsecretar\u00eda de Derechos Humanos, lanzaron el proceso y modalidad de participaci\u00f3n para la elaboraci\u00f3n de la segunda versi\u00f3n del Plan Nacional de Derechos Humanos y Empresa, y que estar\u00e1 disponible hasta el 14 de noviembre pr\u00f3ximo a trav\u00e9s del portal <a href=\"http:\/\/www.planddhhyempresas.gob.cl\">www.planddhhyempresas.gob.cl<\/a>.<\/p>\n<p style=\"text-align: justify;\">Mediante una sesi\u00f3n virtual que cont\u00f3 con la participaci\u00f3n de organismos nacionales e internacionales, se dio a conocer el proceso participativo del 2\u00b0 Plan de Acci\u00f3n Nacional de Acci\u00f3n de Derechos Humanos y Empresas, el cual tiene como objetivo determinar \u00e1mbitos y tem\u00e1ticas de preocupaci\u00f3n preferente en Derechos Humanos y Empresas, y levantar propuestas de acciones a incorporar en la segunda versi\u00f3n del Plan, por parte del Estado.<\/p>\n<p style=\"text-align: justify;\">La plataforma de participaci\u00f3n cuenta adem\u00e1s con informaci\u00f3n y material destinado a conocer m\u00e1s sobre la tem\u00e1tica de los derechos humanos y empresas. En aqu\u00e9lla se puede encontrar el Primer PAN 2017-2020, los reportes de avances semestrales de las acciones entre 2017 y 2020, el informe final de las mismas, el Informe de Evaluaci\u00f3n del Plan de Acci\u00f3n Nacional de DDHH y Empresas realizado por el Programa de Sostenibilidad Corporativa de la Facultad de Derechos de la Universidad Cat\u00f3lica (2020), un documento de Naciones Unidas sobre los Principios Rectores de DDHH y Empresas, as\u00ed como una c\u00e1psula sobre DDHH y Empresas elaborada por la Subsecretar\u00eda de Derechos Humanos, en el marco de sus programas de capacitaci\u00f3n y formaci\u00f3n.<\/p>\n<p style=\"text-align: justify;\">Respecto a esta iniciativa, el Seremi de Justicia y DD.HH Luis Prieto hizo extensiva la invitaci\u00f3n a participar se\u00f1alando \u201cinvitamos a todas y todos a interesarse y aportar con sus ideas en la construcci\u00f3n colaborativa de este 2\u00b0 Plan Nacional de Derechos Humanos y Empresas, que tiene por objetivo incorporar a la sociedad civil y ciudadan\u00eda en el proceso de elaboraci\u00f3n de esta nueva pol\u00edtica p\u00fablica\u201d.<\/p>\n<p style=\"text-align: justify;\">Finalmente, es importante se\u00f1alar que el proceso participativo tiene tres modalidades, ajustadas a la contingencia sanitaria del pa\u00eds; consulta digital, encuentros tem\u00e1ticos para representantes de la sociedad civil y encuentros tem\u00e1ticos para representantes de Pueblos Ind\u00edgenas y Afrodescendientes. Todos quienes quieran participar pueden hacerlo ingresando a la plataforma <a href=\"http:\/\/www.planddhhyempresas.gob\/\">www.planddhhyempresas.go<\/a><u>b.cl<\/u> que estar\u00e1 disponible hasta el 14 de noviembre de este a\u00f1o.<\/p>\n<\/div><\/section><\/div><div  style='height:50px' class='hr hr-invisible   avia-builder-el-6  el_after_av_one_full  el_before_av_social_share '><span class='hr-inner ' ><span class='hr-inner-style'><\/span><\/span><\/div><\/p>\n<div  class='av-social-sharing-box  avia-builder-el-7  el_after_av_hr  el_before_av_hr  '><div class='av-share-box'><h5 class='av-share-link-description av-no-toc '>Compartir esta noticia<\/h5><ul class='av-share-box-list noLightbox'><li class='av-share-link av-social-link-facebook' ><a target=\"_blank\" aria-label=\"Compartir en Facebook\" href='https:\/\/www.facebook.com\/sharer.php?u=https:\/\/radiorevelacionfm.cl\/?p=9912&#038;t=Invitan%20a%20participar%20en%20la%20elaboraci%C3%B3n%20del%202%C2%B0%20Plan%20Nacional%20de%20Derechos%20Humanos%20y%20Empresas' aria-hidden='false' data-av_icon='\ue8f3' data-av_iconfont='entypo-fontello' title='' data-avia-related-tooltip='Compartir en Facebook' rel=\"noopener\"><span class='avia_hidden_link_text'>Compartir en Facebook<\/span><\/a><\/li><li class='av-share-link av-social-link-twitter' ><a target=\"_blank\" aria-label=\"Compartir en Twitter\" href='https:\/\/twitter.com\/share?text=Invitan%20a%20participar%20en%20la%20elaboraci%C3%B3n%20del%202%C2%B0%20Plan%20Nacional%20de%20Derechos%20Humanos%20y%20Empresas&#038;url=https:\/\/radiorevelacionfm.cl\/?p=9912' aria-hidden='false' data-av_icon='\ue8f1' data-av_iconfont='entypo-fontello' title='' data-avia-related-tooltip='Compartir en Twitter' rel=\"noopener\"><span class='avia_hidden_link_text'>Compartir en Twitter<\/span><\/a><\/li><li class='av-share-link av-social-link-whatsapp' ><a target=\"_blank\" aria-label=\"Compartir en Whatsapp\" href='https:\/\/api.whatsapp.com\/send?text=https:\/\/radiorevelacionfm.cl\/?p=9912' aria-hidden='false' data-av_icon='\uf232' data-av_iconfont='entypo-fontello' title='' data-avia-related-tooltip='Compartir en Whatsapp' rel=\"noopener\"><span class='avia_hidden_link_text'>Compartir en Whatsapp<\/span><\/a><\/li><li class='av-share-link av-social-link-linkedin' ><a target=\"_blank\" aria-label=\"Compartir en LinkedIn\" href='https:\/\/linkedin.com\/shareArticle?mini=true&#038;title=Invitan%20a%20participar%20en%20la%20elaboraci%C3%B3n%20del%202%C2%B0%20Plan%20Nacional%20de%20Derechos%20Humanos%20y%20Empresas&#038;url=https:\/\/radiorevelacionfm.cl\/?p=9912' aria-hidden='false' data-av_icon='\ue8fc' data-av_iconfont='entypo-fontello' title='' data-avia-related-tooltip='Compartir en LinkedIn' rel=\"noopener\"><span class='avia_hidden_link_text'>Compartir en LinkedIn<\/span><\/a><\/li><li class='av-share-link av-social-link-mail' ><a  aria-label=\"Compartir por correo\" href='mailto:?subject=Invitan%20a%20participar%20en%20la%20elaboraci%C3%B3n%20del%202%C2%B0%20Plan%20Nacional%20de%20Derechos%20Humanos%20y%20Empresas&#038;body=https:\/\/radiorevelacionfm.cl\/?p=9912' aria-hidden='false' data-av_icon='\ue805' data-av_iconfont='entypo-fontello' title='' data-avia-related-tooltip='Compartir por correo'><span class='avia_hidden_link_text'>Compartir por correo<\/span><\/a><\/li><\/ul><\/div><\/div>\n<div  style='height:50px' class='hr hr-invisible   avia-builder-el-8  el_after_av_social_share  el_before_av_comments_list '><span class='hr-inner ' ><span class='hr-inner-style'><\/span><\/span><\/div>\n<div  class='av-buildercomment  av-blog-meta-html-info-disabled av-blog-meta-tag-disabled  '><\/div>\n","protected":false},"excerpt":{"rendered":"","protected":false},"author":1,"featured_media":9913,"comment_status":"open","ping_status":"open","sticky":false,"template":"","format":"standard","meta":{"footnotes":""},"categories":[55],"tags":[],"class_list":["post-9912","post","type-post","status-publish","format-standard","has-post-thumbnail","hentry","category-justicia"],"jetpack_featured_media_url":"https:\/\/radiorevelacionfm.cl\/wp-content\/uploads\/2021\/10\/plan-nacional-1-1.jpg","_links":{"self":[{"href":"https:\/\/radiorevelacionfm.cl\/index.php?rest_route=\/wp\/v2\/posts\/9912","targetHints":{"allow":["GET"]}}],"collection":[{"href":"https:\/\/radiorevelacionfm.cl\/index.php?rest_route=\/wp\/v2\/posts"}],"about":[{"href":"https:\/\/radiorevelacionfm.cl\/index.php?rest_route=\/wp\/v2\/types\/post"}],"author":[{"embeddable":true,"href":"https:\/\/radiorevelacionfm.cl\/index.php?rest_route=\/wp\/v2\/users\/1"}],"replies":[{"embeddable":true,"href":"https:\/\/radiorevelacionfm.cl\/index.php?rest_route=%2Fwp%2Fv2%2Fcomments&post=9912"}],"version-history":[{"count":1,"href":"https:\/\/radiorevelacionfm.cl\/index.php?rest_route=\/wp\/v2\/posts\/9912\/revisions"}],"predecessor-version":[{"id":9914,"href":"https:\/\/radiorevelacionfm.cl\/index.php?rest_route=\/wp\/v2\/posts\/9912\/revisions\/9914"}],"wp:featuredmedia":[{"embeddable":true,"href":"https:\/\/radiorevelacionfm.cl\/index.php?rest_route=\/wp\/v2\/media\/9913"}],"wp:attachment":[{"href":"https:\/\/radiorevelacionfm.cl\/index.php?rest_route=%2Fwp%2Fv2%2Fmedia&parent=9912"}],"wp:term":[{"taxonomy":"category","embeddable":true,"href":"https:\/\/radiorevelacionfm.cl\/index.php?rest_route=%2Fwp%2Fv2%2Fcategories&post=9912"},{"taxonomy":"post_tag","embeddable":true,"href":"https:\/\/radiorevelacionfm.cl\/index.php?rest_route=%2Fwp%2Fv2%2Ftags&post=9912"}],"curies":[{"name":"wp","href":"https:\/\/api.w.org\/{rel}","templated":true}]}}