{"id":9909,"date":"2021-10-22T16:17:21","date_gmt":"2021-10-22T19:17:21","guid":{"rendered":"https:\/\/radiorevelacionfm.cl\/?p=9909"},"modified":"2021-10-22T16:17:21","modified_gmt":"2021-10-22T19:17:21","slug":"seremi-de-vivienda-destaco-trabajo-con-municipios-dirigentes-y-vecinos-a-traves-del-programa-quiero-mi-barrio","status":"publish","type":"post","link":"https:\/\/radiorevelacionfm.cl\/?p=9909","title":{"rendered":"Seremi de Vivienda destac\u00f3 trabajo con municipios, dirigentes y vecinos a trav\u00e9s del Programa Quiero Mi Barrio"},"content":{"rendered":"<div class=\"flex_column av_one_full  flex_column_div av-zero-column-padding first  avia-builder-el-0  el_before_av_one_full  avia-builder-el-first  \" style='border-radius:0px; '><div  class='avia-image-container  av-styling-    avia-builder-el-1  avia-builder-el-no-sibling  avia-align-center '  itemprop=\"image\" itemscope=\"itemscope\" itemtype=\"https:\/\/schema.org\/ImageObject\"  ><div class='avia-image-container-inner'><div class='avia-image-overlay-wrap'><img decoding=\"async\" class='wp-image-9910 avia-img-lazy-loading-not-9910 avia_image' src=\"https:\/\/radiorevelacionfm.cl\/wp-content\/uploads\/2021\/10\/foto-archivo-seremi-de-vivienda-y-ministro-1_optimized.jpeg\" alt='' title='foto-archivo-seremi-de-vivienda-y-ministro-(1)_optimized' height=\"600\" width=\"1067\"  itemprop=\"thumbnailUrl\" srcset=\"https:\/\/radiorevelacionfm.cl\/wp-content\/uploads\/2021\/10\/foto-archivo-seremi-de-vivienda-y-ministro-1_optimized.jpeg 1067w, https:\/\/radiorevelacionfm.cl\/wp-content\/uploads\/2021\/10\/foto-archivo-seremi-de-vivienda-y-ministro-1_optimized-300x169.jpeg 300w, https:\/\/radiorevelacionfm.cl\/wp-content\/uploads\/2021\/10\/foto-archivo-seremi-de-vivienda-y-ministro-1_optimized-1030x579.jpeg 1030w, https:\/\/radiorevelacionfm.cl\/wp-content\/uploads\/2021\/10\/foto-archivo-seremi-de-vivienda-y-ministro-1_optimized-768x432.jpeg 768w, https:\/\/radiorevelacionfm.cl\/wp-content\/uploads\/2021\/10\/foto-archivo-seremi-de-vivienda-y-ministro-1_optimized-705x396.jpeg 705w, https:\/\/radiorevelacionfm.cl\/wp-content\/uploads\/2021\/10\/foto-archivo-seremi-de-vivienda-y-ministro-1_optimized-600x337.jpeg 600w\" sizes=\"(max-width: 1067px) 100vw, 1067px\" \/><\/div><\/div><\/div><\/div><div class=\"flex_column av_one_full  flex_column_div av-zero-column-padding first  avia-builder-el-2  el_after_av_one_full  el_before_av_one_full  column-top-margin\" style='border-radius:0px; '><section class=\"av_textblock_section \"  itemscope=\"itemscope\" itemtype=\"https:\/\/schema.org\/BlogPosting\" itemprop=\"blogPost\" ><div class='avia_textblock  '   itemprop=\"text\" ><p style=\"text-align: center;\"><span style=\"font-size: 18pt;\"><strong>Seremi de Vivienda destac\u00f3 trabajo con municipios, dirigentes y vecinos a trav\u00e9s del Programa Quiero Mi Barrio<\/strong><\/span><\/p>\n<div id=\"gtx-trans\" style=\"position: absolute; left: -50px; top: 4.31534px;\">\n<div class=\"gtx-trans-icon\"><\/div>\n<\/div>\n<\/div><\/section><\/div><div class=\"flex_column av_one_full  flex_column_div av-zero-column-padding first  avia-builder-el-4  el_after_av_one_full  el_before_av_hr  column-top-margin\" style='border-radius:0px; '><section class=\"av_textblock_section \"  itemscope=\"itemscope\" itemtype=\"https:\/\/schema.org\/BlogPosting\" itemprop=\"blogPost\" ><div class='avia_textblock  '   itemprop=\"text\" ><p style=\"text-align: justify;\">El Seremi de Vivienda y Urbanismo, Diego Silva Barrera, destac\u00f3 el positivo resultado del trabajo que se viene desarrollando en toda la regi\u00f3n a trav\u00e9s del Programa Quiero Mi Barrio, en especial en las comunas de Ays\u00e9n y Coyhaique, y las positivas proyecciones que se abren al llevar por primera vez esta gran experiencia hasta la ciudad de Cochrane, en el sur de la regi\u00f3n.<\/p>\n<p style=\"text-align: justify;\">En ese sentido el Seremi record\u00f3 que la semana pasada el Jurado Regional determin\u00f3 la selecci\u00f3n de los dos nuevos barrios para la regi\u00f3n, el de Inter\u00e9s Regional que corresponde a Cochrane y en la l\u00ednea regular el barrio \u201cEl Bosque Patagonia\u201d de Coyhaique, hist\u00f3rico sector que re\u00fane a m\u00e1s de mil 600 familias, que presenta numerosas carencias y que esperaba desde hace a\u00f1os esta buena noticia.<\/p>\n<p style=\"text-align: justify;\">En ese contexto la autoridad sectorial valor\u00f3 el trabajo del Jurado Regional, que estudi\u00f3 en detalle todos los antecedentes para su votaci\u00f3n, lo que permite descentralizar el accionar del programa y seguir mejorando la vida de miles de vecinos, en especial en las comunas de Coyhaique y Ays\u00e9n, que es donde se han concentrado las intervenciones en los \u00faltimos a\u00f1os. \u201cEste es un programa emblem\u00e1tico de nuestro Ministerio y es muy valorado por los dirigentes y vecinos, ya que son ellos, desde el inicio, los que planifican y deciden las obras y el trabajo que van a desarrollar en su sector. Hay que considerar que en este momento hay cuatro barrios que est\u00e1n siendo intervenidos en la comuna de Ays\u00e9n, con una inversi\u00f3n que bordea los 800 millones de pesos para cada barrio y solo uno en Coyhaique, a lo que se suma ahora este nuevo barrio confirmado por la uni\u00f3n de las poblaciones Villa Patagonia y El Bosque, en un sector densamente poblado de Coyhaique, con m\u00e1s de 545 viviendas, donde se arrastran desde hace muchos a\u00f1os ser\u00edas carencias de \u00e1reas verdes y espacios comunitarios que se espera ir abordando en base a este trabajo participativo y comunitario que llevamos adelante con mucha fuerza y con mucho cari\u00f1o junto a los vecinos y los respectivos municipios\u201d, precis\u00f3.<\/p>\n<p style=\"text-align: justify;\">En ese sentido tambi\u00e9n el Ministro de Vivienda, Felipe Ward, destac\u00f3 el trabajo realizado por el Programa, indicando que \u201cel Quiero Mi Barrio acerca las oportunidades de las ciudades a los barrios junto con fortalecer la cohesi\u00f3n social y mejorar la calidad de vida de las familias en todo el pa\u00eds. Este 2021 seleccionamos 50 nuevos barrios, en los que aportaremos con la recuperaci\u00f3n urbana de estos sectores, respetando su identidad local y respondiendo a los anhelos de miles de vecinos y vecinas a trav\u00e9s de una inversi\u00f3n de 40.400 millones de pesos. Este a\u00f1o, el Programa de Recuperaci\u00f3n de Barrios cumple 15 a\u00f1os, en los que hemos beneficiado a m\u00e1s de un mill\u00f3n y medio de vecinos en 760 barrios y con esta selecci\u00f3n esperamos beneficiar a 100 mil personas m\u00e1s a lo largo de todo Chile\u201d, manifest\u00f3.<\/p>\n<p style=\"text-align: justify;\">Respecto del trabajo a nivel regional el Seremi Diego Silva record\u00f3 finalmente que tambi\u00e9n este a\u00f1o se dio la partida a la intervenci\u00f3n de otro barrio en Villa Ma\u00f1ihuales, de la comuna de Ays\u00e9n, que tambi\u00e9n aporta en la tarea del Gobierno por descentralizar la aplicaci\u00f3n del programa. \u201cEstamos muy optimistas de la labor que vamos a desarrollar con las autoridades, dirigentes y vecinos de Cochrane y de Coyhaique, sin duda hay tremendos desaf\u00edos por delante y muchas expectativas, pero contamos con la tranquilidad de tener equipos con tremendo compromiso social para sacar adelante esta gran tarea, como lo hemos hecho y seguimos haciendo hasta ahora en los 4 barrios de la comuna de Ays\u00e9n y los dos de Coyhaique, con las puertas abiertas para los nuevos sectores que se ir\u00e1n sumando a futuro en estas y otras comunas de la regi\u00f3n\u201d, concluy\u00f3.<\/p>\n<\/div><\/section><\/div><div  style='height:50px' class='hr hr-invisible   avia-builder-el-6  el_after_av_one_full  el_before_av_social_share '><span class='hr-inner ' ><span class='hr-inner-style'><\/span><\/span><\/div><\/p>\n<div  class='av-social-sharing-box  avia-builder-el-7  el_after_av_hr  el_before_av_hr  '><div class='av-share-box'><h5 class='av-share-link-description av-no-toc '>Compartir esta noticia<\/h5><ul class='av-share-box-list noLightbox'><li class='av-share-link av-social-link-facebook' ><a target=\"_blank\" aria-label=\"Compartir en Facebook\" href='https:\/\/www.facebook.com\/sharer.php?u=https:\/\/radiorevelacionfm.cl\/?p=9909&#038;t=Seremi%20de%20Vivienda%20destac%C3%B3%20trabajo%20con%20municipios%2C%20dirigentes%20y%20vecinos%20a%20trav%C3%A9s%20del%20Programa%20Quiero%20Mi%20Barrio' aria-hidden='false' data-av_icon='\ue8f3' data-av_iconfont='entypo-fontello' title='' data-avia-related-tooltip='Compartir en Facebook' rel=\"noopener\"><span class='avia_hidden_link_text'>Compartir en Facebook<\/span><\/a><\/li><li class='av-share-link av-social-link-twitter' ><a target=\"_blank\" aria-label=\"Compartir en Twitter\" href='https:\/\/twitter.com\/share?text=Seremi%20de%20Vivienda%20destac%C3%B3%20trabajo%20con%20municipios%2C%20dirigentes%20y%20vecinos%20a%20trav%C3%A9s%20del%20Programa%20Quiero%20Mi%20Barrio&#038;url=https:\/\/radiorevelacionfm.cl\/?p=9909' aria-hidden='false' data-av_icon='\ue8f1' data-av_iconfont='entypo-fontello' title='' data-avia-related-tooltip='Compartir en Twitter' rel=\"noopener\"><span class='avia_hidden_link_text'>Compartir en Twitter<\/span><\/a><\/li><li class='av-share-link av-social-link-whatsapp' ><a target=\"_blank\" aria-label=\"Compartir en Whatsapp\" href='https:\/\/api.whatsapp.com\/send?text=https:\/\/radiorevelacionfm.cl\/?p=9909' aria-hidden='false' data-av_icon='\uf232' data-av_iconfont='entypo-fontello' title='' data-avia-related-tooltip='Compartir en Whatsapp' rel=\"noopener\"><span class='avia_hidden_link_text'>Compartir en Whatsapp<\/span><\/a><\/li><li class='av-share-link av-social-link-linkedin' ><a target=\"_blank\" aria-label=\"Compartir en LinkedIn\" href='https:\/\/linkedin.com\/shareArticle?mini=true&#038;title=Seremi%20de%20Vivienda%20destac%C3%B3%20trabajo%20con%20municipios%2C%20dirigentes%20y%20vecinos%20a%20trav%C3%A9s%20del%20Programa%20Quiero%20Mi%20Barrio&#038;url=https:\/\/radiorevelacionfm.cl\/?p=9909' aria-hidden='false' data-av_icon='\ue8fc' data-av_iconfont='entypo-fontello' title='' data-avia-related-tooltip='Compartir en LinkedIn' rel=\"noopener\"><span class='avia_hidden_link_text'>Compartir en LinkedIn<\/span><\/a><\/li><li class='av-share-link av-social-link-mail' ><a  aria-label=\"Compartir por correo\" href='mailto:?subject=Seremi%20de%20Vivienda%20destac%C3%B3%20trabajo%20con%20municipios%2C%20dirigentes%20y%20vecinos%20a%20trav%C3%A9s%20del%20Programa%20Quiero%20Mi%20Barrio&#038;body=https:\/\/radiorevelacionfm.cl\/?p=9909' aria-hidden='false' data-av_icon='\ue805' data-av_iconfont='entypo-fontello' title='' data-avia-related-tooltip='Compartir por correo'><span class='avia_hidden_link_text'>Compartir por correo<\/span><\/a><\/li><\/ul><\/div><\/div>\n<div  style='height:50px' class='hr hr-invisible   avia-builder-el-8  el_after_av_social_share  el_before_av_comments_list '><span class='hr-inner ' ><span class='hr-inner-style'><\/span><\/span><\/div>\n<div  class='av-buildercomment  av-blog-meta-html-info-disabled av-blog-meta-tag-disabled  '><\/div>\n","protected":false},"excerpt":{"rendered":"","protected":false},"author":1,"featured_media":9910,"comment_status":"open","ping_status":"open","sticky":false,"template":"","format":"standard","meta":{"footnotes":""},"categories":[57],"tags":[],"class_list":["post-9909","post","type-post","status-publish","format-standard","has-post-thumbnail","hentry","category-vivienda"],"jetpack_featured_media_url":"https:\/\/radiorevelacionfm.cl\/wp-content\/uploads\/2021\/10\/foto-archivo-seremi-de-vivienda-y-ministro-1_optimized.jpeg","_links":{"self":[{"href":"https:\/\/radiorevelacionfm.cl\/index.php?rest_route=\/wp\/v2\/posts\/9909","targetHints":{"allow":["GET"]}}],"collection":[{"href":"https:\/\/radiorevelacionfm.cl\/index.php?rest_route=\/wp\/v2\/posts"}],"about":[{"href":"https:\/\/radiorevelacionfm.cl\/index.php?rest_route=\/wp\/v2\/types\/post"}],"author":[{"embeddable":true,"href":"https:\/\/radiorevelacionfm.cl\/index.php?rest_route=\/wp\/v2\/users\/1"}],"replies":[{"embeddable":true,"href":"https:\/\/radiorevelacionfm.cl\/index.php?rest_route=%2Fwp%2Fv2%2Fcomments&post=9909"}],"version-history":[{"count":1,"href":"https:\/\/radiorevelacionfm.cl\/index.php?rest_route=\/wp\/v2\/posts\/9909\/revisions"}],"predecessor-version":[{"id":9911,"href":"https:\/\/radiorevelacionfm.cl\/index.php?rest_route=\/wp\/v2\/posts\/9909\/revisions\/9911"}],"wp:featuredmedia":[{"embeddable":true,"href":"https:\/\/radiorevelacionfm.cl\/index.php?rest_route=\/wp\/v2\/media\/9910"}],"wp:attachment":[{"href":"https:\/\/radiorevelacionfm.cl\/index.php?rest_route=%2Fwp%2Fv2%2Fmedia&parent=9909"}],"wp:term":[{"taxonomy":"category","embeddable":true,"href":"https:\/\/radiorevelacionfm.cl\/index.php?rest_route=%2Fwp%2Fv2%2Fcategories&post=9909"},{"taxonomy":"post_tag","embeddable":true,"href":"https:\/\/radiorevelacionfm.cl\/index.php?rest_route=%2Fwp%2Fv2%2Ftags&post=9909"}],"curies":[{"name":"wp","href":"https:\/\/api.w.org\/{rel}","templated":true}]}}