{"id":9905,"date":"2021-10-22T15:03:05","date_gmt":"2021-10-22T18:03:05","guid":{"rendered":"https:\/\/radiorevelacionfm.cl\/?p=9905"},"modified":"2021-10-22T15:03:05","modified_gmt":"2021-10-22T18:03:05","slug":"camara-de-turismo-de-coyhaique-junto-con-autoridades-lanzaron-la-semana-de-la-pyme-aysen-2021","status":"publish","type":"post","link":"https:\/\/radiorevelacionfm.cl\/?p=9905","title":{"rendered":"C\u00e1mara de Turismo de Coyhaique junto con autoridades lanzaron la Semana de la Pyme &#8211; Ays\u00e9n 2021"},"content":{"rendered":"<div class=\"flex_column av_one_full  flex_column_div av-zero-column-padding first  avia-builder-el-0  el_before_av_one_full  avia-builder-el-first  \" style='border-radius:0px; '><div  class='avia-image-container  av-styling-    avia-builder-el-1  avia-builder-el-no-sibling  avia-align-center '  itemprop=\"image\" itemscope=\"itemscope\" itemtype=\"https:\/\/schema.org\/ImageObject\"  ><div class='avia-image-container-inner'><div class='avia-image-overlay-wrap'><img decoding=\"async\" class='wp-image-9907 avia-img-lazy-loading-not-9907 avia_image' src=\"https:\/\/radiorevelacionfm.cl\/wp-content\/uploads\/2021\/10\/LANZAMIENTO-SEMANA-DE-LA-PYME-5-1.jpeg\" alt='' title='LANZAMIENTO SEMANA DE LA PYME (5) (1)' height=\"600\" width=\"939\"  itemprop=\"thumbnailUrl\" srcset=\"https:\/\/radiorevelacionfm.cl\/wp-content\/uploads\/2021\/10\/LANZAMIENTO-SEMANA-DE-LA-PYME-5-1.jpeg 939w, https:\/\/radiorevelacionfm.cl\/wp-content\/uploads\/2021\/10\/LANZAMIENTO-SEMANA-DE-LA-PYME-5-1-300x192.jpeg 300w, https:\/\/radiorevelacionfm.cl\/wp-content\/uploads\/2021\/10\/LANZAMIENTO-SEMANA-DE-LA-PYME-5-1-768x491.jpeg 768w, https:\/\/radiorevelacionfm.cl\/wp-content\/uploads\/2021\/10\/LANZAMIENTO-SEMANA-DE-LA-PYME-5-1-705x450.jpeg 705w, https:\/\/radiorevelacionfm.cl\/wp-content\/uploads\/2021\/10\/LANZAMIENTO-SEMANA-DE-LA-PYME-5-1-600x383.jpeg 600w\" sizes=\"(max-width: 939px) 100vw, 939px\" \/><\/div><\/div><\/div><\/div><div class=\"flex_column av_one_full  flex_column_div av-zero-column-padding first  avia-builder-el-2  el_after_av_one_full  el_before_av_one_full  column-top-margin\" style='border-radius:0px; '><section class=\"av_textblock_section \"  itemscope=\"itemscope\" itemtype=\"https:\/\/schema.org\/BlogPosting\" itemprop=\"blogPost\" ><div class='avia_textblock  '   itemprop=\"text\" ><p style=\"text-align: center;\"><span style=\"font-size: 18pt;\"><b>C\u00e1mara de Turismo de Coyhaique junto con autoridades lanzaron la Semana de la Pyme &#8211; Ays\u00e9n 2021<\/b><\/span><\/p>\n<div id=\"gtx-trans\" style=\"position: absolute; left: -50px; top: 4.31534px;\">\n<div class=\"gtx-trans-icon\"><\/div>\n<\/div>\n<\/div><\/section><\/div><div class=\"flex_column av_one_full  flex_column_div av-zero-column-padding first  avia-builder-el-4  el_after_av_one_full  el_before_av_hr  column-top-margin\" style='border-radius:0px; '><section class=\"av_textblock_section \"  itemscope=\"itemscope\" itemtype=\"https:\/\/schema.org\/BlogPosting\" itemprop=\"blogPost\" ><div class='avia_textblock  '   itemprop=\"text\" ><p style=\"font-weight: 400; text-align: justify;\">En un encuentro con la prensa en el ode\u00f3n de la plaza de armas de Coyhaique, se realiz\u00f3 el lanzamiento de la Semana de la Pyme Ays\u00e9n 2021. El lugar escogido para esta ocasi\u00f3n se enmarca en la b\u00fasqueda de apertura de esta instalaci\u00f3n que contiene la oficina tur\u00edstica de la C\u00e1mara de turismo de Coyhaique la cual dej\u00f3 de funcionar desde el a\u00f1o 2019 ya que fue vandalizada producto del estallido social.<\/p>\n<p style=\"font-weight: 400; text-align: justify;\">\u201cQueremos volver a dar nuestros servicios de informaci\u00f3n, promoci\u00f3n y difusi\u00f3n tur\u00edstica a la comunidad y a los viajeros de las Pymes que pertenecen a la C\u00e1mara de turismo, que actualmente son m\u00e1s del 99% de nuestros socios. Para ello nos hemos adjudicado recientemente fondos de Sercotec y con ello intentamos poder iniciar la reapertura en los pr\u00f3ximos meses\u201d, asegur\u00f3 Mar\u00eda Cristina Reyes, presidenta de este gremio.<\/p>\n<p style=\"font-weight: 400; text-align: justify;\">Reyes agreg\u00f3 adem\u00e1s que \u201cnos ha costado mucho levantarnos luego del estallido y posterior pandemia. Muchos han tenido que cerrar locales o reinventarse. Pero con la misma fuerza estamos nuevamente en pie y les pedimos a la comunidad que nos apoye en esta Semana de la Pyme. Como C\u00e1mara queremos seguir impulsando nuestras Pymes regionales y para ello necesitamos que sean los propios ayseninos que recorran esta bella regi\u00f3n aprovechando un sinn\u00famero de posibilidades que entregan los servicios tur\u00edsticos de nuestros asociados\u201d, culmin\u00f3 la dirigente.<\/p>\n<p style=\"font-weight: 400; text-align: justify;\">Por su parte, la Delegada Presidencial Regional Margarita Ossa se\u00f1al\u00f3 que \u201ceste lunes 25 de octubre se inicia la Semana de la Pyme con el Slogan\u00a0<em>M\u00e1s Pymes que nunca<\/em>. Ha sido muy dif\u00edcil luego de esta pandemia poder levantar a las y los emprendedores, pero tenemos que seguir mirando hacia adelante y como Gobierno tenemos la necesidad y obligaci\u00f3n de seguir avanzando junto ellos para que puedan continuar desarrollando esta actividad productiva tan importante para nuestra regi\u00f3n\u201d.<\/p>\n<p style=\"font-weight: 400; text-align: justify;\">En tanto, el Seremi de Econom\u00eda Carlos Pacheco destac\u00f3 que \u201cen la regi\u00f3n de Ays\u00e9n est\u00e1n constituidas m\u00e1s de 8.600 peque\u00f1as y medianas empresas y est\u00e1n divididas en distintos rubros. Estas Pymes otorgan sobre el 50% de mano de obra a nuestra regi\u00f3n, que lo constituye en el motor econ\u00f3mico regional y es por eso que, como Ministerio de econom\u00eda, hemos preparado una bater\u00eda de actividades que tienen como objetivo difundir, fortalecer y mejorar sus condiciones de cara a este \u00faltimo trimestre que sin duda marcar\u00e1 el inicio de la reactivaci\u00f3n econ\u00f3mica\u201d.<\/p>\n<p style=\"font-weight: 400; text-align: justify;\">Finalmente fue Cinthya Pantanalli, directora regional de Sercotec, quien entreg\u00f3 detalles de las actividades que se desarrollar\u00e1n: \u201ccomenzando el lunes 25 de octubre con un seminario de formalizaci\u00f3n, marketing digital y coaching motivacional que se desarrollar\u00e1 en el Gimnasio de Villa Cerro Castillo. En la jornada de la tarde se desarrollar\u00e1 una feria y exposici\u00f3n de artesan\u00edas de producci\u00f3n local. El martes, mi\u00e9rcoles y jueves se realizar\u00e1n seminarios y talleres a cargo del Centro de Negocios de Coyhaique y Puerto Ays\u00e9n. Lo importante es que todos puedan participar y para ello invitamos\u00a0a los interesados, a nuestras Pymes y emprendedores a acercarse a Sercotec en nuestras oficinas o contactarnos por medio de nuestras cuentas institucionales de redes sociales\u201d.<\/p>\n<\/div><\/section><\/div><div  style='height:50px' class='hr hr-invisible   avia-builder-el-6  el_after_av_one_full  el_before_av_social_share '><span class='hr-inner ' ><span class='hr-inner-style'><\/span><\/span><\/div><\/p>\n<div  class='av-social-sharing-box  avia-builder-el-7  el_after_av_hr  el_before_av_hr  '><div class='av-share-box'><h5 class='av-share-link-description av-no-toc '>Compartir esta noticia<\/h5><ul class='av-share-box-list noLightbox'><li class='av-share-link av-social-link-facebook' ><a target=\"_blank\" aria-label=\"Compartir en Facebook\" href='https:\/\/www.facebook.com\/sharer.php?u=https:\/\/radiorevelacionfm.cl\/?p=9905&#038;t=C%C3%A1mara%20de%20Turismo%20de%20Coyhaique%20junto%20con%20autoridades%20lanzaron%20la%20Semana%20de%20la%20Pyme%20%E2%80%93%20Ays%C3%A9n%202021' aria-hidden='false' data-av_icon='\ue8f3' data-av_iconfont='entypo-fontello' title='' data-avia-related-tooltip='Compartir en Facebook' rel=\"noopener\"><span class='avia_hidden_link_text'>Compartir en Facebook<\/span><\/a><\/li><li class='av-share-link av-social-link-twitter' ><a target=\"_blank\" aria-label=\"Compartir en Twitter\" href='https:\/\/twitter.com\/share?text=C%C3%A1mara%20de%20Turismo%20de%20Coyhaique%20junto%20con%20autoridades%20lanzaron%20la%20Semana%20de%20la%20Pyme%20%E2%80%93%20Ays%C3%A9n%202021&#038;url=https:\/\/radiorevelacionfm.cl\/?p=9905' aria-hidden='false' data-av_icon='\ue8f1' data-av_iconfont='entypo-fontello' title='' data-avia-related-tooltip='Compartir en Twitter' rel=\"noopener\"><span class='avia_hidden_link_text'>Compartir en Twitter<\/span><\/a><\/li><li class='av-share-link av-social-link-whatsapp' ><a target=\"_blank\" aria-label=\"Compartir en Whatsapp\" href='https:\/\/api.whatsapp.com\/send?text=https:\/\/radiorevelacionfm.cl\/?p=9905' aria-hidden='false' data-av_icon='\uf232' data-av_iconfont='entypo-fontello' title='' data-avia-related-tooltip='Compartir en Whatsapp' rel=\"noopener\"><span class='avia_hidden_link_text'>Compartir en Whatsapp<\/span><\/a><\/li><li class='av-share-link av-social-link-linkedin' ><a target=\"_blank\" aria-label=\"Compartir en LinkedIn\" href='https:\/\/linkedin.com\/shareArticle?mini=true&#038;title=C%C3%A1mara%20de%20Turismo%20de%20Coyhaique%20junto%20con%20autoridades%20lanzaron%20la%20Semana%20de%20la%20Pyme%20%E2%80%93%20Ays%C3%A9n%202021&#038;url=https:\/\/radiorevelacionfm.cl\/?p=9905' aria-hidden='false' data-av_icon='\ue8fc' data-av_iconfont='entypo-fontello' title='' data-avia-related-tooltip='Compartir en LinkedIn' rel=\"noopener\"><span class='avia_hidden_link_text'>Compartir en LinkedIn<\/span><\/a><\/li><li class='av-share-link av-social-link-mail' ><a  aria-label=\"Compartir por correo\" href='mailto:?subject=C%C3%A1mara%20de%20Turismo%20de%20Coyhaique%20junto%20con%20autoridades%20lanzaron%20la%20Semana%20de%20la%20Pyme%20%E2%80%93%20Ays%C3%A9n%202021&#038;body=https:\/\/radiorevelacionfm.cl\/?p=9905' aria-hidden='false' data-av_icon='\ue805' data-av_iconfont='entypo-fontello' title='' data-avia-related-tooltip='Compartir por correo'><span class='avia_hidden_link_text'>Compartir por correo<\/span><\/a><\/li><\/ul><\/div><\/div>\n<div  style='height:50px' class='hr hr-invisible   avia-builder-el-8  el_after_av_social_share  el_before_av_comments_list '><span class='hr-inner ' ><span class='hr-inner-style'><\/span><\/span><\/div>\n<div  class='av-buildercomment  av-blog-meta-html-info-disabled av-blog-meta-tag-disabled  '><\/div>\n<div  style='height:50px' class='hr hr-invisible   avia-builder-el-10  el_after_av_comments_list  avia-builder-el-last '><span class='hr-inner ' ><span class='hr-inner-style'><\/span><\/span><\/div>\n","protected":false},"excerpt":{"rendered":"","protected":false},"author":1,"featured_media":9907,"comment_status":"open","ping_status":"open","sticky":false,"template":"","format":"standard","meta":{"footnotes":""},"categories":[45],"tags":[],"class_list":["post-9905","post","type-post","status-publish","format-standard","has-post-thumbnail","hentry","category-comercio"],"jetpack_featured_media_url":"https:\/\/radiorevelacionfm.cl\/wp-content\/uploads\/2021\/10\/LANZAMIENTO-SEMANA-DE-LA-PYME-5-1.jpeg","_links":{"self":[{"href":"https:\/\/radiorevelacionfm.cl\/index.php?rest_route=\/wp\/v2\/posts\/9905","targetHints":{"allow":["GET"]}}],"collection":[{"href":"https:\/\/radiorevelacionfm.cl\/index.php?rest_route=\/wp\/v2\/posts"}],"about":[{"href":"https:\/\/radiorevelacionfm.cl\/index.php?rest_route=\/wp\/v2\/types\/post"}],"author":[{"embeddable":true,"href":"https:\/\/radiorevelacionfm.cl\/index.php?rest_route=\/wp\/v2\/users\/1"}],"replies":[{"embeddable":true,"href":"https:\/\/radiorevelacionfm.cl\/index.php?rest_route=%2Fwp%2Fv2%2Fcomments&post=9905"}],"version-history":[{"count":1,"href":"https:\/\/radiorevelacionfm.cl\/index.php?rest_route=\/wp\/v2\/posts\/9905\/revisions"}],"predecessor-version":[{"id":9908,"href":"https:\/\/radiorevelacionfm.cl\/index.php?rest_route=\/wp\/v2\/posts\/9905\/revisions\/9908"}],"wp:featuredmedia":[{"embeddable":true,"href":"https:\/\/radiorevelacionfm.cl\/index.php?rest_route=\/wp\/v2\/media\/9907"}],"wp:attachment":[{"href":"https:\/\/radiorevelacionfm.cl\/index.php?rest_route=%2Fwp%2Fv2%2Fmedia&parent=9905"}],"wp:term":[{"taxonomy":"category","embeddable":true,"href":"https:\/\/radiorevelacionfm.cl\/index.php?rest_route=%2Fwp%2Fv2%2Fcategories&post=9905"},{"taxonomy":"post_tag","embeddable":true,"href":"https:\/\/radiorevelacionfm.cl\/index.php?rest_route=%2Fwp%2Fv2%2Ftags&post=9905"}],"curies":[{"name":"wp","href":"https:\/\/api.w.org\/{rel}","templated":true}]}}