{"id":9902,"date":"2021-10-22T12:20:08","date_gmt":"2021-10-22T15:20:08","guid":{"rendered":"https:\/\/radiorevelacionfm.cl\/?p=9902"},"modified":"2021-10-22T12:20:08","modified_gmt":"2021-10-22T15:20:08","slug":"carabineros-se-reune-con-dirigentes-vecinales-de-poblacion-corvi-e-implementa-estrategia-para-incrementar-la-seguridad-en-sector-plaza-angol","status":"publish","type":"post","link":"https:\/\/radiorevelacionfm.cl\/?p=9902","title":{"rendered":"Carabineros se re\u00fane con dirigentes vecinales de poblaci\u00f3n Corvi e implementa estrategia para incrementar la seguridad en sector Plaza Angol"},"content":{"rendered":"<div class=\"flex_column av_one_full  flex_column_div av-zero-column-padding first  avia-builder-el-0  el_before_av_one_full  avia-builder-el-first  \" style='border-radius:0px; '><div  class='avia-image-container  av-styling-    avia-builder-el-1  avia-builder-el-no-sibling  avia-align-center '  itemprop=\"image\" itemscope=\"itemscope\" itemtype=\"https:\/\/schema.org\/ImageObject\"  ><div class='avia-image-container-inner'><div class='avia-image-overlay-wrap'><img decoding=\"async\" class='wp-image-9903 avia-img-lazy-loading-not-9903 avia_image' src=\"https:\/\/radiorevelacionfm.cl\/wp-content\/uploads\/2021\/10\/Carabineros_Corvi-1-1.jpg\" alt='' title='Carabineros_Corvi (1) (1)' height=\"600\" width=\"800\"  itemprop=\"thumbnailUrl\" srcset=\"https:\/\/radiorevelacionfm.cl\/wp-content\/uploads\/2021\/10\/Carabineros_Corvi-1-1.jpg 800w, https:\/\/radiorevelacionfm.cl\/wp-content\/uploads\/2021\/10\/Carabineros_Corvi-1-1-300x225.jpg 300w, https:\/\/radiorevelacionfm.cl\/wp-content\/uploads\/2021\/10\/Carabineros_Corvi-1-1-768x576.jpg 768w, https:\/\/radiorevelacionfm.cl\/wp-content\/uploads\/2021\/10\/Carabineros_Corvi-1-1-705x529.jpg 705w, https:\/\/radiorevelacionfm.cl\/wp-content\/uploads\/2021\/10\/Carabineros_Corvi-1-1-600x450.jpg 600w\" sizes=\"(max-width: 800px) 100vw, 800px\" \/><\/div><\/div><\/div><\/div><div class=\"flex_column av_one_full  flex_column_div av-zero-column-padding first  avia-builder-el-2  el_after_av_one_full  el_before_av_one_full  column-top-margin\" style='border-radius:0px; '><section class=\"av_textblock_section \"  itemscope=\"itemscope\" itemtype=\"https:\/\/schema.org\/BlogPosting\" itemprop=\"blogPost\" ><div class='avia_textblock  '   itemprop=\"text\" ><p style=\"text-align: center;\"><strong><span style=\"font-size: 18pt;\">Carabineros se re\u00fane con dirigentes vecinales de poblaci\u00f3n Corvi e implementa estrategia para incrementar la seguridad en sector Plaza Angol\u00a0<\/span><\/strong><\/p>\n<div id=\"gtx-trans\" style=\"position: absolute; left: -50px; top: 4.31534px;\">\n<div class=\"gtx-trans-icon\"><\/div>\n<\/div>\n<\/div><\/section><\/div><div class=\"flex_column av_one_full  flex_column_div av-zero-column-padding first  avia-builder-el-4  el_after_av_one_full  el_before_av_hr  column-top-margin\" style='border-radius:0px; '><section class=\"av_textblock_section \"  itemscope=\"itemscope\" itemtype=\"https:\/\/schema.org\/BlogPosting\" itemprop=\"blogPost\" ><div class='avia_textblock  '   itemprop=\"text\" ><p style=\"text-align: justify;\">Una intervenci\u00f3n con apoyo de personal la Quinta Comisar\u00eda de Control del Orden P\u00fablico (C.O.P) sumado al apoyo de la Secci\u00f3n OS-7 realiza desde la tarde de ayer, Carabineros de la Primera Comisar\u00eda de Coyhaique en la poblaci\u00f3n Corvi -sector plaza Angol y alrededores- con la finalidad de restablecer la seguridad ante inquietudes de vecinos.<\/p>\n<p style=\"text-align: justify;\">El Capit\u00e1n Bruno Schulbach, Subcomisario de los Servicios de esta Unidad, se reuni\u00f3 con el presidente de la junta de vecinos Corvi, Juan Araya Vergara y el presidente de la Junta de vecinos Grupo Escolar, Javier Vald\u00e9s Navarrete, con al finalidad de conocer la realidad sociopolicial del sector e incivilidades que han sucedido en el lugar y que han generado preocupaci\u00f3n entre los vecinos.<\/p>\n<p style=\"text-align: justify;\">Tras lo anterior, el Oficial indic\u00f3 que frente a lo anterior, Carabineros dise\u00f1\u00f3 un plan de acci\u00f3n orientado a intervenir el sector durante los pr\u00f3ximos 15 d\u00edas a trav\u00e9s de diversas estrategias que buscan devolver la seguridad y tranquilidad a la comunidad residente.<\/p>\n<p style=\"text-align: justify;\">\u00abHoy ya iniciamos con una intervenci\u00f3n por parte de esta Comisar\u00eda y la Quinta Comisar\u00eda de Control del orden P\u00fablico en la plaza Angol y sus alrededores, b\u00e1sicamente a trav\u00e9s de controles preventivos y tareas espec\u00edficas con una orientaci\u00f3n t\u00e9cnica. En 15 d\u00edas m\u00e1s nos vamos a reunir con los dirigentes a objeto de evaluar cu\u00e1les han sido los resultados de esta intervenci\u00f3n\u00bb, indic\u00f3 el Subcomisario de los Servicios de la Primera Comisar\u00eda de Carabineros de Coyhaique.<\/p>\n<p style=\"text-align: justify;\">Asimismo, el Capit\u00e1n Schulbach, expres\u00f3 que en la reuni\u00f3n, los vecinos dieron a conocer diversas incivilidades, las cuales -no obstante- no se reportan en las denuncias que realiza la comunidad.<\/p>\n<p style=\"text-align: justify;\">\u00abEl primer llamado es a que los vecinos denuncien los delitos e incivilidades a trav\u00e9s del plan cuadrante y tambi\u00e9n a trav\u00e9s de la Oficina del Modelo de Integraci\u00f3n Carabineros Comunidad (MICC) con su delegado de cuadrante. Tambi\u00e9n hemos recibido informaci\u00f3n de venta de drogas, este es un trabajo integral que est\u00e1 efectuando la Comisar\u00eda, OS-7 y tambi\u00e9n la Quinta Comisar\u00eda de Control del Orden P\u00fablico\u00bb, detall\u00f3 el Capit\u00e1n Schulbach.<\/p>\n<p style=\"text-align: justify;\">La intervenci\u00f3n y puesta en marcha de los servicios y estrategias elaboradas comenz\u00f3 a las 18:00 horas de ayer jueves, incrementando los niveles de vigilancia a trav\u00e9s de un carabinero visible y cercano a la comunidad, con el prop\u00f3sito de mejorar la percepci\u00f3n de seguridad y reducir la victimizaci\u00f3n de los vecinos de este sector residencial de la comuna de Coyhaique.<\/p>\n<\/div><\/section><\/div><div  style='height:50px' class='hr hr-invisible   avia-builder-el-6  el_after_av_one_full  el_before_av_social_share '><span class='hr-inner ' ><span class='hr-inner-style'><\/span><\/span><\/div><\/p>\n<div  class='av-social-sharing-box  avia-builder-el-7  el_after_av_hr  el_before_av_hr  '><div class='av-share-box'><h5 class='av-share-link-description av-no-toc '>Compartir esta noticia<\/h5><ul class='av-share-box-list noLightbox'><li class='av-share-link av-social-link-facebook' ><a target=\"_blank\" aria-label=\"Compartir en Facebook\" href='https:\/\/www.facebook.com\/sharer.php?u=https:\/\/radiorevelacionfm.cl\/?p=9902&#038;t=Carabineros%20se%20re%C3%BAne%20con%20dirigentes%20vecinales%20de%20poblaci%C3%B3n%20Corvi%20e%20implementa%20estrategia%20para%20incrementar%20la%20seguridad%20en%20sector%20Plaza%20Angol' aria-hidden='false' data-av_icon='\ue8f3' data-av_iconfont='entypo-fontello' title='' data-avia-related-tooltip='Compartir en Facebook' rel=\"noopener\"><span class='avia_hidden_link_text'>Compartir en Facebook<\/span><\/a><\/li><li class='av-share-link av-social-link-twitter' ><a target=\"_blank\" aria-label=\"Compartir en Twitter\" href='https:\/\/twitter.com\/share?text=Carabineros%20se%20re%C3%BAne%20con%20dirigentes%20vecinales%20de%20poblaci%C3%B3n%20Corvi%20e%20implementa%20estrategia%20para%20incrementar%20la%20seguridad%20en%20sector%20Plaza%20Angol&#038;url=https:\/\/radiorevelacionfm.cl\/?p=9902' aria-hidden='false' data-av_icon='\ue8f1' data-av_iconfont='entypo-fontello' title='' data-avia-related-tooltip='Compartir en Twitter' rel=\"noopener\"><span class='avia_hidden_link_text'>Compartir en Twitter<\/span><\/a><\/li><li class='av-share-link av-social-link-whatsapp' ><a target=\"_blank\" aria-label=\"Compartir en Whatsapp\" href='https:\/\/api.whatsapp.com\/send?text=https:\/\/radiorevelacionfm.cl\/?p=9902' aria-hidden='false' data-av_icon='\uf232' data-av_iconfont='entypo-fontello' title='' data-avia-related-tooltip='Compartir en Whatsapp' rel=\"noopener\"><span class='avia_hidden_link_text'>Compartir en Whatsapp<\/span><\/a><\/li><li class='av-share-link av-social-link-linkedin' ><a target=\"_blank\" aria-label=\"Compartir en LinkedIn\" href='https:\/\/linkedin.com\/shareArticle?mini=true&#038;title=Carabineros%20se%20re%C3%BAne%20con%20dirigentes%20vecinales%20de%20poblaci%C3%B3n%20Corvi%20e%20implementa%20estrategia%20para%20incrementar%20la%20seguridad%20en%20sector%20Plaza%20Angol&#038;url=https:\/\/radiorevelacionfm.cl\/?p=9902' aria-hidden='false' data-av_icon='\ue8fc' data-av_iconfont='entypo-fontello' title='' data-avia-related-tooltip='Compartir en LinkedIn' rel=\"noopener\"><span class='avia_hidden_link_text'>Compartir en LinkedIn<\/span><\/a><\/li><li class='av-share-link av-social-link-mail' ><a  aria-label=\"Compartir por correo\" href='mailto:?subject=Carabineros%20se%20re%C3%BAne%20con%20dirigentes%20vecinales%20de%20poblaci%C3%B3n%20Corvi%20e%20implementa%20estrategia%20para%20incrementar%20la%20seguridad%20en%20sector%20Plaza%20Angol&#038;body=https:\/\/radiorevelacionfm.cl\/?p=9902' aria-hidden='false' data-av_icon='\ue805' data-av_iconfont='entypo-fontello' title='' data-avia-related-tooltip='Compartir por correo'><span class='avia_hidden_link_text'>Compartir por correo<\/span><\/a><\/li><\/ul><\/div><\/div>\n<div  style='height:50px' class='hr hr-invisible   avia-builder-el-8  el_after_av_social_share  el_before_av_comments_list '><span class='hr-inner ' ><span class='hr-inner-style'><\/span><\/span><\/div>\n<div  class='av-buildercomment  av-blog-meta-html-info-disabled av-blog-meta-tag-disabled  '><\/div>\n","protected":false},"excerpt":{"rendered":"","protected":false},"author":1,"featured_media":9903,"comment_status":"open","ping_status":"open","sticky":false,"template":"","format":"standard","meta":{"footnotes":""},"categories":[36],"tags":[],"class_list":["post-9902","post","type-post","status-publish","format-standard","has-post-thumbnail","hentry","category-policial"],"jetpack_featured_media_url":"https:\/\/radiorevelacionfm.cl\/wp-content\/uploads\/2021\/10\/Carabineros_Corvi-1-1.jpg","_links":{"self":[{"href":"https:\/\/radiorevelacionfm.cl\/index.php?rest_route=\/wp\/v2\/posts\/9902","targetHints":{"allow":["GET"]}}],"collection":[{"href":"https:\/\/radiorevelacionfm.cl\/index.php?rest_route=\/wp\/v2\/posts"}],"about":[{"href":"https:\/\/radiorevelacionfm.cl\/index.php?rest_route=\/wp\/v2\/types\/post"}],"author":[{"embeddable":true,"href":"https:\/\/radiorevelacionfm.cl\/index.php?rest_route=\/wp\/v2\/users\/1"}],"replies":[{"embeddable":true,"href":"https:\/\/radiorevelacionfm.cl\/index.php?rest_route=%2Fwp%2Fv2%2Fcomments&post=9902"}],"version-history":[{"count":1,"href":"https:\/\/radiorevelacionfm.cl\/index.php?rest_route=\/wp\/v2\/posts\/9902\/revisions"}],"predecessor-version":[{"id":9904,"href":"https:\/\/radiorevelacionfm.cl\/index.php?rest_route=\/wp\/v2\/posts\/9902\/revisions\/9904"}],"wp:featuredmedia":[{"embeddable":true,"href":"https:\/\/radiorevelacionfm.cl\/index.php?rest_route=\/wp\/v2\/media\/9903"}],"wp:attachment":[{"href":"https:\/\/radiorevelacionfm.cl\/index.php?rest_route=%2Fwp%2Fv2%2Fmedia&parent=9902"}],"wp:term":[{"taxonomy":"category","embeddable":true,"href":"https:\/\/radiorevelacionfm.cl\/index.php?rest_route=%2Fwp%2Fv2%2Fcategories&post=9902"},{"taxonomy":"post_tag","embeddable":true,"href":"https:\/\/radiorevelacionfm.cl\/index.php?rest_route=%2Fwp%2Fv2%2Ftags&post=9902"}],"curies":[{"name":"wp","href":"https:\/\/api.w.org\/{rel}","templated":true}]}}