{"id":9899,"date":"2021-10-22T11:36:15","date_gmt":"2021-10-22T14:36:15","guid":{"rendered":"https:\/\/radiorevelacionfm.cl\/?p=9899"},"modified":"2021-10-22T11:36:15","modified_gmt":"2021-10-22T14:36:15","slug":"lanzan-campana-para-relevar-educacion-en-los-programas-presidenciales","status":"publish","type":"post","link":"https:\/\/radiorevelacionfm.cl\/?p=9899","title":{"rendered":"Lanzan campa\u00f1a para relevar educaci\u00f3n en los programas presidenciales"},"content":{"rendered":"<div class=\"flex_column av_one_full  flex_column_div av-zero-column-padding first  avia-builder-el-0  el_before_av_one_full  avia-builder-el-first  \" style='border-radius:0px; '><div  class='avia-image-container  av-styling-    avia-builder-el-1  avia-builder-el-no-sibling  avia-align-center '  itemprop=\"image\" itemscope=\"itemscope\" itemtype=\"https:\/\/schema.org\/ImageObject\"  ><div class='avia-image-container-inner'><div class='avia-image-overlay-wrap'><img decoding=\"async\" class='wp-image-9900 avia-img-lazy-loading-not-9900 avia_image' src=\"https:\/\/radiorevelacionfm.cl\/wp-content\/uploads\/2021\/10\/tqhe_fb-1-1_optimized.jpg\" alt='' title='tqhe_fb-(1)-(1)_optimized' height=\"600\" width=\"1622\"  itemprop=\"thumbnailUrl\" srcset=\"https:\/\/radiorevelacionfm.cl\/wp-content\/uploads\/2021\/10\/tqhe_fb-1-1_optimized.jpg 1622w, https:\/\/radiorevelacionfm.cl\/wp-content\/uploads\/2021\/10\/tqhe_fb-1-1_optimized-300x111.jpg 300w, https:\/\/radiorevelacionfm.cl\/wp-content\/uploads\/2021\/10\/tqhe_fb-1-1_optimized-1030x381.jpg 1030w, https:\/\/radiorevelacionfm.cl\/wp-content\/uploads\/2021\/10\/tqhe_fb-1-1_optimized-768x284.jpg 768w, https:\/\/radiorevelacionfm.cl\/wp-content\/uploads\/2021\/10\/tqhe_fb-1-1_optimized-1536x568.jpg 1536w, https:\/\/radiorevelacionfm.cl\/wp-content\/uploads\/2021\/10\/tqhe_fb-1-1_optimized-1500x555.jpg 1500w, https:\/\/radiorevelacionfm.cl\/wp-content\/uploads\/2021\/10\/tqhe_fb-1-1_optimized-705x261.jpg 705w, https:\/\/radiorevelacionfm.cl\/wp-content\/uploads\/2021\/10\/tqhe_fb-1-1_optimized-600x222.jpg 600w\" sizes=\"(max-width: 1622px) 100vw, 1622px\" \/><\/div><\/div><\/div><\/div><div class=\"flex_column av_one_full  flex_column_div av-zero-column-padding first  avia-builder-el-2  el_after_av_one_full  el_before_av_one_full  column-top-margin\" style='border-radius:0px; '><section class=\"av_textblock_section \"  itemscope=\"itemscope\" itemtype=\"https:\/\/schema.org\/BlogPosting\" itemprop=\"blogPost\" ><div class='avia_textblock  '   itemprop=\"text\" ><p style=\"text-align: center;\"><span style=\"font-size: 18pt;\"><b><span lang=\"es-419\">Lanzan campa\u00f1a para relevar educaci\u00f3n en los programas presidenciales<\/span><\/b><\/span><\/p>\n<div id=\"gtx-trans\" style=\"position: absolute; left: -50px; top: 4.31534px;\">\n<div class=\"gtx-trans-icon\"><\/div>\n<\/div>\n<\/div><\/section><\/div><div class=\"flex_column av_one_full  flex_column_div av-zero-column-padding first  avia-builder-el-4  el_after_av_one_full  el_before_av_hr  column-top-margin\" style='border-radius:0px; '><section class=\"av_textblock_section \"  itemscope=\"itemscope\" itemtype=\"https:\/\/schema.org\/BlogPosting\" itemprop=\"blogPost\" ><div class='avia_textblock  '   itemprop=\"text\" ><div>\n<p class=\"v1MsoNormal\" style=\"text-align: justify;\"><span lang=\"es-419\">De cara a las pr\u00f3ximas elecciones del 21 de noviembre, 25 organizaciones de la sociedad civil buscan impulsar la tem\u00e1tica educativa como uno de los ejes centrales de la agenda pol\u00edtica de los pr\u00f3ximos cuatro a\u00f1os.<\/span><\/p>\n<p class=\"v1MsoNormal\" style=\"text-align: justify;\"><span lang=\"es-419\">\u00abHoy asumo este desaf\u00edo presidencial porque merecemos y necesitamos ser escuchadas y escuchados\u00bb,<\/span><span lang=\"es-419\">\u00a0narra una peque\u00f1a estudiante a la c\u00e1mara mientras es preparada como la futura presidenta de Chile.<\/span><\/p>\n<p class=\"v1MsoNormal\" style=\"text-align: justify;\"><span lang=\"es-419\">El video se enmarca en la campa\u00f1a desarrollada por Acci\u00f3n Colectiva por la Educaci\u00f3n, conglomerado de 25 organizaciones de la sociedad civil de nuestro pa\u00eds, entre ellas Elige Educar, Educaci\u00f3n 2020, Fundaci\u00f3n Chile, Ense\u00f1a Chile y, representando a la Regi\u00f3n de Ays\u00e9n, ONG Canales, que trabajan por<\/span><span lang=\"es-419\">\u00a0<\/span><span lang=\"es-419\">con una educaci\u00f3n de calidad, equitativa e inclusiva para todas y todos.<\/span><\/p>\n<p class=\"v1MsoNormal\" style=\"text-align: justify;\"><span lang=\"es-419\">La iniciativa busca promover el debate educativo en los programas presidenciales de los aspirantes a La Moneda.\u00a0<\/span><span lang=\"es-419\">\u00abTras levantar un proceso de participaci\u00f3n ciudadana el a\u00f1o pasado, donde pudimos conocer los sue\u00f1os y anhelos de las comunidades educativas de todo el pa\u00eds, hoy hacemos un llamado urgente a hablar de educaci\u00f3n, considerando las voces de sus protagonistas: estudiantes, apoderados, docentes y equipos directivos, sobre todo, teniendo en cuenta la realidad de la Educaci\u00f3n T\u00e9cnico Profesional en nuestra regi\u00f3n\u00bb, explica Bernardita Lazo, directora regional de ONG Canales en Ays\u00e9n.<\/span><\/p>\n<p class=\"v1MsoNormal\" style=\"text-align: justify;\"><span lang=\"es-419\">La campa\u00f1a considera una consulta\u00a0online que estar\u00e1 disponible hasta el 31 de octubre en\u00a0<\/span><span lang=\"es-419\"><a href=\"http:\/\/www.tenemosquehablardeeducacion.cl\/consultaciudadana\" target=\"_blank\" rel=\"noopener noreferrer\">www.tenemosquehablardeeducacion.cl\/consultaciudadana<\/a><\/span><span lang=\"es-419\">, donde se podr\u00e1 definir cu\u00e1l es la caracter\u00edstica que debe primar en la educaci\u00f3n del Chile del ma\u00f1ana. Los resultados quedar\u00e1n plasmados a las afueras del Liceo Alessandri Palma en la comuna de Providencia, Regi\u00f3n Metropolitana.<\/span><\/p>\n<p class=\"v1MsoNormal\" style=\"text-align: justify;\"><span lang=\"es-419\">Hoy existen 934 liceos t\u00e9cnico-profesionales y la matr\u00edcula en Educaci\u00f3n Media TP representa el 37% del total de estudiantes de 3ero y 4arto a\u00f1o de todo el pa\u00eds, lo que se traduce en 155 mil j\u00f3venes t\u00e9cnicos, donde un 52% son hombres y el 47% son mujeres.<\/span><\/p>\n<p class=\"v1MsoNormal\" style=\"text-align: justify;\"><span lang=\"es-419\">En la Regi\u00f3n de Ays\u00e9n existen 9 establecimientos de Ense\u00f1anza Media T\u00e9cnico Profesional, que albergan a m\u00e1s de 650 estudiantes en 15 especialidades. Respecto a los niveles de vulnerabilidad, es posible identificar que el \u00cdndice de Vulnerabilidad Escolar (IVE) promedio de los establecimientos TP de la regi\u00f3n es de 93,4%, superior al IVE promedio de ense\u00f1anza media en la regi\u00f3n, el que alcanza un 86,9% y cerca de 10% superior al promedio.<\/span><\/p>\n<\/div>\n<div style=\"text-align: justify;\"><\/div>\n<\/div><\/section><\/div><div  style='height:50px' class='hr hr-invisible   avia-builder-el-6  el_after_av_one_full  el_before_av_social_share '><span class='hr-inner ' ><span class='hr-inner-style'><\/span><\/span><\/div><\/p>\n<div  class='av-social-sharing-box  avia-builder-el-7  el_after_av_hr  el_before_av_hr  '><div class='av-share-box'><h5 class='av-share-link-description av-no-toc '>Compartir esta noticia<\/h5><ul class='av-share-box-list noLightbox'><li class='av-share-link av-social-link-facebook' ><a target=\"_blank\" aria-label=\"Compartir en Facebook\" href='https:\/\/www.facebook.com\/sharer.php?u=https:\/\/radiorevelacionfm.cl\/?p=9899&#038;t=Lanzan%20campa%C3%B1a%20para%20relevar%20educaci%C3%B3n%20en%20los%20programas%20presidenciales' aria-hidden='false' data-av_icon='\ue8f3' data-av_iconfont='entypo-fontello' title='' data-avia-related-tooltip='Compartir en Facebook' rel=\"noopener\"><span class='avia_hidden_link_text'>Compartir en Facebook<\/span><\/a><\/li><li class='av-share-link av-social-link-twitter' ><a target=\"_blank\" aria-label=\"Compartir en Twitter\" href='https:\/\/twitter.com\/share?text=Lanzan%20campa%C3%B1a%20para%20relevar%20educaci%C3%B3n%20en%20los%20programas%20presidenciales&#038;url=https:\/\/radiorevelacionfm.cl\/?p=9899' aria-hidden='false' data-av_icon='\ue8f1' data-av_iconfont='entypo-fontello' title='' data-avia-related-tooltip='Compartir en Twitter' rel=\"noopener\"><span class='avia_hidden_link_text'>Compartir en Twitter<\/span><\/a><\/li><li class='av-share-link av-social-link-whatsapp' ><a target=\"_blank\" aria-label=\"Compartir en Whatsapp\" href='https:\/\/api.whatsapp.com\/send?text=https:\/\/radiorevelacionfm.cl\/?p=9899' aria-hidden='false' data-av_icon='\uf232' data-av_iconfont='entypo-fontello' title='' data-avia-related-tooltip='Compartir en Whatsapp' rel=\"noopener\"><span class='avia_hidden_link_text'>Compartir en Whatsapp<\/span><\/a><\/li><li class='av-share-link av-social-link-linkedin' ><a target=\"_blank\" aria-label=\"Compartir en LinkedIn\" href='https:\/\/linkedin.com\/shareArticle?mini=true&#038;title=Lanzan%20campa%C3%B1a%20para%20relevar%20educaci%C3%B3n%20en%20los%20programas%20presidenciales&#038;url=https:\/\/radiorevelacionfm.cl\/?p=9899' aria-hidden='false' data-av_icon='\ue8fc' data-av_iconfont='entypo-fontello' title='' data-avia-related-tooltip='Compartir en LinkedIn' rel=\"noopener\"><span class='avia_hidden_link_text'>Compartir en LinkedIn<\/span><\/a><\/li><li class='av-share-link av-social-link-mail' ><a  aria-label=\"Compartir por correo\" href='mailto:?subject=Lanzan%20campa%C3%B1a%20para%20relevar%20educaci%C3%B3n%20en%20los%20programas%20presidenciales&#038;body=https:\/\/radiorevelacionfm.cl\/?p=9899' aria-hidden='false' data-av_icon='\ue805' data-av_iconfont='entypo-fontello' title='' data-avia-related-tooltip='Compartir por correo'><span class='avia_hidden_link_text'>Compartir por correo<\/span><\/a><\/li><\/ul><\/div><\/div>\n<div  style='height:50px' class='hr hr-invisible   avia-builder-el-8  el_after_av_social_share  el_before_av_comments_list '><span class='hr-inner ' ><span class='hr-inner-style'><\/span><\/span><\/div>\n<div  class='av-buildercomment  av-blog-meta-html-info-disabled av-blog-meta-tag-disabled  '><\/div>\n","protected":false},"excerpt":{"rendered":"","protected":false},"author":1,"featured_media":9900,"comment_status":"open","ping_status":"open","sticky":false,"template":"","format":"standard","meta":{"footnotes":""},"categories":[49],"tags":[],"class_list":["post-9899","post","type-post","status-publish","format-standard","has-post-thumbnail","hentry","category-educacion"],"jetpack_featured_media_url":"https:\/\/radiorevelacionfm.cl\/wp-content\/uploads\/2021\/10\/tqhe_fb-1-1_optimized.jpg","_links":{"self":[{"href":"https:\/\/radiorevelacionfm.cl\/index.php?rest_route=\/wp\/v2\/posts\/9899","targetHints":{"allow":["GET"]}}],"collection":[{"href":"https:\/\/radiorevelacionfm.cl\/index.php?rest_route=\/wp\/v2\/posts"}],"about":[{"href":"https:\/\/radiorevelacionfm.cl\/index.php?rest_route=\/wp\/v2\/types\/post"}],"author":[{"embeddable":true,"href":"https:\/\/radiorevelacionfm.cl\/index.php?rest_route=\/wp\/v2\/users\/1"}],"replies":[{"embeddable":true,"href":"https:\/\/radiorevelacionfm.cl\/index.php?rest_route=%2Fwp%2Fv2%2Fcomments&post=9899"}],"version-history":[{"count":1,"href":"https:\/\/radiorevelacionfm.cl\/index.php?rest_route=\/wp\/v2\/posts\/9899\/revisions"}],"predecessor-version":[{"id":9901,"href":"https:\/\/radiorevelacionfm.cl\/index.php?rest_route=\/wp\/v2\/posts\/9899\/revisions\/9901"}],"wp:featuredmedia":[{"embeddable":true,"href":"https:\/\/radiorevelacionfm.cl\/index.php?rest_route=\/wp\/v2\/media\/9900"}],"wp:attachment":[{"href":"https:\/\/radiorevelacionfm.cl\/index.php?rest_route=%2Fwp%2Fv2%2Fmedia&parent=9899"}],"wp:term":[{"taxonomy":"category","embeddable":true,"href":"https:\/\/radiorevelacionfm.cl\/index.php?rest_route=%2Fwp%2Fv2%2Fcategories&post=9899"},{"taxonomy":"post_tag","embeddable":true,"href":"https:\/\/radiorevelacionfm.cl\/index.php?rest_route=%2Fwp%2Fv2%2Ftags&post=9899"}],"curies":[{"name":"wp","href":"https:\/\/api.w.org\/{rel}","templated":true}]}}