{"id":9890,"date":"2021-10-22T10:37:23","date_gmt":"2021-10-22T13:37:23","guid":{"rendered":"https:\/\/radiorevelacionfm.cl\/?p=9890"},"modified":"2021-10-22T10:37:23","modified_gmt":"2021-10-22T13:37:23","slug":"hospital-base-de-valdivia-realizo-charla-sobre-trasplante-a-pacientes-dializados-de-la-region-de-aysen","status":"publish","type":"post","link":"https:\/\/radiorevelacionfm.cl\/?p=9890","title":{"rendered":"Hospital Base de Valdivia realiz\u00f3 charla sobre trasplante a pacientes dializados de la regi\u00f3n de Ays\u00e9n"},"content":{"rendered":"<div class=\"flex_column av_one_full  flex_column_div av-zero-column-padding first  avia-builder-el-0  el_before_av_one_full  avia-builder-el-first  \" style='border-radius:0px; '><div  class='avia-image-container  av-styling-    avia-builder-el-1  avia-builder-el-no-sibling  avia-align-center '  itemprop=\"image\" itemscope=\"itemscope\" itemtype=\"https:\/\/schema.org\/ImageObject\"  ><div class='avia-image-container-inner'><div class='avia-image-overlay-wrap'><img decoding=\"async\" class='wp-image-9891 avia-img-lazy-loading-not-9891 avia_image' src=\"https:\/\/radiorevelacionfm.cl\/wp-content\/uploads\/2021\/10\/charla-dialisis-0002_optimized.jpg\" alt='' title='charla-dialisis-0002_optimized' height=\"600\" width=\"900\"  itemprop=\"thumbnailUrl\" srcset=\"https:\/\/radiorevelacionfm.cl\/wp-content\/uploads\/2021\/10\/charla-dialisis-0002_optimized.jpg 900w, https:\/\/radiorevelacionfm.cl\/wp-content\/uploads\/2021\/10\/charla-dialisis-0002_optimized-300x200.jpg 300w, https:\/\/radiorevelacionfm.cl\/wp-content\/uploads\/2021\/10\/charla-dialisis-0002_optimized-768x512.jpg 768w, https:\/\/radiorevelacionfm.cl\/wp-content\/uploads\/2021\/10\/charla-dialisis-0002_optimized-705x470.jpg 705w, https:\/\/radiorevelacionfm.cl\/wp-content\/uploads\/2021\/10\/charla-dialisis-0002_optimized-600x400.jpg 600w\" sizes=\"(max-width: 900px) 100vw, 900px\" \/><\/div><\/div><\/div><\/div><div class=\"flex_column av_one_full  flex_column_div av-zero-column-padding first  avia-builder-el-2  el_after_av_one_full  el_before_av_one_full  column-top-margin\" style='border-radius:0px; '><section class=\"av_textblock_section \"  itemscope=\"itemscope\" itemtype=\"https:\/\/schema.org\/BlogPosting\" itemprop=\"blogPost\" ><div class='avia_textblock  '   itemprop=\"text\" ><p style=\"text-align: center;\"><strong><span style=\"font-size: 18pt;\">Hospital Base de Valdivia realiz\u00f3 charla sobre trasplante a pacientes dializados de la regi\u00f3n de Ays\u00e9n<\/span><\/strong><\/p>\n<div id=\"gtx-trans\" style=\"position: absolute; left: -50px; top: 4.31534px;\">\n<div class=\"gtx-trans-icon\"><\/div>\n<\/div>\n<\/div><\/section><\/div><div class=\"flex_column av_one_full  flex_column_div av-zero-column-padding first  avia-builder-el-4  el_after_av_one_full  el_before_av_hr  column-top-margin\" style='border-radius:0px; '><section class=\"av_textblock_section \"  itemscope=\"itemscope\" itemtype=\"https:\/\/schema.org\/BlogPosting\" itemprop=\"blogPost\" ><div class='avia_textblock  '   itemprop=\"text\" ><p style=\"text-align: justify;\">Equidad en el trasplante y acercarlo a lugares m\u00e1s apartados como la regi\u00f3n de Ays\u00e9n, fue parte de los contenidos de las charlas realizadas a los usuarios de las Unidades de Di\u00e1lisis del Hospital Regional Coyhaique y del Hospital de Puerto Ays\u00e9n, iniciativa a cargo de la Unidad de Trasplante y Procuramiento del Hospital Base de Valdivia, que nacieron gracias a la ejecuci\u00f3n del Fondo de Innovaci\u00f3n para la Competitividad (FIC) de la Regi\u00f3n de Los R\u00edos.<\/p>\n<p style=\"text-align: justify;\">El espacio de encuentro estuvo marcado por la entrega de informaci\u00f3n, asesoramiento y acompa\u00f1amiento a los usuarios de las Unidades de Di\u00e1lisis de los centros hospitalarios. Rub\u00e9n Torres, enfermero de la Unidad de Trasplante y Procuramiento del Hospital Base de Valdivia, se\u00f1al\u00f3 que \u201cuna de nuestras sub \u00e1reas es la de Investigaci\u00f3n y Desarrollo, en la que participan m\u00e9dicos, bioqu\u00edmicos, tecn\u00f3logos, param\u00e9dicos y enfermeros. Hemos trasplantado gente de Coyhaique, sin embargo, no trasplantamos un paciente de esta regi\u00f3n desde 2016. Cuando aparece un donante, aparece una lista de quienes son los m\u00e1s compatibles para esa persona. Desde ese a\u00f1o que no se da esa situaci\u00f3n para esta regi\u00f3n\u201d.<\/p>\n<p style=\"text-align: justify;\">Respecto a la oportunidad de volver a hacer un trasplante, considerada por el profesional como la mejor opci\u00f3n terap\u00e9utica posible hoy d\u00eda, indica que dada la contingencia Covid-19 que est\u00e1 en una buena situaci\u00f3n tanto en la regi\u00f3n de Ays\u00e9n como en los R\u00edos \u201cqueremos y venimos a decirles a los pacientes que la posibilidad es real, que se puede, que la conectividad a\u00e9rea es muy buena, mucho mejor que la de otras regiones\u201d.<\/p>\n<p style=\"text-align: justify;\">Por su parte, Ivonne Gaete, enfermera jefe de la Unidad de Di\u00e1lisis del HRC, que el d\u00eda de hoy tiene 76 pacientes en hemodi\u00e1lisis y 26 en peritoneo, indic\u00f3 que \u201cse tiene mucha deficiencia de informaci\u00f3n. El hecho que desde el centro de referencia que tenemos nosotros, puedan entregar directamente la informaci\u00f3n a los pacientes es un beneficio que no todos los pacientes renales del pa\u00eds pueden disfrutar. Es una instancia bastante enriquecedora para todos. Tiene que ser un paciente estable, y tiene que estar interesado. Toda cirug\u00eda tiene riesgos, unas m\u00e1s, otras menos\u201d.<\/p>\n<p style=\"text-align: justify;\">En relaci\u00f3n a las razones para que en los \u00faltimos 5 a\u00f1os no se hayan realizado trasplantes a pacientes de la regi\u00f3n, la enfermera de Di\u00e1lisis del HRC se\u00f1ala que \u201clos pacientes se frustran y tampoco tienen la misma intenci\u00f3n y disposici\u00f3n para realizarse los estudios que contemplan varios ex\u00e1menes, varias interconsultas con especialistas y muchos de ellos, producto de esta situaci\u00f3n no se presentan, se desilusionan mucho, y eso incita, que en definitiva no est\u00e9n preparados en caso de, entonces es un c\u00edrculo vicioso en que una cosa lleva a otra, y que en definitiva no es beneficioso para nadie, y eso hace que el proceso se enlentezca mucho m\u00e1s a\u00fan\u201d<\/p>\n<p style=\"text-align: justify;\">Tambi\u00e9n se\u00f1ala que hay un tema no menor: la conciencia de ser donante. \u201cEs un tema que se tiene que conversar en la familia, en nuestra cultura, hablar de la muerte es tab\u00fa, no se habla nada. La opci\u00f3n de ser donante es un tema que se tiene que conversar, qu\u00e9 van a hacer con ms \u00f3rganos despu\u00e9s de fallecer, es una muestra de amor hacia el otro, el que lo necesita. Mi \u00f3rgano si va a apoyar a otro, es una demostraci\u00f3n de amor, incondicional, de eso se trata. Estamos regalando vida a trav\u00e9s de la muerte de otra persona y eso es necesario volver a encantarse con lo que implica el trasplante\u201d.<\/p>\n<p style=\"text-align: justify;\">Por su parte, Claudio Arriagada, director del Hospital Puerto Ays\u00e9n se\u00f1al\u00f3 su satisfacci\u00f3n por la presencia del equipo de la Unidad de Trasplante y Procuramiento del Hospital Base de Valdivia \u201cexplicaron todo lo referente a los trasplantes renales y estas reuniones que sostuvimos con los distintos pacientes de nuestro Hospital nos permiten aclarar dudas y tambi\u00e9n motivarlos para que puedan tener la esperanza en alg\u00fan momento ser candidatos a trasplante, sea de cad\u00e1ver o tambi\u00e9n de paciente vivo, informaci\u00f3n que es muy valiosa porque en esta regi\u00f3n se conoce poco que efectivamente los pacientes dializados pueden tener un familiar que les pueda donar un ri\u00f1\u00f3n y con eso dejar de acudir a la terapia de hemodi\u00e1lisis\u201d.<\/p>\n<p style=\"text-align: justify;\">El directivo finaliz\u00f3 se\u00f1alando que estas iniciativas \u201cson muy importantes y vamos a seguir trabajando en conjunto para poder tener las carpetas completas de nuestros pacientes en Valdivia\u201d.<\/p>\n<\/div><\/section><\/div><div  style='height:50px' class='hr hr-invisible   avia-builder-el-6  el_after_av_one_full  el_before_av_social_share '><span class='hr-inner ' ><span class='hr-inner-style'><\/span><\/span><\/div><\/p>\n<div  class='av-social-sharing-box  avia-builder-el-7  el_after_av_hr  el_before_av_hr  '><div class='av-share-box'><h5 class='av-share-link-description av-no-toc '>Compartir esta noticia<\/h5><ul class='av-share-box-list noLightbox'><li class='av-share-link av-social-link-facebook' ><a target=\"_blank\" aria-label=\"Compartir en Facebook\" href='https:\/\/www.facebook.com\/sharer.php?u=https:\/\/radiorevelacionfm.cl\/?p=9890&#038;t=Hospital%20Base%20de%20Valdivia%20realiz%C3%B3%20charla%20sobre%20trasplante%20a%20pacientes%20dializados%20de%20la%20regi%C3%B3n%20de%20Ays%C3%A9n' aria-hidden='false' data-av_icon='\ue8f3' data-av_iconfont='entypo-fontello' title='' data-avia-related-tooltip='Compartir en Facebook' rel=\"noopener\"><span class='avia_hidden_link_text'>Compartir en Facebook<\/span><\/a><\/li><li class='av-share-link av-social-link-twitter' ><a target=\"_blank\" aria-label=\"Compartir en Twitter\" href='https:\/\/twitter.com\/share?text=Hospital%20Base%20de%20Valdivia%20realiz%C3%B3%20charla%20sobre%20trasplante%20a%20pacientes%20dializados%20de%20la%20regi%C3%B3n%20de%20Ays%C3%A9n&#038;url=https:\/\/radiorevelacionfm.cl\/?p=9890' aria-hidden='false' data-av_icon='\ue8f1' data-av_iconfont='entypo-fontello' title='' data-avia-related-tooltip='Compartir en Twitter' rel=\"noopener\"><span class='avia_hidden_link_text'>Compartir en Twitter<\/span><\/a><\/li><li class='av-share-link av-social-link-whatsapp' ><a target=\"_blank\" aria-label=\"Compartir en Whatsapp\" href='https:\/\/api.whatsapp.com\/send?text=https:\/\/radiorevelacionfm.cl\/?p=9890' aria-hidden='false' data-av_icon='\uf232' data-av_iconfont='entypo-fontello' title='' data-avia-related-tooltip='Compartir en Whatsapp' rel=\"noopener\"><span class='avia_hidden_link_text'>Compartir en Whatsapp<\/span><\/a><\/li><li class='av-share-link av-social-link-linkedin' ><a target=\"_blank\" aria-label=\"Compartir en LinkedIn\" href='https:\/\/linkedin.com\/shareArticle?mini=true&#038;title=Hospital%20Base%20de%20Valdivia%20realiz%C3%B3%20charla%20sobre%20trasplante%20a%20pacientes%20dializados%20de%20la%20regi%C3%B3n%20de%20Ays%C3%A9n&#038;url=https:\/\/radiorevelacionfm.cl\/?p=9890' aria-hidden='false' data-av_icon='\ue8fc' data-av_iconfont='entypo-fontello' title='' data-avia-related-tooltip='Compartir en LinkedIn' rel=\"noopener\"><span class='avia_hidden_link_text'>Compartir en LinkedIn<\/span><\/a><\/li><li class='av-share-link av-social-link-mail' ><a  aria-label=\"Compartir por correo\" href='mailto:?subject=Hospital%20Base%20de%20Valdivia%20realiz%C3%B3%20charla%20sobre%20trasplante%20a%20pacientes%20dializados%20de%20la%20regi%C3%B3n%20de%20Ays%C3%A9n&#038;body=https:\/\/radiorevelacionfm.cl\/?p=9890' aria-hidden='false' data-av_icon='\ue805' data-av_iconfont='entypo-fontello' title='' data-avia-related-tooltip='Compartir por correo'><span class='avia_hidden_link_text'>Compartir por correo<\/span><\/a><\/li><\/ul><\/div><\/div>\n<div  style='height:50px' class='hr hr-invisible   avia-builder-el-8  el_after_av_social_share  el_before_av_comments_list '><span class='hr-inner ' ><span class='hr-inner-style'><\/span><\/span><\/div>\n<div  class='av-buildercomment  av-blog-meta-html-info-disabled av-blog-meta-tag-disabled  '><\/div>\n","protected":false},"excerpt":{"rendered":"","protected":false},"author":1,"featured_media":9891,"comment_status":"open","ping_status":"open","sticky":false,"template":"","format":"standard","meta":{"footnotes":""},"categories":[46],"tags":[],"class_list":["post-9890","post","type-post","status-publish","format-standard","has-post-thumbnail","hentry","category-salud"],"jetpack_featured_media_url":"https:\/\/radiorevelacionfm.cl\/wp-content\/uploads\/2021\/10\/charla-dialisis-0002_optimized.jpg","_links":{"self":[{"href":"https:\/\/radiorevelacionfm.cl\/index.php?rest_route=\/wp\/v2\/posts\/9890","targetHints":{"allow":["GET"]}}],"collection":[{"href":"https:\/\/radiorevelacionfm.cl\/index.php?rest_route=\/wp\/v2\/posts"}],"about":[{"href":"https:\/\/radiorevelacionfm.cl\/index.php?rest_route=\/wp\/v2\/types\/post"}],"author":[{"embeddable":true,"href":"https:\/\/radiorevelacionfm.cl\/index.php?rest_route=\/wp\/v2\/users\/1"}],"replies":[{"embeddable":true,"href":"https:\/\/radiorevelacionfm.cl\/index.php?rest_route=%2Fwp%2Fv2%2Fcomments&post=9890"}],"version-history":[{"count":1,"href":"https:\/\/radiorevelacionfm.cl\/index.php?rest_route=\/wp\/v2\/posts\/9890\/revisions"}],"predecessor-version":[{"id":9892,"href":"https:\/\/radiorevelacionfm.cl\/index.php?rest_route=\/wp\/v2\/posts\/9890\/revisions\/9892"}],"wp:featuredmedia":[{"embeddable":true,"href":"https:\/\/radiorevelacionfm.cl\/index.php?rest_route=\/wp\/v2\/media\/9891"}],"wp:attachment":[{"href":"https:\/\/radiorevelacionfm.cl\/index.php?rest_route=%2Fwp%2Fv2%2Fmedia&parent=9890"}],"wp:term":[{"taxonomy":"category","embeddable":true,"href":"https:\/\/radiorevelacionfm.cl\/index.php?rest_route=%2Fwp%2Fv2%2Fcategories&post=9890"},{"taxonomy":"post_tag","embeddable":true,"href":"https:\/\/radiorevelacionfm.cl\/index.php?rest_route=%2Fwp%2Fv2%2Ftags&post=9890"}],"curies":[{"name":"wp","href":"https:\/\/api.w.org\/{rel}","templated":true}]}}