{"id":9877,"date":"2021-10-21T15:52:03","date_gmt":"2021-10-21T18:52:03","guid":{"rendered":"https:\/\/radiorevelacionfm.cl\/?p=9877"},"modified":"2021-10-21T15:52:03","modified_gmt":"2021-10-21T18:52:03","slug":"mas-de-300-hogares-de-aysen-fueron-nuevamente-postergados-por-el-minvu-para-la-ejecucion-del-programa-quiero-mi-barrio","status":"publish","type":"post","link":"https:\/\/radiorevelacionfm.cl\/?p=9877","title":{"rendered":"M\u00e1s de 300 hogares de Ays\u00e9n fueron nuevamente postergados por el Minvu para la ejecuci\u00f3n del Programa Quiero Mi Barrio"},"content":{"rendered":"<div class=\"flex_column av_one_full  flex_column_div av-zero-column-padding first  avia-builder-el-0  el_before_av_one_full  avia-builder-el-first  \" style='border-radius:0px; '><div  class='avia-image-container  av-styling-    avia-builder-el-1  avia-builder-el-no-sibling  avia-align-center '  itemprop=\"image\" itemscope=\"itemscope\" itemtype=\"https:\/\/schema.org\/ImageObject\"  ><div class='avia-image-container-inner'><div class='avia-image-overlay-wrap'><img decoding=\"async\" class='wp-image-9878 avia-img-lazy-loading-not-9878 avia_image' src=\"https:\/\/radiorevelacionfm.cl\/wp-content\/uploads\/2021\/10\/img-QMBContex-Muni1-1-1.jpeg\" alt='' title='img-QMBContex-Muni1 (1) (1)' height=\"600\" width=\"800\"  itemprop=\"thumbnailUrl\" srcset=\"https:\/\/radiorevelacionfm.cl\/wp-content\/uploads\/2021\/10\/img-QMBContex-Muni1-1-1.jpeg 800w, https:\/\/radiorevelacionfm.cl\/wp-content\/uploads\/2021\/10\/img-QMBContex-Muni1-1-1-300x225.jpeg 300w, https:\/\/radiorevelacionfm.cl\/wp-content\/uploads\/2021\/10\/img-QMBContex-Muni1-1-1-768x576.jpeg 768w, https:\/\/radiorevelacionfm.cl\/wp-content\/uploads\/2021\/10\/img-QMBContex-Muni1-1-1-705x529.jpeg 705w, https:\/\/radiorevelacionfm.cl\/wp-content\/uploads\/2021\/10\/img-QMBContex-Muni1-1-1-600x450.jpeg 600w\" sizes=\"(max-width: 800px) 100vw, 800px\" \/><\/div><\/div><\/div><\/div><div class=\"flex_column av_one_full  flex_column_div av-zero-column-padding first  avia-builder-el-2  el_after_av_one_full  el_before_av_one_full  column-top-margin\" style='border-radius:0px; '><section class=\"av_textblock_section \"  itemscope=\"itemscope\" itemtype=\"https:\/\/schema.org\/BlogPosting\" itemprop=\"blogPost\" ><div class='avia_textblock  '   itemprop=\"text\" ><p style=\"text-align: center;\"><strong><span style=\"font-size: 18pt;\">M\u00e1s de 300 hogares de Ays\u00e9n fueron nuevamente postergados por el Minvu para la ejecuci\u00f3n del Programa Quiero Mi Barrio<\/span><\/strong><\/p>\n<div id=\"gtx-trans\" style=\"position: absolute; left: -50px; top: 4.31534px;\">\n<div class=\"gtx-trans-icon\"><\/div>\n<\/div>\n<\/div><\/section><\/div><div class=\"flex_column av_one_full  flex_column_div av-zero-column-padding first  avia-builder-el-4  el_after_av_one_full  el_before_av_hr  column-top-margin\" style='border-radius:0px; '><section class=\"av_textblock_section \"  itemscope=\"itemscope\" itemtype=\"https:\/\/schema.org\/BlogPosting\" itemprop=\"blogPost\" ><div class='avia_textblock  '   itemprop=\"text\" ><p style=\"text-align: justify;\">Actualmente se encuentran en ejecuci\u00f3n en la comuna 4 iniciativas de este tipo y con \u00e9xito han concluido otras dos. Las cuales han obtenido una valoraci\u00f3n muy positiva por parte de la comunidad.<\/p>\n<p style=\"text-align: justify;\">\u201cHoy d\u00eda no tengo palabras para poder expresarme hacia los vecinos\u201d fueron parte de las declaraciones emitidas por el alcalde de Ays\u00e9n, Julio Uribe Alvarado, ante la determinaci\u00f3n adoptada por el Ministerio de Vivienda y Urbanismo (Minvu) que finalmente dej\u00f3 fuera de asignaci\u00f3n, la postulaci\u00f3n formulada por la Ilustre Municipalidad de Ays\u00e9n al programa Quiero Mi Barrio y que esperaba contribuir con resolver una demanda hist\u00f3rica de los vecinos del sector de Villa Ays\u00e9n, quienes han lidiado por a\u00f1os con malas construcciones en la zona y que desde la entrega de sus viviendas no han contado con espacios de esparcimiento y recreaci\u00f3n para construir una vida en comunidad.<\/p>\n<p style=\"text-align: justify;\">Frente a este hecho, la primera autoridad comunal, junto con manifestar su tristeza relat\u00f3 que \u201cnosotros estim\u00e1bamos que la adjudicaci\u00f3n del Barrio \u201cLas Villas de Ays\u00e9n\u201d iba a resultar positiva dado que existen 306 viviendas y m\u00e1s de 900 personas que viven en este sector, el cual ha sido hist\u00f3ricamente perjudicado por malas construcciones, donde hay casas que se han hundido, donde nunca han tenido un \u00e1rea verde. Es incre\u00edble que las autoridades no vean esto en gente que ha sufrido tanto, hoy d\u00eda con el tema de la compactaci\u00f3n din\u00e1mica sus casas est\u00e1n casi desechas\u201d.<\/p>\n<p style=\"text-align: justify;\">Adem\u00e1s, el Edil porte\u00f1o, explic\u00f3 que esta situaci\u00f3n se le hizo saber al ministro en su momento, obteniendo de este un compromiso verbal, as\u00ed tambi\u00e9n, el Seremi quien comprometi\u00f3 su ayuda frente a los vecinos, en una Villa que ha debido enfrentar incluso de manera legal algunas situaciones con organismos dependientes del Minvu. Por otra parte, Julio Uribe, acot\u00f3 que las personas que residen en el sector se encontraban esperanzadas en obtener sus \u00e1reas verdes, una cancha o una sala de uso m\u00faltiple, como s\u00ed existe en otros puntos de Ays\u00e9n tras la ejecuci\u00f3n del Quiero Mi Barrio.<\/p>\n<p style=\"text-align: justify;\">\u201cEste barrio ha sido postulado en dos oportunidades, o sea, dos veces lo han rechazado. Creo que es muy injusto lo que est\u00e1 sucediendo y para mi que no se han puesto al nivel. Yo habl\u00e9 con gran parte del jurado, pero siento que no fui escuchado, es lamentable, yo creo que est\u00e1n perjudicando Ays\u00e9n en esta materia\u201d, sentenci\u00f3 el alcalde aysenino.<\/p>\n<p style=\"text-align: justify;\">Desde el municipio destacan la contribuci\u00f3n positiva que desarrolla el programa Quiero Mi Barrio en el mejoramiento del entorno comunitario, con sus componentes y metodolog\u00edas de participaci\u00f3n vecinal. Por lo que, esperan que esta decisi\u00f3n pueda ser revisada para entregar dignidad a los vecinos del sector Villa Ays\u00e9n, quienes se han sentido desplazados de las pol\u00edticas p\u00fablicas en materia de vivienda y espacios p\u00fablicos.<\/p>\n<\/div><\/section><\/div><div  style='height:50px' class='hr hr-invisible   avia-builder-el-6  el_after_av_one_full  el_before_av_social_share '><span class='hr-inner ' ><span class='hr-inner-style'><\/span><\/span><\/div><\/p>\n<div  class='av-social-sharing-box  avia-builder-el-7  el_after_av_hr  el_before_av_hr  '><div class='av-share-box'><h5 class='av-share-link-description av-no-toc '>Compartir esta noticia<\/h5><ul class='av-share-box-list noLightbox'><li class='av-share-link av-social-link-facebook' ><a target=\"_blank\" aria-label=\"Compartir en Facebook\" href='https:\/\/www.facebook.com\/sharer.php?u=https:\/\/radiorevelacionfm.cl\/?p=9877&#038;t=M%C3%A1s%20de%20300%20hogares%20de%20Ays%C3%A9n%20fueron%20nuevamente%20postergados%20por%20el%20Minvu%20para%20la%20ejecuci%C3%B3n%20del%20Programa%20Quiero%20Mi%20Barrio' aria-hidden='false' data-av_icon='\ue8f3' data-av_iconfont='entypo-fontello' title='' data-avia-related-tooltip='Compartir en Facebook' rel=\"noopener\"><span class='avia_hidden_link_text'>Compartir en Facebook<\/span><\/a><\/li><li class='av-share-link av-social-link-twitter' ><a target=\"_blank\" aria-label=\"Compartir en Twitter\" href='https:\/\/twitter.com\/share?text=M%C3%A1s%20de%20300%20hogares%20de%20Ays%C3%A9n%20fueron%20nuevamente%20postergados%20por%20el%20Minvu%20para%20la%20ejecuci%C3%B3n%20del%20Programa%20Quiero%20Mi%20Barrio&#038;url=https:\/\/radiorevelacionfm.cl\/?p=9877' aria-hidden='false' data-av_icon='\ue8f1' data-av_iconfont='entypo-fontello' title='' data-avia-related-tooltip='Compartir en Twitter' rel=\"noopener\"><span class='avia_hidden_link_text'>Compartir en Twitter<\/span><\/a><\/li><li class='av-share-link av-social-link-whatsapp' ><a target=\"_blank\" aria-label=\"Compartir en Whatsapp\" href='https:\/\/api.whatsapp.com\/send?text=https:\/\/radiorevelacionfm.cl\/?p=9877' aria-hidden='false' data-av_icon='\uf232' data-av_iconfont='entypo-fontello' title='' data-avia-related-tooltip='Compartir en Whatsapp' rel=\"noopener\"><span class='avia_hidden_link_text'>Compartir en Whatsapp<\/span><\/a><\/li><li class='av-share-link av-social-link-linkedin' ><a target=\"_blank\" aria-label=\"Compartir en LinkedIn\" href='https:\/\/linkedin.com\/shareArticle?mini=true&#038;title=M%C3%A1s%20de%20300%20hogares%20de%20Ays%C3%A9n%20fueron%20nuevamente%20postergados%20por%20el%20Minvu%20para%20la%20ejecuci%C3%B3n%20del%20Programa%20Quiero%20Mi%20Barrio&#038;url=https:\/\/radiorevelacionfm.cl\/?p=9877' aria-hidden='false' data-av_icon='\ue8fc' data-av_iconfont='entypo-fontello' title='' data-avia-related-tooltip='Compartir en LinkedIn' rel=\"noopener\"><span class='avia_hidden_link_text'>Compartir en LinkedIn<\/span><\/a><\/li><li class='av-share-link av-social-link-mail' ><a  aria-label=\"Compartir por correo\" href='mailto:?subject=M%C3%A1s%20de%20300%20hogares%20de%20Ays%C3%A9n%20fueron%20nuevamente%20postergados%20por%20el%20Minvu%20para%20la%20ejecuci%C3%B3n%20del%20Programa%20Quiero%20Mi%20Barrio&#038;body=https:\/\/radiorevelacionfm.cl\/?p=9877' aria-hidden='false' data-av_icon='\ue805' data-av_iconfont='entypo-fontello' title='' data-avia-related-tooltip='Compartir por correo'><span class='avia_hidden_link_text'>Compartir por correo<\/span><\/a><\/li><\/ul><\/div><\/div>\n<div  style='height:50px' class='hr hr-invisible   avia-builder-el-8  el_after_av_social_share  el_before_av_comments_list '><span class='hr-inner ' ><span class='hr-inner-style'><\/span><\/span><\/div>\n<div  class='av-buildercomment  av-blog-meta-html-info-disabled av-blog-meta-tag-disabled  '><\/div>\n","protected":false},"excerpt":{"rendered":"","protected":false},"author":1,"featured_media":9878,"comment_status":"open","ping_status":"open","sticky":false,"template":"","format":"standard","meta":{"footnotes":""},"categories":[38],"tags":[],"class_list":["post-9877","post","type-post","status-publish","format-standard","has-post-thumbnail","hentry","category-regional"],"jetpack_featured_media_url":"https:\/\/radiorevelacionfm.cl\/wp-content\/uploads\/2021\/10\/img-QMBContex-Muni1-1-1.jpeg","_links":{"self":[{"href":"https:\/\/radiorevelacionfm.cl\/index.php?rest_route=\/wp\/v2\/posts\/9877","targetHints":{"allow":["GET"]}}],"collection":[{"href":"https:\/\/radiorevelacionfm.cl\/index.php?rest_route=\/wp\/v2\/posts"}],"about":[{"href":"https:\/\/radiorevelacionfm.cl\/index.php?rest_route=\/wp\/v2\/types\/post"}],"author":[{"embeddable":true,"href":"https:\/\/radiorevelacionfm.cl\/index.php?rest_route=\/wp\/v2\/users\/1"}],"replies":[{"embeddable":true,"href":"https:\/\/radiorevelacionfm.cl\/index.php?rest_route=%2Fwp%2Fv2%2Fcomments&post=9877"}],"version-history":[{"count":1,"href":"https:\/\/radiorevelacionfm.cl\/index.php?rest_route=\/wp\/v2\/posts\/9877\/revisions"}],"predecessor-version":[{"id":9879,"href":"https:\/\/radiorevelacionfm.cl\/index.php?rest_route=\/wp\/v2\/posts\/9877\/revisions\/9879"}],"wp:featuredmedia":[{"embeddable":true,"href":"https:\/\/radiorevelacionfm.cl\/index.php?rest_route=\/wp\/v2\/media\/9878"}],"wp:attachment":[{"href":"https:\/\/radiorevelacionfm.cl\/index.php?rest_route=%2Fwp%2Fv2%2Fmedia&parent=9877"}],"wp:term":[{"taxonomy":"category","embeddable":true,"href":"https:\/\/radiorevelacionfm.cl\/index.php?rest_route=%2Fwp%2Fv2%2Fcategories&post=9877"},{"taxonomy":"post_tag","embeddable":true,"href":"https:\/\/radiorevelacionfm.cl\/index.php?rest_route=%2Fwp%2Fv2%2Ftags&post=9877"}],"curies":[{"name":"wp","href":"https:\/\/api.w.org\/{rel}","templated":true}]}}