{"id":9873,"date":"2021-10-21T18:06:48","date_gmt":"2021-10-21T21:06:48","guid":{"rendered":"https:\/\/radiorevelacionfm.cl\/?p=9873"},"modified":"2021-10-21T18:06:48","modified_gmt":"2021-10-21T21:06:48","slug":"reconocen-a-empresarias-del-sector-turismo-beneficiadas-con-el-programa-ponle-energia-a-tu-pyme","status":"publish","type":"post","link":"https:\/\/radiorevelacionfm.cl\/?p=9873","title":{"rendered":"Reconocen a empresarias del sector turismo beneficiadas con el programa Ponle Energ\u00eda a Tu Pyme"},"content":{"rendered":"<div class=\"flex_column av_one_full  flex_column_div av-zero-column-padding first  avia-builder-el-0  el_before_av_one_full  avia-builder-el-first  \" style='border-radius:0px; '><div  class='avia-image-container  av-styling-    avia-builder-el-1  avia-builder-el-no-sibling  avia-align-center '  itemprop=\"image\" itemscope=\"itemscope\" itemtype=\"https:\/\/schema.org\/ImageObject\"  ><div class='avia-image-container-inner'><div class='avia-image-overlay-wrap'><img decoding=\"async\" class='wp-image-9874 avia-img-lazy-loading-not-9874 avia_image' src=\"https:\/\/radiorevelacionfm.cl\/wp-content\/uploads\/2021\/10\/IMG_6545-1-1.jpg\" alt='' title='IMG_6545 (1) (1)' height=\"600\" width=\"800\"  itemprop=\"thumbnailUrl\" srcset=\"https:\/\/radiorevelacionfm.cl\/wp-content\/uploads\/2021\/10\/IMG_6545-1-1.jpg 800w, https:\/\/radiorevelacionfm.cl\/wp-content\/uploads\/2021\/10\/IMG_6545-1-1-300x225.jpg 300w, https:\/\/radiorevelacionfm.cl\/wp-content\/uploads\/2021\/10\/IMG_6545-1-1-768x576.jpg 768w, https:\/\/radiorevelacionfm.cl\/wp-content\/uploads\/2021\/10\/IMG_6545-1-1-705x529.jpg 705w, https:\/\/radiorevelacionfm.cl\/wp-content\/uploads\/2021\/10\/IMG_6545-1-1-600x450.jpg 600w\" sizes=\"(max-width: 800px) 100vw, 800px\" \/><\/div><\/div><\/div><\/div><div class=\"flex_column av_one_full  flex_column_div av-zero-column-padding first  avia-builder-el-2  el_after_av_one_full  el_before_av_one_full  column-top-margin\" style='border-radius:0px; '><section class=\"av_textblock_section \"  itemscope=\"itemscope\" itemtype=\"https:\/\/schema.org\/BlogPosting\" itemprop=\"blogPost\" ><div class='avia_textblock  '   itemprop=\"text\" ><p style=\"text-align: center;\"><strong><span style=\"font-size: 18pt;\">Reconocen a empresarias del sector turismo beneficiadas con el programa Ponle Energ\u00eda a Tu Pyme<\/span><\/strong><\/p>\n<div id=\"gtx-trans\" style=\"position: absolute; left: -50px; top: 4.31534px;\">\n<div class=\"gtx-trans-icon\"><\/div>\n<\/div>\n<\/div><\/section><\/div><div class=\"flex_column av_one_full  flex_column_div av-zero-column-padding first  avia-builder-el-4  el_after_av_one_full  el_before_av_hr  column-top-margin\" style='border-radius:0px; '><section class=\"av_textblock_section \"  itemscope=\"itemscope\" itemtype=\"https:\/\/schema.org\/BlogPosting\" itemprop=\"blogPost\" ><div class='avia_textblock  '   itemprop=\"text\" ><p style=\"text-align: justify;\">El Seremi de Energ\u00eda de la regi\u00f3n de Ays\u00e9n, Juan Luis Amen\u00e1bar, entreg\u00f3 un reconocimiento a dos empresarias del sector turismo beneficiadas por el Programa Ponle Energ\u00eda a Tu Pyme 2020, las que adem\u00e1s manifestaron su inter\u00e9s por capacitarse en gesti\u00f3n de la energ\u00eda y seguir postulando a nuevas iniciativas.<\/p>\n<p style=\"text-align: justify;\">Al respecto la autoridad de Energ\u00eda indic\u00f3 que \u201cestamos muy contentos de entregar este reconocimiento a dos empresarias tur\u00edsticas de nuestra regi\u00f3n, quienes han decido sumarse a las energ\u00edas limpias y a un turismo sustentable. Me gustar\u00eda destacar que de los 11 proyectos adjudicados el a\u00f1o pasado, 6 de ellos corresponden a pymes lideradas por mujeres, lo que es muy importante ya que nos indica que estamos avanzando en acortar las brechas de equidad y g\u00e9nero del sector\u201d.<\/p>\n<p style=\"text-align: justify;\">Cabe se\u00f1alar que el programa del Ministerio de Energ\u00eda implementado por la Agencia de Sostenibilidad Energ\u00e9tica tiene sus postulaciones abiertas y dispone de un presupuesto de m\u00e1s de $3.800 millones para cofinanciar a las micro, peque\u00f1as y medianas empresas (MiPyme) de todo Chile en la implementaci\u00f3n de proyectos de eficiencia energ\u00e9tica, energ\u00edas renovables y electromovilidad.<\/p>\n<p style=\"text-align: justify;\">\u201cHoy nos encontramos de cara a un proceso de reactivaci\u00f3n de la actividad econ\u00f3mica y tur\u00edstica en la regi\u00f3n, y tenemos claridad que invertir en energ\u00edas limpias es invertir en futuro y en sostenibilidad. La eficiencia energ\u00e9tica y las energ\u00edas renovables son una forma efectiva y rentable de reducir costos econ\u00f3micos, mejorar la productividad y disminuir las emisiones de CO2 al medio ambiente, pero adem\u00e1s pone de manifiesto el compromiso de las empresas con la sustentabilidad, valor cada vez m\u00e1s importante para los turistas que visitan nuestra regi\u00f3n. Es por esto que hacemos un llamado a todas las pymes regionales a postular de esta gran iniciativa\u201d destac\u00f3 el Seremi Amen\u00e1bar.<\/p>\n<p style=\"text-align: justify;\">De esta manera, la autoridad regional de energ\u00eda se traslad\u00f3 hasta el sector de Coyhaique Bajo para visitar la empresa de turismo sustentable Patagonia Nativa Rural, la que implement\u00f3 un sistema de autogeneraci\u00f3n fotovoltaico off grid de 0.81 kW que permite una reducci\u00f3n de 0,40 tCO\u2082 Eq \/ a\u00f1o.<\/p>\n<p style=\"text-align: justify;\">Natalia Carolina Castro su due\u00f1a indic\u00f3 que \u201cpara nosotros fue un desaf\u00edo postular al programa Ponle Energ\u00eda a tu Pyme 2020, y nos ha tra\u00eddo mucha satisfacci\u00f3n este sue\u00f1o de tener un turismo sustentable en la Patagonia. Es por eso que quiero invitar a todas las empresas regionales a que sigan la l\u00ednea de ser ecosustentables, utilizar todos nuestros recursos naturales y demostrar que es posible un turismo rural, un turismo de aventura, en definitiva, un turismo autosustentable\u201d.<\/p>\n<p style=\"text-align: justify;\">Posteriormente el Seremi Amen\u00e1bar visit\u00f3 Hostal los Teros de Coyhaique, iniciativa que se adjudic\u00f3 un sistema de autogeneraci\u00f3n fotovoltaico off grid de 3 kW que le permite generar una importante cantidad de la energ\u00eda que consume y una reducci\u00f3n de 1,7 tCO\u2082 Eq \/ a\u00f1o. La beneficiaria Gloria Oyarz\u00fan destac\u00f3 que \u201cestoy muy agradecida de haber podido participar de este proyecto. Yo soy patagona y estoy encantada de poder contribuir a que tengamos energ\u00edas limpias. Ojal\u00e1 todos los empresarios y empresarias regionales puedan participar de este programa para ir cambiando la mentalidad y dejar de lado las energ\u00edas contaminantes. Adem\u00e1s, me gustar\u00eda en el corto plazo tener la posibilidad de capacitarme en gesti\u00f3n energ\u00e9tica para poder aplicarlo a mi emprendimiento. Tenemos una regi\u00f3n maravillosa que debemos cuidar y preservar para las futuras generaciones\u201d.<\/p>\n<p style=\"text-align: justify;\">PONLE ENERG\u00cdA A TU PYME<\/p>\n<p style=\"text-align: justify;\">Las MyPymes del territorio nacional podr\u00e1n recibir un cofinanciamiento para la implementaci\u00f3n de medidas de mejora en eficiencia energ\u00e9tica y\/o energ\u00edas renovables para autoconsumo cuyo monto y porcentaje de cofinanciamiento depender\u00e1n del tama\u00f1o de la empresa seg\u00fan se detalla a continuaci\u00f3n:<\/p>\n<ul style=\"text-align: justify;\">\n<li>Empresa mediana accede a un cofinanciamiento de hasta $15.000.000 con un tope del 50% del costo total de inversi\u00f3n incluyendo impuestos.<\/li>\n<li>Empresa peque\u00f1a accede a un cofinanciamiento de hasta $8.500.000 con un tope del 70% del costo total de inversi\u00f3n incluyendo impuestos.<\/li>\n<li>Empresa micro accede a un cofinanciamiento de hasta $4.500.000 con un tope del 80% del costo total de inversi\u00f3n incluyendo impuestos.<\/li>\n<li>Destacar que en la regi\u00f3n de Ays\u00e9n el cofinanciamiento puede llegar hasta un 92% en el caso de las microempresas si la titular es una mujer.<\/li>\n<\/ul>\n<p style=\"text-align: justify;\">Para m\u00e1s informaci\u00f3n sobre el programa \u201cPonle Energ\u00eda a tu Pyme\u201d, tales como montos de cofinanciamiento, bases del concurso, y consultas en general sobre la postulaci\u00f3n, se puede visitar la p\u00e1gina www.ponleenergia.cl o contactar a la Seremi de Energ\u00eda de Ays\u00e9n, ubicada en calle Baquedano #310 interior, tel\u00e9fono 223656656 &#8211; anexo 564.<\/p>\n<\/div><\/section><\/div><div  style='height:50px' class='hr hr-invisible   avia-builder-el-6  el_after_av_one_full  el_before_av_social_share '><span class='hr-inner ' ><span class='hr-inner-style'><\/span><\/span><\/div><\/p>\n<div  class='av-social-sharing-box  avia-builder-el-7  el_after_av_hr  el_before_av_hr  '><div class='av-share-box'><h5 class='av-share-link-description av-no-toc '>Compartir esta noticia<\/h5><ul class='av-share-box-list noLightbox'><li class='av-share-link av-social-link-facebook' ><a target=\"_blank\" aria-label=\"Compartir en Facebook\" href='https:\/\/www.facebook.com\/sharer.php?u=https:\/\/radiorevelacionfm.cl\/?p=9873&#038;t=Reconocen%20a%20empresarias%20del%20sector%20turismo%20beneficiadas%20con%20el%20programa%20Ponle%20Energ%C3%ADa%20a%20Tu%20Pyme' aria-hidden='false' data-av_icon='\ue8f3' data-av_iconfont='entypo-fontello' title='' data-avia-related-tooltip='Compartir en Facebook' rel=\"noopener\"><span class='avia_hidden_link_text'>Compartir en Facebook<\/span><\/a><\/li><li class='av-share-link av-social-link-twitter' ><a target=\"_blank\" aria-label=\"Compartir en Twitter\" href='https:\/\/twitter.com\/share?text=Reconocen%20a%20empresarias%20del%20sector%20turismo%20beneficiadas%20con%20el%20programa%20Ponle%20Energ%C3%ADa%20a%20Tu%20Pyme&#038;url=https:\/\/radiorevelacionfm.cl\/?p=9873' aria-hidden='false' data-av_icon='\ue8f1' data-av_iconfont='entypo-fontello' title='' data-avia-related-tooltip='Compartir en Twitter' rel=\"noopener\"><span class='avia_hidden_link_text'>Compartir en Twitter<\/span><\/a><\/li><li class='av-share-link av-social-link-whatsapp' ><a target=\"_blank\" aria-label=\"Compartir en Whatsapp\" href='https:\/\/api.whatsapp.com\/send?text=https:\/\/radiorevelacionfm.cl\/?p=9873' aria-hidden='false' data-av_icon='\uf232' data-av_iconfont='entypo-fontello' title='' data-avia-related-tooltip='Compartir en Whatsapp' rel=\"noopener\"><span class='avia_hidden_link_text'>Compartir en Whatsapp<\/span><\/a><\/li><li class='av-share-link av-social-link-linkedin' ><a target=\"_blank\" aria-label=\"Compartir en LinkedIn\" href='https:\/\/linkedin.com\/shareArticle?mini=true&#038;title=Reconocen%20a%20empresarias%20del%20sector%20turismo%20beneficiadas%20con%20el%20programa%20Ponle%20Energ%C3%ADa%20a%20Tu%20Pyme&#038;url=https:\/\/radiorevelacionfm.cl\/?p=9873' aria-hidden='false' data-av_icon='\ue8fc' data-av_iconfont='entypo-fontello' title='' data-avia-related-tooltip='Compartir en LinkedIn' rel=\"noopener\"><span class='avia_hidden_link_text'>Compartir en LinkedIn<\/span><\/a><\/li><li class='av-share-link av-social-link-mail' ><a  aria-label=\"Compartir por correo\" href='mailto:?subject=Reconocen%20a%20empresarias%20del%20sector%20turismo%20beneficiadas%20con%20el%20programa%20Ponle%20Energ%C3%ADa%20a%20Tu%20Pyme&#038;body=https:\/\/radiorevelacionfm.cl\/?p=9873' aria-hidden='false' data-av_icon='\ue805' data-av_iconfont='entypo-fontello' title='' data-avia-related-tooltip='Compartir por correo'><span class='avia_hidden_link_text'>Compartir por correo<\/span><\/a><\/li><\/ul><\/div><\/div>\n<div  style='height:50px' class='hr hr-invisible   avia-builder-el-8  el_after_av_social_share  el_before_av_comments_list '><span class='hr-inner ' ><span class='hr-inner-style'><\/span><\/span><\/div>\n<div  class='av-buildercomment  av-blog-meta-html-info-disabled av-blog-meta-tag-disabled  '><\/div>\n","protected":false},"excerpt":{"rendered":"","protected":false},"author":1,"featured_media":9874,"comment_status":"open","ping_status":"open","sticky":false,"template":"","format":"standard","meta":{"footnotes":""},"categories":[38],"tags":[],"class_list":["post-9873","post","type-post","status-publish","format-standard","has-post-thumbnail","hentry","category-regional"],"jetpack_featured_media_url":"https:\/\/radiorevelacionfm.cl\/wp-content\/uploads\/2021\/10\/IMG_6545-1-1.jpg","_links":{"self":[{"href":"https:\/\/radiorevelacionfm.cl\/index.php?rest_route=\/wp\/v2\/posts\/9873","targetHints":{"allow":["GET"]}}],"collection":[{"href":"https:\/\/radiorevelacionfm.cl\/index.php?rest_route=\/wp\/v2\/posts"}],"about":[{"href":"https:\/\/radiorevelacionfm.cl\/index.php?rest_route=\/wp\/v2\/types\/post"}],"author":[{"embeddable":true,"href":"https:\/\/radiorevelacionfm.cl\/index.php?rest_route=\/wp\/v2\/users\/1"}],"replies":[{"embeddable":true,"href":"https:\/\/radiorevelacionfm.cl\/index.php?rest_route=%2Fwp%2Fv2%2Fcomments&post=9873"}],"version-history":[{"count":1,"href":"https:\/\/radiorevelacionfm.cl\/index.php?rest_route=\/wp\/v2\/posts\/9873\/revisions"}],"predecessor-version":[{"id":9875,"href":"https:\/\/radiorevelacionfm.cl\/index.php?rest_route=\/wp\/v2\/posts\/9873\/revisions\/9875"}],"wp:featuredmedia":[{"embeddable":true,"href":"https:\/\/radiorevelacionfm.cl\/index.php?rest_route=\/wp\/v2\/media\/9874"}],"wp:attachment":[{"href":"https:\/\/radiorevelacionfm.cl\/index.php?rest_route=%2Fwp%2Fv2%2Fmedia&parent=9873"}],"wp:term":[{"taxonomy":"category","embeddable":true,"href":"https:\/\/radiorevelacionfm.cl\/index.php?rest_route=%2Fwp%2Fv2%2Fcategories&post=9873"},{"taxonomy":"post_tag","embeddable":true,"href":"https:\/\/radiorevelacionfm.cl\/index.php?rest_route=%2Fwp%2Fv2%2Ftags&post=9873"}],"curies":[{"name":"wp","href":"https:\/\/api.w.org\/{rel}","templated":true}]}}