{"id":9870,"date":"2021-10-21T14:40:48","date_gmt":"2021-10-21T17:40:48","guid":{"rendered":"https:\/\/radiorevelacionfm.cl\/?p=9870"},"modified":"2021-10-21T15:07:09","modified_gmt":"2021-10-21T18:07:09","slug":"invitan-a-postular-a-beca-vocacion-de-profesor-a-traves-de-fuas-cl-a-quienes-deseen-estudiar-pedagogia","status":"publish","type":"post","link":"https:\/\/radiorevelacionfm.cl\/?p=9870","title":{"rendered":"Invitan a postular a Beca Vocaci\u00f3n de Profesor a trav\u00e9s de fuas.cl a quienes deseen estudiar pedagog\u00eda"},"content":{"rendered":"<div class=\"flex_column av_one_full  flex_column_div av-zero-column-padding first  avia-builder-el-0  el_before_av_one_full  avia-builder-el-first  \" style='border-radius:0px; '><div  class='avia-image-container  av-styling-    avia-builder-el-1  avia-builder-el-no-sibling  avia-align-center '  itemprop=\"image\" itemscope=\"itemscope\" itemtype=\"https:\/\/schema.org\/ImageObject\"  ><div class='avia-image-container-inner'><div class='avia-image-overlay-wrap'><img decoding=\"async\" class='wp-image-9871 avia-img-lazy-loading-not-9871 avia_image' src=\"https:\/\/radiorevelacionfm.cl\/wp-content\/uploads\/2021\/10\/Beca-profesor-1-1.jpg\" alt='' title='Beca profesor (1) (1)' height=\"600\" width=\"1135\"  itemprop=\"thumbnailUrl\" srcset=\"https:\/\/radiorevelacionfm.cl\/wp-content\/uploads\/2021\/10\/Beca-profesor-1-1.jpg 1135w, https:\/\/radiorevelacionfm.cl\/wp-content\/uploads\/2021\/10\/Beca-profesor-1-1-300x159.jpg 300w, https:\/\/radiorevelacionfm.cl\/wp-content\/uploads\/2021\/10\/Beca-profesor-1-1-1030x544.jpg 1030w, https:\/\/radiorevelacionfm.cl\/wp-content\/uploads\/2021\/10\/Beca-profesor-1-1-768x406.jpg 768w, https:\/\/radiorevelacionfm.cl\/wp-content\/uploads\/2021\/10\/Beca-profesor-1-1-710x375.jpg 710w, https:\/\/radiorevelacionfm.cl\/wp-content\/uploads\/2021\/10\/Beca-profesor-1-1-705x373.jpg 705w, https:\/\/radiorevelacionfm.cl\/wp-content\/uploads\/2021\/10\/Beca-profesor-1-1-600x317.jpg 600w\" sizes=\"(max-width: 1135px) 100vw, 1135px\" \/><\/div><\/div><\/div><\/div>\n<div class=\"flex_column av_one_full  flex_column_div av-zero-column-padding first  avia-builder-el-2  el_after_av_one_full  el_before_av_one_full  column-top-margin\" style='border-radius:0px; '><section class=\"av_textblock_section \"  itemscope=\"itemscope\" itemtype=\"https:\/\/schema.org\/BlogPosting\" itemprop=\"blogPost\" ><div class='avia_textblock  '   itemprop=\"text\" ><p style=\"text-align: center;\"><strong><span style=\"font-size: 18pt;\">Invitan a postular a Beca Vocaci\u00f3n de Profesor a trav\u00e9s de fuas.cl a quienes deseen estudiar pedagog\u00eda<\/span><\/strong><\/p>\n<div id=\"gtx-trans\" style=\"position: absolute; left: -50px; top: 4.31534px;\">\n<div class=\"gtx-trans-icon\"><\/div>\n<\/div>\n<\/div><\/section><\/div><div class=\"flex_column av_one_full  flex_column_div av-zero-column-padding first  avia-builder-el-4  el_after_av_one_full  el_before_av_hr  column-top-margin\" style='border-radius:0px; '><section class=\"av_textblock_section \"  itemscope=\"itemscope\" itemtype=\"https:\/\/schema.org\/BlogPosting\" itemprop=\"blogPost\" ><div class='avia_textblock  '   itemprop=\"text\" ><p class=\"v1MsoNormal\" style=\"text-align: justify;\">Con el fin de incentivar a los j\u00f3venes a estudiar carreras de pedagog\u00eda, el Ministerio de Educaci\u00f3n invita a postular a la Beca Vocaci\u00f3n de Profesor, a trav\u00e9s de la plataforma\u00a0<a href=\"https:\/\/nam02.safelinks.protection.outlook.com\/?url=http%3A%2F%2Fwww.fuas.cl%2F&amp;data=04%7C01%7Ccamilo.gomez%40mineduc.cl%7Cdeb9e3ea8ca349e8b99c08d994039434%7C2e4cfe500580414093874ecde39def60%7C0%7C0%7C637703565367605818%7CUnknown%7CTWFpbGZsb3d8eyJWIjoiMC4wLjAwMDAiLCJQIjoiV2luMzIiLCJBTiI6Ik1haWwiLCJXVCI6Mn0%3D%7C1000&amp;sdata=CkC6xhg7nFxc6wib6E9djMZWrlQOGmdwZS8taLDc7jI%3D&amp;reserved=0\" target=\"_blank\" rel=\"noopener noreferrer\">www.fuas.cl<\/a>, para financiar la carrera universitaria completa a quienes cumplan con los requisitos.<\/p>\n<p class=\"v1MsoNormal\" style=\"text-align: justify;\">La Beca Vocaci\u00f3n de Profesor (BVP) es una iniciativa que se cre\u00f3 con el fin de incentivar a estudiantes de excelencia a estudiar carreras de pedagog\u00eda. Su principal beneficio es el pago de la matr\u00edcula y arancel correspondientes, considerando, adem\u00e1s, en ciertos casos, beneficios adicionales como un monto de mantenci\u00f3n mensual y el pago de un semestre de intercambio en el extranjero. Cabe destacar que los requisitos para acceder a ella no se relacionan con el nivel socioecon\u00f3mico del postulante, sino solo con aspectos acad\u00e9micos.<\/p>\n<p class=\"v1MsoNormal\" style=\"text-align: justify;\">\u201cEn un contexto en el que la matr\u00edcula de carreras de pedagog\u00eda se ha visto mermada, lo que puede tener impacto en la futura dotaci\u00f3n de profesores id\u00f3neos, es fundamental poder contar con estudiantes de excelencia, que quieran abrazar la carrera docente, y para quienes esta beca constituye una excelente ayuda, que, de hecho, ha beneficiado a m\u00e1s de 23.000 estudiantes a la fecha\u201d, afirma Juan Eduardo Vargas, subsecretario de Educaci\u00f3n Superior.<\/p>\n<p class=\"v1MsoNormal\" style=\"text-align: justify;\">La Beca Vocaci\u00f3n de Profesor tiene tres componentes destinados a diferentes tipos de beneficiarios. Los componentes I y II est\u00e1n orientados a quienes se matriculan por primera vez en carreras de pedagog\u00eda y estudiantes de \u00faltimo a\u00f1o de licenciaturas, respectivamente. El componente III, enfocado en profesionales y licenciados, busca motivar vocaciones tard\u00edas, es decir, apoyar que personas con una formaci\u00f3n previa en otras disciplinas puedan, a trav\u00e9s de programas de prosecuci\u00f3n de estudios, convertirse en profesores.<\/p>\n<p class=\"v1MsoNormal\" style=\"text-align: justify;\">Los beneficiarios de esta beca deber\u00e1n cumplir la obligaci\u00f3n de retribuci\u00f3n, la que consiste, una vez obtenido el t\u00edtulo profesional, en ejercer en establecimientos educacionales que reciben financiamiento del Estado. La duraci\u00f3n de la retribuci\u00f3n depende del tipo de beca obtenido y sus detalles se pueden consultar en\u00a0<a href=\"https:\/\/nam02.safelinks.protection.outlook.com\/?url=https%3A%2F%2Fportal.beneficiosestudiantiles.cl%2Fbecas%2Fbecas-de-arancel&amp;data=04%7C01%7Ccamilo.gomez%40mineduc.cl%7Cdeb9e3ea8ca349e8b99c08d994039434%7C2e4cfe500580414093874ecde39def60%7C0%7C0%7C637703565367615772%7CUnknown%7CTWFpbGZsb3d8eyJWIjoiMC4wLjAwMDAiLCJQIjoiV2luMzIiLCJBTiI6Ik1haWwiLCJXVCI6Mn0%3D%7C1000&amp;sdata=H3tZRzvuGw4KcKczw2z%2F4d0cvb0VUwnB7%2FKc2OaKKOM%3D&amp;reserved=0\" target=\"_blank\" rel=\"noopener noreferrer\">https:\/\/portal.beneficiosestudiantiles.cl\/becas\/becas-de-arancel<\/a><\/p>\n<p class=\"v1MsoNormal\" style=\"text-align: justify;\"><span style=\"font-size: 14pt;\"><b>Tipos de beca y requisitos de acceso<\/b><\/span><\/p>\n<p class=\"v1MsoNormal\" style=\"text-align: justify;\"><b>Beca Vocaci\u00f3n de Profesor I<\/b><\/p>\n<p class=\"v1MsoNormal\" style=\"text-align: justify;\"><span lang=\"ES\">\u00bfQui\u00e9nes pueden postular?<\/span><\/p>\n<p class=\"v1MsoNormal\" style=\"text-align: justify;\"><span lang=\"ES\">Dirigida a\u00a0<\/span>estudiantes que se matriculen por primera vez y en primer a\u00f1o de carreras de Pedagog\u00eda, Pedagog\u00eda en Educaci\u00f3n Parvularia o Educaci\u00f3n Diferencial elegibles\u00a0para este beneficio. Quienes deseen postular deben tener un puntaje promedio de la PDT igual o superior a 600 puntos (en las pruebas obligatorias); o 580 puntos si pertenecen al 10% mejor de egresados de establecimientos educacionales dependiente de los Servicios Locales de Educaci\u00f3n P\u00fablica, Colegio Municipal, Particular Subvencionado o de Administraci\u00f3n Delegada. Quienes ingresen a la Educaci\u00f3n Superior mediante el programa PACE ser\u00e1n eximidos del requisito del puntaje m\u00ednimo PDT.<\/p>\n<p class=\"v1MsoNormal\" style=\"text-align: justify;\"><span lang=\"ES\">\u00bfQu\u00e9 beneficios otorga?<\/span><\/p>\n<p class=\"v1MsoNormal\" style=\"text-align: justify;\">Financia la matr\u00edcula y la totalidad del arancel anual de la carrera.<\/p>\n<p class=\"v1MsoNormal\" style=\"text-align: justify;\">Entrega un beneficio adicional para quienes obtuvieron 700 puntos en la PDT o m\u00e1s, consistente en un aporte mensual de $82.400, que se paga a trav\u00e9s de Junaeb.<\/p>\n<p class=\"v1MsoNormal\" style=\"text-align: justify;\"><b>Beca Vocaci\u00f3n de Profesor II<\/b><\/p>\n<p class=\"v1MsoNormal\" style=\"text-align: justify;\"><span lang=\"ES\">\u00bfQui\u00e9nes pueden postular?<\/span><\/p>\n<p class=\"v1MsoNormal\" style=\"text-align: justify;\"><span lang=\"ES\">Dirigida a\u00a0<\/span>estudiantes que cursan el \u00faltimo a\u00f1o de una licenciatura\u00a0elegible y quieran seguir un ciclo o programa de formaci\u00f3n pedag\u00f3gica\u00a0<a title=\"Se refiere a la certificaci\u00f3n que otorga una agencia acreditadora a las carreras o programas, y adem\u00e1s a la inscripci\u00f3n de ese programa de estudios ante el Mineduc para otorgar un beneficio espec\u00edfico. En el caso de las carreras de Medicina y Pedagog\u00edas,\" href=\"https:\/\/nam02.safelinks.protection.outlook.com\/?url=https%3A%2F%2Fportal.beneficiosestudiantiles.cl%2Fbecas-y-creditos%2Fbeca-vocacion-de-profesor-licenciaturas-bvp-licenciatura&amp;data=04%7C01%7Ccamilo.gomez%40mineduc.cl%7Cdeb9e3ea8ca349e8b99c08d994039434%7C2e4cfe500580414093874ecde39def60%7C0%7C0%7C637703565367615772%7CUnknown%7CTWFpbGZsb3d8eyJWIjoiMC4wLjAwMDAiLCJQIjoiV2luMzIiLCJBTiI6Ik1haWwiLCJXVCI6Mn0%3D%7C1000&amp;sdata=hVtf9JreD0I477L6YZXcS08vGYPrPvX9B91%2BLSLW6bM%3D&amp;reserved=0\" target=\"_blank\" rel=\"noopener noreferrer\">elegible<\/a>. Quienes deseen acceder deben tener un puntaje promedio de la PDT igual o superior a 600 puntos obtenido al ingresar a la licenciatura.<\/p>\n<p class=\"v1MsoNormal\" style=\"text-align: justify;\"><span lang=\"ES\">\u00bfQu\u00e9 beneficios otorga?<\/span><\/p>\n<p class=\"v1MsoNormal\" style=\"text-align: justify;\">Financia la matr\u00edcula y la totalidad del arancel anual del \u00faltimo a\u00f1o de la licenciatura, m\u00e1s la matr\u00edcula y arancel del ciclo pedag\u00f3gico (de una duraci\u00f3n m\u00e1xima de dos a\u00f1os).<\/p>\n<p class=\"v1MsoNormal\" style=\"text-align: justify;\">Adem\u00e1s, otorga un beneficio adicional en caso de haber obtenido 700 puntos o m\u00e1s en la PDT, en su prueba de ingreso a la universidad, que consiste en un aporte mensual de $82.400, que se entrega a trav\u00e9s de Junaeb.<\/p>\n<p class=\"v1MsoNormal\" style=\"text-align: justify;\"><b>Beca Vocaci\u00f3n de Profesor III<\/b><\/p>\n<p class=\"v1MsoNormal\" style=\"text-align: justify;\"><span lang=\"ES\">\u00bfQui\u00e9nes pueden postular?<\/span><\/p>\n<p class=\"v1MsoNormal\" style=\"text-align: justify;\"><span lang=\"ES\">Dirigida a\u00a0<\/span>personas que cuentan con una licenciatura o t\u00edtulo profesional que se matriculen en un ciclo o programa de formaci\u00f3n pedag\u00f3gica elegible. No tiene m\u00e1s requisitos que los se\u00f1alados anteriormente.<\/p>\n<p class=\"v1MsoNormal\" style=\"text-align: justify;\"><span lang=\"ES\">\u00bfQu\u00e9 beneficios otorga?<\/span><u><\/u><\/p>\n<p class=\"v1MsoNormal\" style=\"text-align: justify;\">Financia la matr\u00edcula y la totalidad del arancel anual del programa de formaci\u00f3n pedag\u00f3gica.<\/p>\n<\/div><\/section><\/div><\/p>\n<div  style='height:50px' class='hr hr-invisible   avia-builder-el-6  el_after_av_one_full  el_before_av_social_share '><span class='hr-inner ' ><span class='hr-inner-style'><\/span><\/span><\/div>\n<div  class='av-social-sharing-box  avia-builder-el-7  el_after_av_hr  el_before_av_hr  '><div class='av-share-box'><h5 class='av-share-link-description av-no-toc '>Compartir esta noticia<\/h5><ul class='av-share-box-list noLightbox'><li class='av-share-link av-social-link-facebook' ><a target=\"_blank\" aria-label=\"Compartir en Facebook\" href='https:\/\/www.facebook.com\/sharer.php?u=https:\/\/radiorevelacionfm.cl\/?p=9870&#038;t=Invitan%20a%20postular%20a%20Beca%20Vocaci%C3%B3n%20de%20Profesor%20a%20trav%C3%A9s%20de%20fuas.cl%20a%20quienes%20deseen%20estudiar%20pedagog%C3%ADa' aria-hidden='false' data-av_icon='\ue8f3' data-av_iconfont='entypo-fontello' title='' data-avia-related-tooltip='Compartir en Facebook' rel=\"noopener\"><span class='avia_hidden_link_text'>Compartir en Facebook<\/span><\/a><\/li><li class='av-share-link av-social-link-twitter' ><a target=\"_blank\" aria-label=\"Compartir en Twitter\" href='https:\/\/twitter.com\/share?text=Invitan%20a%20postular%20a%20Beca%20Vocaci%C3%B3n%20de%20Profesor%20a%20trav%C3%A9s%20de%20fuas.cl%20a%20quienes%20deseen%20estudiar%20pedagog%C3%ADa&#038;url=https:\/\/radiorevelacionfm.cl\/?p=9870' aria-hidden='false' data-av_icon='\ue8f1' data-av_iconfont='entypo-fontello' title='' data-avia-related-tooltip='Compartir en Twitter' rel=\"noopener\"><span class='avia_hidden_link_text'>Compartir en Twitter<\/span><\/a><\/li><li class='av-share-link av-social-link-whatsapp' ><a target=\"_blank\" aria-label=\"Compartir en Whatsapp\" href='https:\/\/api.whatsapp.com\/send?text=https:\/\/radiorevelacionfm.cl\/?p=9870' aria-hidden='false' data-av_icon='\uf232' data-av_iconfont='entypo-fontello' title='' data-avia-related-tooltip='Compartir en Whatsapp' rel=\"noopener\"><span class='avia_hidden_link_text'>Compartir en Whatsapp<\/span><\/a><\/li><li class='av-share-link av-social-link-linkedin' ><a target=\"_blank\" aria-label=\"Compartir en LinkedIn\" href='https:\/\/linkedin.com\/shareArticle?mini=true&#038;title=Invitan%20a%20postular%20a%20Beca%20Vocaci%C3%B3n%20de%20Profesor%20a%20trav%C3%A9s%20de%20fuas.cl%20a%20quienes%20deseen%20estudiar%20pedagog%C3%ADa&#038;url=https:\/\/radiorevelacionfm.cl\/?p=9870' aria-hidden='false' data-av_icon='\ue8fc' data-av_iconfont='entypo-fontello' title='' data-avia-related-tooltip='Compartir en LinkedIn' rel=\"noopener\"><span class='avia_hidden_link_text'>Compartir en LinkedIn<\/span><\/a><\/li><li class='av-share-link av-social-link-mail' ><a  aria-label=\"Compartir por correo\" href='mailto:?subject=Invitan%20a%20postular%20a%20Beca%20Vocaci%C3%B3n%20de%20Profesor%20a%20trav%C3%A9s%20de%20fuas.cl%20a%20quienes%20deseen%20estudiar%20pedagog%C3%ADa&#038;body=https:\/\/radiorevelacionfm.cl\/?p=9870' aria-hidden='false' data-av_icon='\ue805' data-av_iconfont='entypo-fontello' title='' data-avia-related-tooltip='Compartir por correo'><span class='avia_hidden_link_text'>Compartir por correo<\/span><\/a><\/li><\/ul><\/div><\/div>\n<div  style='height:50px' class='hr hr-invisible   avia-builder-el-8  el_after_av_social_share  el_before_av_comments_list '><span class='hr-inner ' ><span class='hr-inner-style'><\/span><\/span><\/div>\n<div  class='av-buildercomment  av-blog-meta-html-info-disabled av-blog-meta-tag-disabled  '><\/div>\n","protected":false},"excerpt":{"rendered":"","protected":false},"author":1,"featured_media":9871,"comment_status":"open","ping_status":"open","sticky":false,"template":"","format":"standard","meta":{"footnotes":""},"categories":[49],"tags":[],"class_list":["post-9870","post","type-post","status-publish","format-standard","has-post-thumbnail","hentry","category-educacion"],"jetpack_featured_media_url":"https:\/\/radiorevelacionfm.cl\/wp-content\/uploads\/2021\/10\/Beca-profesor-1-1.jpg","_links":{"self":[{"href":"https:\/\/radiorevelacionfm.cl\/index.php?rest_route=\/wp\/v2\/posts\/9870","targetHints":{"allow":["GET"]}}],"collection":[{"href":"https:\/\/radiorevelacionfm.cl\/index.php?rest_route=\/wp\/v2\/posts"}],"about":[{"href":"https:\/\/radiorevelacionfm.cl\/index.php?rest_route=\/wp\/v2\/types\/post"}],"author":[{"embeddable":true,"href":"https:\/\/radiorevelacionfm.cl\/index.php?rest_route=\/wp\/v2\/users\/1"}],"replies":[{"embeddable":true,"href":"https:\/\/radiorevelacionfm.cl\/index.php?rest_route=%2Fwp%2Fv2%2Fcomments&post=9870"}],"version-history":[{"count":2,"href":"https:\/\/radiorevelacionfm.cl\/index.php?rest_route=\/wp\/v2\/posts\/9870\/revisions"}],"predecessor-version":[{"id":9876,"href":"https:\/\/radiorevelacionfm.cl\/index.php?rest_route=\/wp\/v2\/posts\/9870\/revisions\/9876"}],"wp:featuredmedia":[{"embeddable":true,"href":"https:\/\/radiorevelacionfm.cl\/index.php?rest_route=\/wp\/v2\/media\/9871"}],"wp:attachment":[{"href":"https:\/\/radiorevelacionfm.cl\/index.php?rest_route=%2Fwp%2Fv2%2Fmedia&parent=9870"}],"wp:term":[{"taxonomy":"category","embeddable":true,"href":"https:\/\/radiorevelacionfm.cl\/index.php?rest_route=%2Fwp%2Fv2%2Fcategories&post=9870"},{"taxonomy":"post_tag","embeddable":true,"href":"https:\/\/radiorevelacionfm.cl\/index.php?rest_route=%2Fwp%2Fv2%2Ftags&post=9870"}],"curies":[{"name":"wp","href":"https:\/\/api.w.org\/{rel}","templated":true}]}}