{"id":9865,"date":"2021-10-21T11:47:18","date_gmt":"2021-10-21T14:47:18","guid":{"rendered":"https:\/\/radiorevelacionfm.cl\/?p=9865"},"modified":"2021-10-21T11:47:18","modified_gmt":"2021-10-21T14:47:18","slug":"gobierno-regional-y-uaysen-acuerdan-trabajo-para-apoyar-la-participacion-ciudadana-en-el-proceso-constituyente","status":"publish","type":"post","link":"https:\/\/radiorevelacionfm.cl\/?p=9865","title":{"rendered":"Gobierno Regional y UAys\u00e9n acuerdan trabajo para apoyar la participaci\u00f3n ciudadana en el proceso constituyente"},"content":{"rendered":"<div class=\"flex_column av_one_full  flex_column_div av-zero-column-padding first  avia-builder-el-0  el_before_av_one_full  avia-builder-el-first  \" style='border-radius:0px; '><div  class='avia-image-container  av-styling-    avia-builder-el-1  avia-builder-el-no-sibling  avia-align-center '  itemprop=\"image\" itemscope=\"itemscope\" itemtype=\"https:\/\/schema.org\/ImageObject\"  ><div class='avia-image-container-inner'><div class='avia-image-overlay-wrap'><img decoding=\"async\" class='wp-image-9866 avia-img-lazy-loading-not-9866 avia_image' src=\"https:\/\/radiorevelacionfm.cl\/wp-content\/uploads\/2021\/10\/uaysen0-1-1.jpg\" alt='' title='uaysen0 (1) (1)' height=\"600\" width=\"959\"  itemprop=\"thumbnailUrl\" srcset=\"https:\/\/radiorevelacionfm.cl\/wp-content\/uploads\/2021\/10\/uaysen0-1-1.jpg 959w, https:\/\/radiorevelacionfm.cl\/wp-content\/uploads\/2021\/10\/uaysen0-1-1-300x188.jpg 300w, https:\/\/radiorevelacionfm.cl\/wp-content\/uploads\/2021\/10\/uaysen0-1-1-768x481.jpg 768w, https:\/\/radiorevelacionfm.cl\/wp-content\/uploads\/2021\/10\/uaysen0-1-1-705x441.jpg 705w, https:\/\/radiorevelacionfm.cl\/wp-content\/uploads\/2021\/10\/uaysen0-1-1-600x375.jpg 600w\" sizes=\"(max-width: 959px) 100vw, 959px\" \/><\/div><\/div><\/div><\/div><div class=\"flex_column av_one_full  flex_column_div av-zero-column-padding first  avia-builder-el-2  el_after_av_one_full  el_before_av_one_full  column-top-margin\" style='border-radius:0px; '><section class=\"av_textblock_section \"  itemscope=\"itemscope\" itemtype=\"https:\/\/schema.org\/BlogPosting\" itemprop=\"blogPost\" ><div class='avia_textblock  '   itemprop=\"text\" ><p style=\"text-align: center;\"><strong><span style=\"font-size: 18pt;\">Gobierno Regional y UAys\u00e9n acuerdan trabajo para apoyar la participaci\u00f3n ciudadana en el proceso constituyente<\/span><\/strong><\/p>\n<div id=\"gtx-trans\" style=\"position: absolute; left: -50px; top: 4.31534px;\">\n<div class=\"gtx-trans-icon\"><\/div>\n<\/div>\n<\/div><\/section><\/div><div class=\"flex_column av_one_full  flex_column_div av-zero-column-padding first  avia-builder-el-4  el_after_av_one_full  el_before_av_hr  column-top-margin\" style='border-radius:0px; '><section class=\"av_textblock_section \"  itemscope=\"itemscope\" itemtype=\"https:\/\/schema.org\/BlogPosting\" itemprop=\"blogPost\" ><div class='avia_textblock  '   itemprop=\"text\" ><p style=\"text-align: justify;\">En una ardua jornada de trabajo entre equipos del Gabinete Regional y grupo acad\u00e9mico de la Universidad de Ays\u00e9n, autoridades de ambas instituciones acordaron generar una hoja de ruta para la construcci\u00f3n de pol\u00edticas regionales que impacten positivamente en el territorio.<\/p>\n<p style=\"text-align: justify;\">\u00abFue una reuni\u00f3n muy esperada por ambos equipos, porque la intenci\u00f3n siempre ha sido trabajar muy de la mano por la regi\u00f3n, desde el Gobierno Regional y la Universidad de Ays\u00e9n. Hemos avanzado en algunas colaboraciones bien espec\u00edficas, que tienen que ver con la pol\u00edtica rural, con la pol\u00edtica de participaci\u00f3n, con el laboratorio de docencia en pol\u00edtica p\u00fablica. La idea es realizar un trabajo bajo un marco de colaboraci\u00f3n, identificado luego de ver \u00e1reas comunes de trabajo\u00bb, afirm\u00f3 en la oportunidad la Rectora Natacha Pino.<\/p>\n<p style=\"text-align: justify;\">Reforzando la instancia, la Gobernadora Regional Andrea Mac\u00edas Palma recalc\u00f3 la importancia del momento hist\u00f3rico que existe en la regi\u00f3n para la generaci\u00f3n de alianzas estrat\u00e9gicas que fortalezcan la voz de los territorios. \u00abNuestra Universidad debe ser un actor importante en el proceso de regionalizaci\u00f3n, por la pol\u00edtica rural, por la pol\u00edtica de participaci\u00f3n ciudadana e ir avanzando hacia un Centro de Estudios Regionales que nos apoye en la correcta toma de decisiones, pensando siempre en el territorio y c\u00f3mo se puede ir impactando positivamente en este\u00bb, dijo.<\/p>\n<p style=\"text-align: justify;\"><b>Nueva Constituci\u00f3n<\/b><\/p>\n<p style=\"text-align: justify;\">Dentro de las tem\u00e1ticas relevantes, se configur\u00f3 como prioritaria el apoyo al proceso constituyente. Para la Gobernadora Mac\u00edas, esta iniciativa es la bajada al convenio de colaboraci\u00f3n firmado entre la Asociaci\u00f3n de Gobernadores y Gobernadoras Regionales y la Convenci\u00f3n Constitucional.<\/p>\n<p style=\"text-align: justify;\">\u00abHemos establecido como Gobiernos Regionales a nivel nacional un trabajo colaborativo con los constituyentes de la regi\u00f3n, con la Universidad sum\u00e1ndose a este trabajo. Se han realizado acciones previas y esperamos seguir avanzando en un trabajo mancomunado que permita que nuestro territorio de la regi\u00f3n de Ays\u00e9n participe en este desarrollo hist\u00f3rico, donde tenemos grandes desaf\u00edos para nuestra gente\u00bb, finaliz\u00f3 la m\u00e1xima autoridad regional.<\/p>\n<\/div><\/section><\/div><div  style='height:50px' class='hr hr-invisible   avia-builder-el-6  el_after_av_one_full  el_before_av_social_share '><span class='hr-inner ' ><span class='hr-inner-style'><\/span><\/span><\/div><\/p>\n<div  class='av-social-sharing-box  avia-builder-el-7  el_after_av_hr  el_before_av_hr  '><div class='av-share-box'><h5 class='av-share-link-description av-no-toc '>Compartir esta noticia<\/h5><ul class='av-share-box-list noLightbox'><li class='av-share-link av-social-link-facebook' ><a target=\"_blank\" aria-label=\"Compartir en Facebook\" href='https:\/\/www.facebook.com\/sharer.php?u=https:\/\/radiorevelacionfm.cl\/?p=9865&#038;t=Gobierno%20Regional%20y%20UAys%C3%A9n%20acuerdan%20trabajo%20para%20apoyar%20la%20participaci%C3%B3n%20ciudadana%20en%20el%20proceso%20constituyente' aria-hidden='false' data-av_icon='\ue8f3' data-av_iconfont='entypo-fontello' title='' data-avia-related-tooltip='Compartir en Facebook' rel=\"noopener\"><span class='avia_hidden_link_text'>Compartir en Facebook<\/span><\/a><\/li><li class='av-share-link av-social-link-twitter' ><a target=\"_blank\" aria-label=\"Compartir en Twitter\" href='https:\/\/twitter.com\/share?text=Gobierno%20Regional%20y%20UAys%C3%A9n%20acuerdan%20trabajo%20para%20apoyar%20la%20participaci%C3%B3n%20ciudadana%20en%20el%20proceso%20constituyente&#038;url=https:\/\/radiorevelacionfm.cl\/?p=9865' aria-hidden='false' data-av_icon='\ue8f1' data-av_iconfont='entypo-fontello' title='' data-avia-related-tooltip='Compartir en Twitter' rel=\"noopener\"><span class='avia_hidden_link_text'>Compartir en Twitter<\/span><\/a><\/li><li class='av-share-link av-social-link-whatsapp' ><a target=\"_blank\" aria-label=\"Compartir en Whatsapp\" href='https:\/\/api.whatsapp.com\/send?text=https:\/\/radiorevelacionfm.cl\/?p=9865' aria-hidden='false' data-av_icon='\uf232' data-av_iconfont='entypo-fontello' title='' data-avia-related-tooltip='Compartir en Whatsapp' rel=\"noopener\"><span class='avia_hidden_link_text'>Compartir en Whatsapp<\/span><\/a><\/li><li class='av-share-link av-social-link-linkedin' ><a target=\"_blank\" aria-label=\"Compartir en LinkedIn\" href='https:\/\/linkedin.com\/shareArticle?mini=true&#038;title=Gobierno%20Regional%20y%20UAys%C3%A9n%20acuerdan%20trabajo%20para%20apoyar%20la%20participaci%C3%B3n%20ciudadana%20en%20el%20proceso%20constituyente&#038;url=https:\/\/radiorevelacionfm.cl\/?p=9865' aria-hidden='false' data-av_icon='\ue8fc' data-av_iconfont='entypo-fontello' title='' data-avia-related-tooltip='Compartir en LinkedIn' rel=\"noopener\"><span class='avia_hidden_link_text'>Compartir en LinkedIn<\/span><\/a><\/li><li class='av-share-link av-social-link-mail' ><a  aria-label=\"Compartir por correo\" href='mailto:?subject=Gobierno%20Regional%20y%20UAys%C3%A9n%20acuerdan%20trabajo%20para%20apoyar%20la%20participaci%C3%B3n%20ciudadana%20en%20el%20proceso%20constituyente&#038;body=https:\/\/radiorevelacionfm.cl\/?p=9865' aria-hidden='false' data-av_icon='\ue805' data-av_iconfont='entypo-fontello' title='' data-avia-related-tooltip='Compartir por correo'><span class='avia_hidden_link_text'>Compartir por correo<\/span><\/a><\/li><\/ul><\/div><\/div>\n<div  style='height:50px' class='hr hr-invisible   avia-builder-el-8  el_after_av_social_share  el_before_av_comments_list '><span class='hr-inner ' ><span class='hr-inner-style'><\/span><\/span><\/div>\n<div  class='av-buildercomment  av-blog-meta-html-info-disabled av-blog-meta-tag-disabled  '><\/div>\n","protected":false},"excerpt":{"rendered":"","protected":false},"author":1,"featured_media":9866,"comment_status":"open","ping_status":"open","sticky":false,"template":"","format":"standard","meta":{"footnotes":""},"categories":[38],"tags":[],"class_list":["post-9865","post","type-post","status-publish","format-standard","has-post-thumbnail","hentry","category-regional"],"jetpack_featured_media_url":"https:\/\/radiorevelacionfm.cl\/wp-content\/uploads\/2021\/10\/uaysen0-1-1.jpg","_links":{"self":[{"href":"https:\/\/radiorevelacionfm.cl\/index.php?rest_route=\/wp\/v2\/posts\/9865","targetHints":{"allow":["GET"]}}],"collection":[{"href":"https:\/\/radiorevelacionfm.cl\/index.php?rest_route=\/wp\/v2\/posts"}],"about":[{"href":"https:\/\/radiorevelacionfm.cl\/index.php?rest_route=\/wp\/v2\/types\/post"}],"author":[{"embeddable":true,"href":"https:\/\/radiorevelacionfm.cl\/index.php?rest_route=\/wp\/v2\/users\/1"}],"replies":[{"embeddable":true,"href":"https:\/\/radiorevelacionfm.cl\/index.php?rest_route=%2Fwp%2Fv2%2Fcomments&post=9865"}],"version-history":[{"count":1,"href":"https:\/\/radiorevelacionfm.cl\/index.php?rest_route=\/wp\/v2\/posts\/9865\/revisions"}],"predecessor-version":[{"id":9867,"href":"https:\/\/radiorevelacionfm.cl\/index.php?rest_route=\/wp\/v2\/posts\/9865\/revisions\/9867"}],"wp:featuredmedia":[{"embeddable":true,"href":"https:\/\/radiorevelacionfm.cl\/index.php?rest_route=\/wp\/v2\/media\/9866"}],"wp:attachment":[{"href":"https:\/\/radiorevelacionfm.cl\/index.php?rest_route=%2Fwp%2Fv2%2Fmedia&parent=9865"}],"wp:term":[{"taxonomy":"category","embeddable":true,"href":"https:\/\/radiorevelacionfm.cl\/index.php?rest_route=%2Fwp%2Fv2%2Fcategories&post=9865"},{"taxonomy":"post_tag","embeddable":true,"href":"https:\/\/radiorevelacionfm.cl\/index.php?rest_route=%2Fwp%2Fv2%2Ftags&post=9865"}],"curies":[{"name":"wp","href":"https:\/\/api.w.org\/{rel}","templated":true}]}}