{"id":9863,"date":"2021-10-21T10:24:17","date_gmt":"2021-10-21T13:24:17","guid":{"rendered":"https:\/\/radiorevelacionfm.cl\/?p=9863"},"modified":"2021-10-21T10:24:17","modified_gmt":"2021-10-21T13:24:17","slug":"hoy-se-inicia-el-proceso-de-postulacion-al-subsidio-para-la-clase-media","status":"publish","type":"post","link":"https:\/\/radiorevelacionfm.cl\/?p=9863","title":{"rendered":"Hoy se inicia el proceso de postulaci\u00f3n al Subsidio para la Clase Media"},"content":{"rendered":"<div class=\"flex_column av_one_full  flex_column_div av-zero-column-padding first  avia-builder-el-0  el_before_av_one_full  avia-builder-el-first  \" style='border-radius:0px; '><div  class='avia-image-container  av-styling-    avia-builder-el-1  avia-builder-el-no-sibling  avia-align-center '  itemprop=\"image\" itemscope=\"itemscope\" itemtype=\"https:\/\/schema.org\/ImageObject\"  ><div class='avia-image-container-inner'><div class='avia-image-overlay-wrap'><img decoding=\"async\" class='wp-image-9575 avia-img-lazy-loading-not-9575 avia_image' src=\"https:\/\/radiorevelacionfm.cl\/wp-content\/uploads\/2021\/10\/subsidio-vivienda-clase-media-1-1.jpg\" alt='' title='subsidio vivienda-clase media (1) (1)' height=\"600\" width=\"1065\"  itemprop=\"thumbnailUrl\" srcset=\"https:\/\/radiorevelacionfm.cl\/wp-content\/uploads\/2021\/10\/subsidio-vivienda-clase-media-1-1.jpg 1065w, https:\/\/radiorevelacionfm.cl\/wp-content\/uploads\/2021\/10\/subsidio-vivienda-clase-media-1-1-300x169.jpg 300w, https:\/\/radiorevelacionfm.cl\/wp-content\/uploads\/2021\/10\/subsidio-vivienda-clase-media-1-1-1030x580.jpg 1030w, https:\/\/radiorevelacionfm.cl\/wp-content\/uploads\/2021\/10\/subsidio-vivienda-clase-media-1-1-768x433.jpg 768w, https:\/\/radiorevelacionfm.cl\/wp-content\/uploads\/2021\/10\/subsidio-vivienda-clase-media-1-1-705x397.jpg 705w, https:\/\/radiorevelacionfm.cl\/wp-content\/uploads\/2021\/10\/subsidio-vivienda-clase-media-1-1-600x338.jpg 600w\" sizes=\"(max-width: 1065px) 100vw, 1065px\" \/><\/div><\/div><\/div><\/div><div class=\"flex_column av_one_full  flex_column_div av-zero-column-padding first  avia-builder-el-2  el_after_av_one_full  el_before_av_one_full  column-top-margin\" style='border-radius:0px; '><section class=\"av_textblock_section \"  itemscope=\"itemscope\" itemtype=\"https:\/\/schema.org\/BlogPosting\" itemprop=\"blogPost\" ><div class='avia_textblock  '   itemprop=\"text\" ><p style=\"text-align: center;\"><strong><span style=\"font-size: 18pt;\">Hoy se inicia el proceso de postulaci\u00f3n al Subsidio para la Clase Media<\/span><\/strong><\/p>\n<div id=\"gtx-trans\" style=\"position: absolute; left: -50px; top: 4.31534px;\">\n<div class=\"gtx-trans-icon\"><\/div>\n<\/div>\n<\/div><\/section><\/div><div class=\"flex_column av_one_full  flex_column_div av-zero-column-padding first  avia-builder-el-4  el_after_av_one_full  el_before_av_hr  column-top-margin\" style='border-radius:0px; '><section class=\"av_textblock_section \"  itemscope=\"itemscope\" itemtype=\"https:\/\/schema.org\/BlogPosting\" itemprop=\"blogPost\" ><div class='avia_textblock  '   itemprop=\"text\" ><p style=\"font-weight: 400; text-align: justify;\">Desde este jueves 21 de octubre est\u00e1 abierta la postulaci\u00f3n al Subsidio para Sectores Medios DS1, que permite a las familias adquirir o construir una vivienda en zonas urbanas o rurales.<\/p>\n<p style=\"font-weight: 400; text-align: justify;\">Este beneficio permite\u00a0<strong>construir o adquirir una vivienda nueva o usada de hasta 1.100, 1.600 o 2.200 UF<\/strong>\u00a0dependiendo del tramo al que se postule, y est\u00e1 dirigido a familias que no son propietarias, que cuentan con capacidad de ahorro y\/o acceso a cr\u00e9dito hipotecario, pero que requieren de la ayuda del Estado para acceder a una soluci\u00f3n habitacional definitiva. En la zona norte y extremo sur del pa\u00eds este valor aumenta hasta las 2.600 UF.<\/p>\n<p style=\"font-weight: 400; text-align: justify;\">Sobre esto, el ministro de Vivienda y Urbanismo,\u00a0Felipe Ward, asegur\u00f3 que, \u201cya comenzaron las postulaciones al Subsidio para Sectores Medios DS1, beneficio del Minvu que permite a las familias de todo Chile comprar o construir una vivienda. Para postular deben ingresar a <strong><a href=\"http:\/\/www.minvu.cl\/\" data-saferedirecturl=\"https:\/\/www.google.com\/url?q=http:\/\/www.minvu.cl&amp;source=gmail&amp;ust=1634908240247000&amp;usg=AOvVaw2c39aTEP0Ts6tEdZHDPp2t\">www.minvu.cl<\/a><\/strong>\u00a0y seguir los pasos, 100% online, sin filas, sin tr\u00e1mites, hasta las 18:00 horas del 29 de octubre. Sabemos que son tiempos dif\u00edciles para las familias, por lo que en este llamado\u00a0se mantienen los montos de ahorro m\u00ednimo para postular\u00a0y\u00a0no se pedir\u00e1 preaprobaci\u00f3n de cr\u00e9dito hipotecario\u201d.<\/p>\n<p style=\"font-weight: 400; text-align: justify;\">En esta ocasi\u00f3n, habr\u00e1 tres v\u00edas de atenci\u00f3n: autom\u00e1tica, postulaci\u00f3n en l\u00ednea o v\u00eda formulario de atenci\u00f3n ciudadana:<\/p>\n<p style=\"font-weight: 400; text-align: justify;\"><strong>Propuesta de postulaci\u00f3n (postulaci\u00f3n autom\u00e1tica<\/strong>): a quienes no hayan resultado seleccionados en el primer llamado nacional 2021, y que contin\u00faen cumpliendo con los requisitos exigidos en el D.S. N\u00b01, aceptando la postulaci\u00f3n que se les propondr\u00e1 a trav\u00e9s de canales digitales. Alternativa operativa desde las 8:30 hrs. del 21 de octubre hasta las 18:00 hrs. del 29 de octubre.<\/p>\n<p style=\"font-weight: 400; text-align: justify;\"><strong>Plataforma de \u201cPostulaci\u00f3n en L\u00ednea\u201d<\/strong>: a personas con Clave \u00danica e interesadas en postular en la modalidad de adquisici\u00f3n de viviendas en la alternativa individual, con ahorros mantenidos en instituciones con informaci\u00f3n en l\u00ednea y que no requieran acreditar ninguna situaci\u00f3n especial con documentaci\u00f3n anexa. Alternativa operativa desde las 8:30 hrs. del 22 de octubre hasta las 18:00 hrs. del 29 de octubre.<\/p>\n<p style=\"font-weight: 400; text-align: justify;\"><strong>Solicitud de postulaci\u00f3n v\u00eda Formulario de Atenci\u00f3n Ciudadana<\/strong>: disponible en la p\u00e1gina web\u00a0<a href=\"http:\/\/www.minvu.cl\/\" data-saferedirecturl=\"https:\/\/www.google.com\/url?q=http:\/\/www.minvu.cl&amp;source=gmail&amp;ust=1634908240247000&amp;usg=AOvVaw2c39aTEP0Ts6tEdZHDPp2t\">www.minvu.cl<\/a>, adjuntando los documentos requeridos. Alternativa operativa desde el 25 de octubre hasta las 18:00 hrs. del 29 de octubre.<\/p>\n<p style=\"font-weight: 400; text-align: justify;\"><strong><u>Requisitos generales de postulaci\u00f3n<\/u><\/strong><\/p>\n<ul style=\"font-weight: 400; text-align: justify;\">\n<li>Tener m\u00ednimo 18 a\u00f1os de edad.<\/li>\n<li>Contar con C\u00e9dula Nacional de Identidad. Las personas extranjeras deben presentar C\u00e9dula de Identidad para Extranjeros con permanencia definitiva y Certificado de Permanencia Definitiva (emitido por el Departamento de Extranjer\u00eda del Ministerio del Interior o por Polic\u00eda de Investigaciones de Chile).<\/li>\n<li>Acreditar una cuenta de ahorro para la vivienda con una antig\u00fcedad m\u00ednima de 12 meses.<\/li>\n<li>Acreditar que el ahorro exigido en cada tramo est\u00e9 depositado y reflejado como saldo disponible en la cuenta de ahorro para la vivienda a m\u00e1s tardar el 30 de septiembre hasta las 14:00 horas. A partir de esa fecha no deber\u00e1 efectuar giros en la cuenta.<\/li>\n<li>Estar inscrito en el Registro Social de Hogares (RSH) y no superar el porcentaje de calificaci\u00f3n socioecon\u00f3mica que exige la alternativa de subsidio a la que desea postular y que no supere el ingreso bruto familiar en caso de postular al Tramo 3 y su CSE supere el 90% de vulnerabilidad.<\/li>\n<\/ul>\n<p style=\"font-weight: 400; text-align: justify;\"><strong>En caso de postular colectivamente el grupo debe:<\/strong><\/p>\n<ul style=\"font-weight: 400;\">\n<li style=\"text-align: justify;\">Tener un m\u00ednimo de 10 integrantes.<\/li>\n<li style=\"text-align: justify;\">Postular a trav\u00e9s de una Entidad Patrocinante.<\/li>\n<li style=\"text-align: justify;\">Contar con un proyecto habitacional aprobado por el Serviu.<\/li>\n<\/ul>\n<\/div><\/section><\/div><div  style='height:50px' class='hr hr-invisible   avia-builder-el-6  el_after_av_one_full  el_before_av_social_share '><span class='hr-inner ' ><span class='hr-inner-style'><\/span><\/span><\/div><\/p>\n<div  class='av-social-sharing-box  avia-builder-el-7  el_after_av_hr  el_before_av_hr  '><div class='av-share-box'><h5 class='av-share-link-description av-no-toc '>Compartir esta noticia<\/h5><ul class='av-share-box-list noLightbox'><li class='av-share-link av-social-link-facebook' ><a target=\"_blank\" aria-label=\"Compartir en Facebook\" href='https:\/\/www.facebook.com\/sharer.php?u=https:\/\/radiorevelacionfm.cl\/?p=9863&#038;t=Hoy%20se%20inicia%20el%20proceso%20de%20postulaci%C3%B3n%20al%20Subsidio%20para%20la%20Clase%20Media' aria-hidden='false' data-av_icon='\ue8f3' data-av_iconfont='entypo-fontello' title='' data-avia-related-tooltip='Compartir en Facebook' rel=\"noopener\"><span class='avia_hidden_link_text'>Compartir en Facebook<\/span><\/a><\/li><li class='av-share-link av-social-link-twitter' ><a target=\"_blank\" aria-label=\"Compartir en Twitter\" href='https:\/\/twitter.com\/share?text=Hoy%20se%20inicia%20el%20proceso%20de%20postulaci%C3%B3n%20al%20Subsidio%20para%20la%20Clase%20Media&#038;url=https:\/\/radiorevelacionfm.cl\/?p=9863' aria-hidden='false' data-av_icon='\ue8f1' data-av_iconfont='entypo-fontello' title='' data-avia-related-tooltip='Compartir en Twitter' rel=\"noopener\"><span class='avia_hidden_link_text'>Compartir en Twitter<\/span><\/a><\/li><li class='av-share-link av-social-link-whatsapp' ><a target=\"_blank\" aria-label=\"Compartir en Whatsapp\" href='https:\/\/api.whatsapp.com\/send?text=https:\/\/radiorevelacionfm.cl\/?p=9863' aria-hidden='false' data-av_icon='\uf232' data-av_iconfont='entypo-fontello' title='' data-avia-related-tooltip='Compartir en Whatsapp' rel=\"noopener\"><span class='avia_hidden_link_text'>Compartir en Whatsapp<\/span><\/a><\/li><li class='av-share-link av-social-link-linkedin' ><a target=\"_blank\" aria-label=\"Compartir en LinkedIn\" href='https:\/\/linkedin.com\/shareArticle?mini=true&#038;title=Hoy%20se%20inicia%20el%20proceso%20de%20postulaci%C3%B3n%20al%20Subsidio%20para%20la%20Clase%20Media&#038;url=https:\/\/radiorevelacionfm.cl\/?p=9863' aria-hidden='false' data-av_icon='\ue8fc' data-av_iconfont='entypo-fontello' title='' data-avia-related-tooltip='Compartir en LinkedIn' rel=\"noopener\"><span class='avia_hidden_link_text'>Compartir en LinkedIn<\/span><\/a><\/li><li class='av-share-link av-social-link-mail' ><a  aria-label=\"Compartir por correo\" href='mailto:?subject=Hoy%20se%20inicia%20el%20proceso%20de%20postulaci%C3%B3n%20al%20Subsidio%20para%20la%20Clase%20Media&#038;body=https:\/\/radiorevelacionfm.cl\/?p=9863' aria-hidden='false' data-av_icon='\ue805' data-av_iconfont='entypo-fontello' title='' data-avia-related-tooltip='Compartir por correo'><span class='avia_hidden_link_text'>Compartir por correo<\/span><\/a><\/li><\/ul><\/div><\/div>\n<div  style='height:50px' class='hr hr-invisible   avia-builder-el-8  el_after_av_social_share  el_before_av_comments_list '><span class='hr-inner ' ><span class='hr-inner-style'><\/span><\/span><\/div>\n<div  class='av-buildercomment  av-blog-meta-html-info-disabled av-blog-meta-tag-disabled  '><\/div>\n","protected":false},"excerpt":{"rendered":"","protected":false},"author":1,"featured_media":9575,"comment_status":"open","ping_status":"open","sticky":false,"template":"","format":"standard","meta":{"footnotes":""},"categories":[57],"tags":[],"class_list":["post-9863","post","type-post","status-publish","format-standard","has-post-thumbnail","hentry","category-vivienda"],"jetpack_featured_media_url":"https:\/\/radiorevelacionfm.cl\/wp-content\/uploads\/2021\/10\/subsidio-vivienda-clase-media-1-1.jpg","_links":{"self":[{"href":"https:\/\/radiorevelacionfm.cl\/index.php?rest_route=\/wp\/v2\/posts\/9863","targetHints":{"allow":["GET"]}}],"collection":[{"href":"https:\/\/radiorevelacionfm.cl\/index.php?rest_route=\/wp\/v2\/posts"}],"about":[{"href":"https:\/\/radiorevelacionfm.cl\/index.php?rest_route=\/wp\/v2\/types\/post"}],"author":[{"embeddable":true,"href":"https:\/\/radiorevelacionfm.cl\/index.php?rest_route=\/wp\/v2\/users\/1"}],"replies":[{"embeddable":true,"href":"https:\/\/radiorevelacionfm.cl\/index.php?rest_route=%2Fwp%2Fv2%2Fcomments&post=9863"}],"version-history":[{"count":1,"href":"https:\/\/radiorevelacionfm.cl\/index.php?rest_route=\/wp\/v2\/posts\/9863\/revisions"}],"predecessor-version":[{"id":9864,"href":"https:\/\/radiorevelacionfm.cl\/index.php?rest_route=\/wp\/v2\/posts\/9863\/revisions\/9864"}],"wp:featuredmedia":[{"embeddable":true,"href":"https:\/\/radiorevelacionfm.cl\/index.php?rest_route=\/wp\/v2\/media\/9575"}],"wp:attachment":[{"href":"https:\/\/radiorevelacionfm.cl\/index.php?rest_route=%2Fwp%2Fv2%2Fmedia&parent=9863"}],"wp:term":[{"taxonomy":"category","embeddable":true,"href":"https:\/\/radiorevelacionfm.cl\/index.php?rest_route=%2Fwp%2Fv2%2Fcategories&post=9863"},{"taxonomy":"post_tag","embeddable":true,"href":"https:\/\/radiorevelacionfm.cl\/index.php?rest_route=%2Fwp%2Fv2%2Ftags&post=9863"}],"curies":[{"name":"wp","href":"https:\/\/api.w.org\/{rel}","templated":true}]}}