{"id":9860,"date":"2021-10-21T10:10:07","date_gmt":"2021-10-21T13:10:07","guid":{"rendered":"https:\/\/radiorevelacionfm.cl\/?p=9860"},"modified":"2021-10-21T10:10:07","modified_gmt":"2021-10-21T13:10:07","slug":"en-aysen-director-de-ifop-se-reunio-con-autoridades-regionales-para-potenciar-temas-de-pesca-acuicultura-y-cambio-climatico","status":"publish","type":"post","link":"https:\/\/radiorevelacionfm.cl\/?p=9860","title":{"rendered":"En Ays\u00e9n, director de IFOP se reuni\u00f3 con autoridades regionales para potenciar temas de pesca-acuicultura y cambio clim\u00e1tico"},"content":{"rendered":"<div class=\"flex_column av_one_full  flex_column_div av-zero-column-padding first  avia-builder-el-0  el_before_av_one_full  avia-builder-el-first  \" style='border-radius:0px; '><div  class='avia-image-container  av-styling-    avia-builder-el-1  avia-builder-el-no-sibling  avia-align-center '  itemprop=\"image\" itemscope=\"itemscope\" itemtype=\"https:\/\/schema.org\/ImageObject\"  ><div class='avia-image-container-inner'><div class='avia-image-overlay-wrap'><img decoding=\"async\" class='wp-image-9861 avia-img-lazy-loading-not-9861 avia_image' src=\"https:\/\/radiorevelacionfm.cl\/wp-content\/uploads\/2021\/10\/aysen-1-1-1.jpeg\" alt='' title='aysen (1) (1) (1)' height=\"600\" width=\"1059\"  itemprop=\"thumbnailUrl\" srcset=\"https:\/\/radiorevelacionfm.cl\/wp-content\/uploads\/2021\/10\/aysen-1-1-1.jpeg 1059w, https:\/\/radiorevelacionfm.cl\/wp-content\/uploads\/2021\/10\/aysen-1-1-1-300x170.jpeg 300w, https:\/\/radiorevelacionfm.cl\/wp-content\/uploads\/2021\/10\/aysen-1-1-1-1030x584.jpeg 1030w, https:\/\/radiorevelacionfm.cl\/wp-content\/uploads\/2021\/10\/aysen-1-1-1-768x435.jpeg 768w, https:\/\/radiorevelacionfm.cl\/wp-content\/uploads\/2021\/10\/aysen-1-1-1-705x399.jpeg 705w, https:\/\/radiorevelacionfm.cl\/wp-content\/uploads\/2021\/10\/aysen-1-1-1-600x340.jpeg 600w\" sizes=\"(max-width: 1059px) 100vw, 1059px\" \/><\/div><\/div><\/div><\/div><div class=\"flex_column av_one_full  flex_column_div av-zero-column-padding first  avia-builder-el-2  el_after_av_one_full  el_before_av_one_full  column-top-margin\" style='border-radius:0px; '><section class=\"av_textblock_section \"  itemscope=\"itemscope\" itemtype=\"https:\/\/schema.org\/BlogPosting\" itemprop=\"blogPost\" ><div class='avia_textblock  '   itemprop=\"text\" ><p style=\"text-align: center;\"><strong><span style=\"font-size: 18pt;\">En Ays\u00e9n, director de IFOP se reuni\u00f3 con autoridades regionales para potenciar temas de pesca-acuicultura y cambio clim\u00e1tico<\/span><\/strong><\/p>\n<div id=\"gtx-trans\" style=\"position: absolute; left: -50px; top: 4.31534px;\">\n<div class=\"gtx-trans-icon\"><\/div>\n<\/div>\n<\/div><\/section><\/div><div class=\"flex_column av_one_full  flex_column_div av-zero-column-padding first  avia-builder-el-4  el_after_av_one_full  el_before_av_hr  column-top-margin\" style='border-radius:0px; '><section class=\"av_textblock_section \"  itemscope=\"itemscope\" itemtype=\"https:\/\/schema.org\/BlogPosting\" itemprop=\"blogPost\" ><div class='avia_textblock  '   itemprop=\"text\" ><p class=\"v1MsoNormal\" style=\"text-align: justify;\">Para coordinar y profundizar el trabajo colaborativo, Luis Parot Director de IFOP sostuvo una serie de reuniones protocolares con autoridades de la Regi\u00f3n; con la Senadora Ximena \u00d3rdenes, con el Gobernador Regional (s) \u00a0\u00d3scar del Solar, con los Seremi de Econom\u00eda Carlos Pacheco, de Bienes Nacionales Ana Mar\u00eda Mora, de Medio Ambiente M\u00f3nica Sald\u00edas de la Guarda.<b> <\/b>A ellos se sumaron el Alcalde de Puerto Ays\u00e9n Julio Uribe, el Director Regional \u00a0de Sernapesca Cristi\u00e1n Hudson, el Director Zonal de Pesca Luis Campos, la jefe del laboratorio de salud p\u00fablica y ambiental de la Seremi de Salud Mar\u00eda Ang\u00e9lica Tocornal, el jefe de la Divisi\u00f3n de Planificaci\u00f3n y Desarrollo del Gobierno Regional de Ays\u00e9n Francisco Lara y \u00a0la profesional de Biodiversidad de Seremi de Medio Ambiente Carol Alvarado.<\/p>\n<p class=\"v1MsoNormal\" style=\"text-align: justify;\">En las reuniones se acord\u00f3 estrechar v\u00ednculos, en el \u00e1mbito de la ciencia e investigaci\u00f3n, adem\u00e1s de potenciar en la regi\u00f3n el trabajo que realiza IFOP, en temas de pesca acuicultura y cambio clim\u00e1tico.<\/p>\n<p class=\"v1MsoNormal\" style=\"text-align: justify;\">Luis Parot explic\u00f3 \u00bb IFOP es el asesor del Estado en materias de pesca acuicultura y cambio clim\u00e1tico por Ley, por tanto son muy importantes todas estas reuniones, ya que, nos permiten dar a conocer a las autoridades regionales y locales, el quehacer del Instituto en el \u00e1mbito de la pesca, acuicultura y cambio clim\u00e1tico, organizar actividades en conjunto, contribuir en las necesidades medioambientales de la regi\u00f3n y ser parte de la difusi\u00f3n a la comunidad en el respeto y cuidado de nuestros ecosistemas marinos\u00bb<\/p>\n<p class=\"v1MsoNormal\" style=\"text-align: justify;\">Alejandra Lafon, Jefa de base de IFOP Ays\u00e9n, se refiri\u00f3 a las reuniones como \u00abuna instancia fundamental para conversar sobre necesidades de investigaci\u00f3n y monitoreo espec\u00edficos referidos a la actividad pesquera-acu\u00edcola regional y las caracter\u00edsticas de sus ecosistemas, que actualmente no est\u00e1n siendo cubiertos por las iniciativas en desarrollo, y dialogar sobre nuestras capacidades y potencial para hacer frente a esta demanda de conocimiento regional\u00bb.<\/p>\n<p class=\"v1MsoNormal\" style=\"text-align: justify;\">Alejandra explic\u00f3 adem\u00e1s que \u00abdurante este periodo de pandemia hemos seguido trabajando de manera regular en la totalidad de nuestras operaciones incluyendo actividades presenciales y de terreno, para lo cual hemos promovido el autocuidado y medidas de prevenci\u00f3n para el contagio de COVID en nuestro personal, e implementado los protocolos que establece la autoridad sanitaria desde su inicio. Ha sido un gran esfuerzo y trabajo de equipo, ya que para nosotros es fundamental la seguridad de nuestros trabajadores y su grupo familiar.\u00a0Actualmente, la Sede cuenta con el Sello Covid-19, otorgado por la Asociaci\u00f3n Chilena de Seguridad, reconocimiento que certifica el cumplimiento de los requisitos establecidos por el Ministerio de Salud y Superintendencia de Seguridad Social \u00a0y las recomendaciones de los especialistas del \u00e1rea de seguridad y salud ocupacional de la ACHs seg\u00fan el paso a paso laboral\u00bb.<\/p>\n<\/div><\/section><\/div><div  style='height:50px' class='hr hr-invisible   avia-builder-el-6  el_after_av_one_full  el_before_av_social_share '><span class='hr-inner ' ><span class='hr-inner-style'><\/span><\/span><\/div><\/p>\n<div  class='av-social-sharing-box  avia-builder-el-7  el_after_av_hr  el_before_av_hr  '><div class='av-share-box'><h5 class='av-share-link-description av-no-toc '>Compartir esta noticia<\/h5><ul class='av-share-box-list noLightbox'><li class='av-share-link av-social-link-facebook' ><a target=\"_blank\" aria-label=\"Compartir en Facebook\" href='https:\/\/www.facebook.com\/sharer.php?u=https:\/\/radiorevelacionfm.cl\/?p=9860&#038;t=En%20Ays%C3%A9n%2C%20director%20de%20IFOP%20se%20reuni%C3%B3%20con%20autoridades%20regionales%20para%20potenciar%20temas%20de%20pesca-acuicultura%20y%20cambio%20clim%C3%A1tico' aria-hidden='false' data-av_icon='\ue8f3' data-av_iconfont='entypo-fontello' title='' data-avia-related-tooltip='Compartir en Facebook' rel=\"noopener\"><span class='avia_hidden_link_text'>Compartir en Facebook<\/span><\/a><\/li><li class='av-share-link av-social-link-twitter' ><a target=\"_blank\" aria-label=\"Compartir en Twitter\" href='https:\/\/twitter.com\/share?text=En%20Ays%C3%A9n%2C%20director%20de%20IFOP%20se%20reuni%C3%B3%20con%20autoridades%20regionales%20para%20potenciar%20temas%20de%20pesca-acuicultura%20y%20cambio%20clim%C3%A1tico&#038;url=https:\/\/radiorevelacionfm.cl\/?p=9860' aria-hidden='false' data-av_icon='\ue8f1' data-av_iconfont='entypo-fontello' title='' data-avia-related-tooltip='Compartir en Twitter' rel=\"noopener\"><span class='avia_hidden_link_text'>Compartir en Twitter<\/span><\/a><\/li><li class='av-share-link av-social-link-whatsapp' ><a target=\"_blank\" aria-label=\"Compartir en Whatsapp\" href='https:\/\/api.whatsapp.com\/send?text=https:\/\/radiorevelacionfm.cl\/?p=9860' aria-hidden='false' data-av_icon='\uf232' data-av_iconfont='entypo-fontello' title='' data-avia-related-tooltip='Compartir en Whatsapp' rel=\"noopener\"><span class='avia_hidden_link_text'>Compartir en Whatsapp<\/span><\/a><\/li><li class='av-share-link av-social-link-linkedin' ><a target=\"_blank\" aria-label=\"Compartir en LinkedIn\" href='https:\/\/linkedin.com\/shareArticle?mini=true&#038;title=En%20Ays%C3%A9n%2C%20director%20de%20IFOP%20se%20reuni%C3%B3%20con%20autoridades%20regionales%20para%20potenciar%20temas%20de%20pesca-acuicultura%20y%20cambio%20clim%C3%A1tico&#038;url=https:\/\/radiorevelacionfm.cl\/?p=9860' aria-hidden='false' data-av_icon='\ue8fc' data-av_iconfont='entypo-fontello' title='' data-avia-related-tooltip='Compartir en LinkedIn' rel=\"noopener\"><span class='avia_hidden_link_text'>Compartir en LinkedIn<\/span><\/a><\/li><li class='av-share-link av-social-link-mail' ><a  aria-label=\"Compartir por correo\" href='mailto:?subject=En%20Ays%C3%A9n%2C%20director%20de%20IFOP%20se%20reuni%C3%B3%20con%20autoridades%20regionales%20para%20potenciar%20temas%20de%20pesca-acuicultura%20y%20cambio%20clim%C3%A1tico&#038;body=https:\/\/radiorevelacionfm.cl\/?p=9860' aria-hidden='false' data-av_icon='\ue805' data-av_iconfont='entypo-fontello' title='' data-avia-related-tooltip='Compartir por correo'><span class='avia_hidden_link_text'>Compartir por correo<\/span><\/a><\/li><\/ul><\/div><\/div>\n<div  style='height:50px' class='hr hr-invisible   avia-builder-el-8  el_after_av_social_share  el_before_av_comments_list '><span class='hr-inner ' ><span class='hr-inner-style'><\/span><\/span><\/div>\n<div  class='av-buildercomment  av-blog-meta-html-info-disabled av-blog-meta-tag-disabled  '><\/div>\n","protected":false},"excerpt":{"rendered":"","protected":false},"author":1,"featured_media":9861,"comment_status":"open","ping_status":"open","sticky":false,"template":"","format":"standard","meta":{"footnotes":""},"categories":[38],"tags":[],"class_list":["post-9860","post","type-post","status-publish","format-standard","has-post-thumbnail","hentry","category-regional"],"jetpack_featured_media_url":"https:\/\/radiorevelacionfm.cl\/wp-content\/uploads\/2021\/10\/aysen-1-1-1.jpeg","_links":{"self":[{"href":"https:\/\/radiorevelacionfm.cl\/index.php?rest_route=\/wp\/v2\/posts\/9860","targetHints":{"allow":["GET"]}}],"collection":[{"href":"https:\/\/radiorevelacionfm.cl\/index.php?rest_route=\/wp\/v2\/posts"}],"about":[{"href":"https:\/\/radiorevelacionfm.cl\/index.php?rest_route=\/wp\/v2\/types\/post"}],"author":[{"embeddable":true,"href":"https:\/\/radiorevelacionfm.cl\/index.php?rest_route=\/wp\/v2\/users\/1"}],"replies":[{"embeddable":true,"href":"https:\/\/radiorevelacionfm.cl\/index.php?rest_route=%2Fwp%2Fv2%2Fcomments&post=9860"}],"version-history":[{"count":1,"href":"https:\/\/radiorevelacionfm.cl\/index.php?rest_route=\/wp\/v2\/posts\/9860\/revisions"}],"predecessor-version":[{"id":9862,"href":"https:\/\/radiorevelacionfm.cl\/index.php?rest_route=\/wp\/v2\/posts\/9860\/revisions\/9862"}],"wp:featuredmedia":[{"embeddable":true,"href":"https:\/\/radiorevelacionfm.cl\/index.php?rest_route=\/wp\/v2\/media\/9861"}],"wp:attachment":[{"href":"https:\/\/radiorevelacionfm.cl\/index.php?rest_route=%2Fwp%2Fv2%2Fmedia&parent=9860"}],"wp:term":[{"taxonomy":"category","embeddable":true,"href":"https:\/\/radiorevelacionfm.cl\/index.php?rest_route=%2Fwp%2Fv2%2Fcategories&post=9860"},{"taxonomy":"post_tag","embeddable":true,"href":"https:\/\/radiorevelacionfm.cl\/index.php?rest_route=%2Fwp%2Fv2%2Ftags&post=9860"}],"curies":[{"name":"wp","href":"https:\/\/api.w.org\/{rel}","templated":true}]}}