{"id":9856,"date":"2021-10-23T19:14:57","date_gmt":"2021-10-23T22:14:57","guid":{"rendered":"https:\/\/radiorevelacionfm.cl\/?p=9856"},"modified":"2021-10-23T20:48:07","modified_gmt":"2021-10-23T23:48:07","slug":"ataque-cerebro-vascular-por-que-prevenirlo","status":"publish","type":"post","link":"https:\/\/radiorevelacionfm.cl\/?p=9856","title":{"rendered":"Ataque Cerebro Vascular: \u00bfPor qu\u00e9 prevenirlo?"},"content":{"rendered":"<div class=\"flex_column av_one_full  flex_column_div av-zero-column-padding first  avia-builder-el-0  el_before_av_one_full  avia-builder-el-first  \" style='border-radius:0px; '><div  class='avia-image-container  av-styling-    avia-builder-el-1  avia-builder-el-no-sibling  avia-align-center '  itemprop=\"image\" itemscope=\"itemscope\" itemtype=\"https:\/\/schema.org\/ImageObject\"  ><div class='avia-image-container-inner'><div class='avia-image-overlay-wrap'><img decoding=\"async\" class='wp-image-9857 avia-img-lazy-loading-not-9857 avia_image' src=\"https:\/\/radiorevelacionfm.cl\/wp-content\/uploads\/2021\/10\/ACV_V1-1.jpg\" alt='' title='ACV_V1 (1)' height=\"600\" width=\"1309\"  itemprop=\"thumbnailUrl\" srcset=\"https:\/\/radiorevelacionfm.cl\/wp-content\/uploads\/2021\/10\/ACV_V1-1.jpg 1309w, https:\/\/radiorevelacionfm.cl\/wp-content\/uploads\/2021\/10\/ACV_V1-1-300x138.jpg 300w, https:\/\/radiorevelacionfm.cl\/wp-content\/uploads\/2021\/10\/ACV_V1-1-1030x472.jpg 1030w, https:\/\/radiorevelacionfm.cl\/wp-content\/uploads\/2021\/10\/ACV_V1-1-768x352.jpg 768w, https:\/\/radiorevelacionfm.cl\/wp-content\/uploads\/2021\/10\/ACV_V1-1-705x323.jpg 705w, https:\/\/radiorevelacionfm.cl\/wp-content\/uploads\/2021\/10\/ACV_V1-1-600x275.jpg 600w\" sizes=\"(max-width: 1309px) 100vw, 1309px\" \/><\/div><\/div><\/div><\/div>\n<div class=\"flex_column av_one_full  flex_column_div av-zero-column-padding first  avia-builder-el-2  el_after_av_one_full  el_before_av_one_full  column-top-margin\" style='border-radius:0px; '><section class=\"av_textblock_section \"  itemscope=\"itemscope\" itemtype=\"https:\/\/schema.org\/BlogPosting\" itemprop=\"blogPost\" ><div class='avia_textblock  '   itemprop=\"text\" ><p style=\"text-align: center;\"><strong><span style=\"font-size: 18pt;\">Ataque Cerebro Vascular: \u00bfPor qu\u00e9 prevenirlo?<\/span><\/strong><\/p>\n<div id=\"gtx-trans\" style=\"position: absolute; left: -50px; top: 4.31534px;\">\n<div class=\"gtx-trans-icon\"><\/div>\n<\/div>\n<\/div><\/section><\/div>\n<div class=\"flex_column av_one_full  flex_column_div av-zero-column-padding first  avia-builder-el-4  el_after_av_one_full  el_before_av_hr  column-top-margin\" style='border-radius:0px; '><section class=\"av_textblock_section \"  itemscope=\"itemscope\" itemtype=\"https:\/\/schema.org\/BlogPosting\" itemprop=\"blogPost\" ><div class='avia_textblock  '   itemprop=\"text\" ><p style=\"text-align: justify;\">Carmen Gloria Cuyul y Roxana Vega. Encargadas Programas de Salud Cardiovascular de la Seremi de Salud Ays\u00e9n y Servicio de Salud Ays\u00e9n.<\/p>\n<p style=\"text-align: justify;\">La Organizaci\u00f3n Mundial de la Salud (OMS) define al Ataque Cerebro Vascular (ACV) como un \u201cs\u00edndrome cl\u00ednico que consiste en signos de r\u00e1pido desarrollo de trastornos neurol\u00f3gicos focales o globales de la funci\u00f3n cerebral que duran m\u00e1s de 24 horas y que pueden conducir a la muerte, sin una causa aparente que no sea una enfermedad vascular\u201d.<\/p>\n<p style=\"text-align: justify;\">Cada a\u00f1o en el mundo, 15 millones de personas sufren un ACV, de los cuales 5 millones fallecen y otros 5 quedan permanentemente discapacitados.<\/p>\n<p style=\"text-align: justify;\">En Am\u00e9rica Latina la realidad muestra, en la mayor\u00eda de los pa\u00edses, que el ACV es la segunda causa de muerte, mientras que en nuestro pa\u00eds es la primera.<\/p>\n<p style=\"text-align: justify;\">En el a\u00f1o 2019 hubo en total de 7.983 defunciones por ACV, esto es, en promedio un chileno fallece cada hora por esta causa.<\/p>\n<p style=\"text-align: justify;\">M\u00e1s cifras, se calcula que en nuestro pa\u00eds habr\u00eda 69 casos nuevos por d\u00eda y seg\u00fan datos entregados por el Hospital Regional Coyhaique, el a\u00f1o 2019 se registraron un total de 145 ACV y 11 fallecimientos por esta causa.<\/p>\n<p style=\"text-align: justify;\">No obstante, adem\u00e1s de los antecedentes de mortalidad en general, esta enfermedad constituye la tercera causa de mortalidad prematura, es decir, personas que fallecieron entre los 30 y 69 a\u00f1os, y es la primera causa espec\u00edfica de carga de enfermedad en mayores de 74 a\u00f1os, y la quinta entre 60 y 74 a\u00f1os, generando un importante deterioro de la calidad de vida, costos econ\u00f3micos y sociales; y es la primera causa de discapacidad en nuestro pa\u00eds, descontando lo traumatol\u00f3gico.<\/p>\n<p style=\"text-align: justify;\">Es que existen factores de riesgo no modificables que pueden condicionar la ocurrencia de ACV como la edad (aumenta a mayor edad), sexo (es predominante en hombres), antecedentes familiares (en caso de que alguno de los padres lo haya tenido) y raza (hay mayor ocurrencia en afroamericanos e hispanos).<\/p>\n<p style=\"text-align: justify;\">Sin embargo, existen tambi\u00e9n factores de riesgo sobre los que podemos actuar, que son modificables y controlables con h\u00e1bitos de vida saludable.<\/p>\n<p style=\"text-align: justify;\">Algunas de estos factores de riesgo y que condicionan los ACV, tenemos al sedentarismo, sobrepeso, obesidad, tabaquismo, hipertensi\u00f3n arterial, diabetes mellitus tipo 2, colesterol elevado, apnea obstructiva del sue\u00f1o, cardiopat\u00edas y uso de anticonceptivos orales.<\/p>\n<p style=\"text-align: justify;\"><strong>\u00bfCu\u00e1l es la sintomatolog\u00eda de un ACV?<\/strong><\/p>\n<p style=\"text-align: justify;\">Se\u00f1aladas los factores de riesgo y que hay conductas modificables, en materia de prevenci\u00f3n se hace necesario siempre definir cu\u00e1l es la sintomatolog\u00eda de quien padece un ACV para su oportuno reconocimiento y acudir al Servicio de Urgencias con prontitud, ya que cuanto antes se haga el diagn\u00f3stico y se inicie el tratamiento, se disminuye el da\u00f1o cerebral y sus secuelas neurol\u00f3gicas.<\/p>\n<p style=\"text-align: justify;\">Entonces hay que tener especial cuidado al momento de presentar algunos de sus principales s\u00edntomas que son:<\/p>\n<p style=\"text-align: justify;\">1) Asimetr\u00eda facial o par\u00e1lisis de la cara.<\/p>\n<p style=\"text-align: justify;\">2) Incapacidad de mantener ambos brazos extendidos hacia el frente a la misma altura. Hormigueo, debilidad, entumecimiento repentino en brazo o pierna, particularmente en un lado del cuerpo.<\/p>\n<p style=\"text-align: justify;\">3) Dificultad para hablar con claridad, para comprender, leer o escribir.<\/p>\n<p style=\"text-align: justify;\">El ideal y lo que fomentamos como equipo de salud siempre es la prevenci\u00f3n. En el caso de quienes ya sufrieron un ACV, es importante prevenir y evitar un segundo evento, no s\u00f3lo a trav\u00e9s del tratamiento farmacol\u00f3gico, sino incorporando estilos de vida saludables como herramientas no farmacol\u00f3gicas.<\/p>\n<p style=\"text-align: justify;\">Los lineamientos establecidos por el Minsal proponen una atenci\u00f3n integral y oportuna hacia las personas que sufren un ACV, a modo de reducir la letalidad, mejorar su funcionalidad y disminuir o evitar las discapacidades secundarias.<\/p>\n<p style=\"text-align: justify;\">Y para eso, la Atenci\u00f3n Primaria juega un rol important\u00edsimo en todo lo referente a la promoci\u00f3n, prevenci\u00f3n, tratamiento, derivaci\u00f3n oportuna y educaci\u00f3n a la comunidad, entre otras acciones.<\/p>\n<p style=\"text-align: justify;\">Al Hospital Regional Coyhaique, \u00fanico establecimiento de alta complejidad, es donde se derivan los pacientes que puedan estar cursando y hayan sufrido un Ataque Cerebro Vascular para el diagn\u00f3stico, estudio etiol\u00f3gico y posterior seguimiento enfocado en la rehabilitaci\u00f3n y recuperaci\u00f3n de la funcionalidad del usuario, con un equipo de salud multidisciplinario encargado de brindar una atenci\u00f3n adecuada y oportuna en base a protocolos ministeriales y con sistemas de apoyo diagn\u00f3stico e imagenolog\u00eda.<\/p>\n<p style=\"text-align: justify;\">Como Red de Salud de la Regi\u00f3n de Ays\u00e9n, debemos ser capaces de mejorar la calidad en todos los niveles de atenci\u00f3n, tanto en promoci\u00f3n, prevenci\u00f3n, diagn\u00f3stico, tratamiento, rehabilitaci\u00f3n como en su seguimiento, y tener claridad en que:<\/p>\n<p style=\"text-align: justify;\"><strong>\u201cLA PREVENCI\u00d3N ES LA MEJOR ESTRATEGIA PARA EVITAR EL ATAQUE CEREBROVASCULAR\u201d.<\/strong><\/p>\n<p style=\"text-align: justify;\"><strong>\u00a0<\/strong><\/p>\n<p style=\"text-align: justify;\"><strong>\u00a0<\/strong><\/p>\n<\/div><\/section><\/div><div  style='height:50px' class='hr hr-invisible   avia-builder-el-6  el_after_av_one_full  el_before_av_social_share '><span class='hr-inner ' ><span class='hr-inner-style'><\/span><\/span><\/div><\/p>\n<div  class='av-social-sharing-box  avia-builder-el-7  el_after_av_hr  el_before_av_hr  '><div class='av-share-box'><h5 class='av-share-link-description av-no-toc '>Compartir esta noticia<\/h5><ul class='av-share-box-list noLightbox'><li class='av-share-link av-social-link-facebook' ><a target=\"_blank\" aria-label=\"Compartir en Facebook\" href='https:\/\/www.facebook.com\/sharer.php?u=https:\/\/radiorevelacionfm.cl\/?p=9856&#038;t=Ataque%20Cerebro%20Vascular%3A%20%C2%BFPor%20qu%C3%A9%20prevenirlo%3F' aria-hidden='false' data-av_icon='\ue8f3' data-av_iconfont='entypo-fontello' title='' data-avia-related-tooltip='Compartir en Facebook' rel=\"noopener\"><span class='avia_hidden_link_text'>Compartir en Facebook<\/span><\/a><\/li><li class='av-share-link av-social-link-twitter' ><a target=\"_blank\" aria-label=\"Compartir en Twitter\" href='https:\/\/twitter.com\/share?text=Ataque%20Cerebro%20Vascular%3A%20%C2%BFPor%20qu%C3%A9%20prevenirlo%3F&#038;url=https:\/\/radiorevelacionfm.cl\/?p=9856' aria-hidden='false' data-av_icon='\ue8f1' data-av_iconfont='entypo-fontello' title='' data-avia-related-tooltip='Compartir en Twitter' rel=\"noopener\"><span class='avia_hidden_link_text'>Compartir en Twitter<\/span><\/a><\/li><li class='av-share-link av-social-link-whatsapp' ><a target=\"_blank\" aria-label=\"Compartir en Whatsapp\" href='https:\/\/api.whatsapp.com\/send?text=https:\/\/radiorevelacionfm.cl\/?p=9856' aria-hidden='false' data-av_icon='\uf232' data-av_iconfont='entypo-fontello' title='' data-avia-related-tooltip='Compartir en Whatsapp' rel=\"noopener\"><span class='avia_hidden_link_text'>Compartir en Whatsapp<\/span><\/a><\/li><li class='av-share-link av-social-link-linkedin' ><a target=\"_blank\" aria-label=\"Compartir en LinkedIn\" href='https:\/\/linkedin.com\/shareArticle?mini=true&#038;title=Ataque%20Cerebro%20Vascular%3A%20%C2%BFPor%20qu%C3%A9%20prevenirlo%3F&#038;url=https:\/\/radiorevelacionfm.cl\/?p=9856' aria-hidden='false' data-av_icon='\ue8fc' data-av_iconfont='entypo-fontello' title='' data-avia-related-tooltip='Compartir en LinkedIn' rel=\"noopener\"><span class='avia_hidden_link_text'>Compartir en LinkedIn<\/span><\/a><\/li><li class='av-share-link av-social-link-mail' ><a  aria-label=\"Compartir por correo\" href='mailto:?subject=Ataque%20Cerebro%20Vascular%3A%20%C2%BFPor%20qu%C3%A9%20prevenirlo%3F&#038;body=https:\/\/radiorevelacionfm.cl\/?p=9856' aria-hidden='false' data-av_icon='\ue805' data-av_iconfont='entypo-fontello' title='' data-avia-related-tooltip='Compartir por correo'><span class='avia_hidden_link_text'>Compartir por correo<\/span><\/a><\/li><\/ul><\/div><\/div>\n<div  style='height:50px' class='hr hr-invisible   avia-builder-el-8  el_after_av_social_share  el_before_av_comments_list '><span class='hr-inner ' ><span class='hr-inner-style'><\/span><\/span><\/div>\n<div  class='av-buildercomment  av-blog-meta-html-info-disabled av-blog-meta-tag-disabled  '><\/div>\n","protected":false},"excerpt":{"rendered":"","protected":false},"author":1,"featured_media":9857,"comment_status":"open","ping_status":"open","sticky":false,"template":"","format":"standard","meta":{"footnotes":""},"categories":[46],"tags":[],"class_list":["post-9856","post","type-post","status-publish","format-standard","has-post-thumbnail","hentry","category-salud"],"jetpack_featured_media_url":"https:\/\/radiorevelacionfm.cl\/wp-content\/uploads\/2021\/10\/ACV_V1-1.jpg","_links":{"self":[{"href":"https:\/\/radiorevelacionfm.cl\/index.php?rest_route=\/wp\/v2\/posts\/9856","targetHints":{"allow":["GET"]}}],"collection":[{"href":"https:\/\/radiorevelacionfm.cl\/index.php?rest_route=\/wp\/v2\/posts"}],"about":[{"href":"https:\/\/radiorevelacionfm.cl\/index.php?rest_route=\/wp\/v2\/types\/post"}],"author":[{"embeddable":true,"href":"https:\/\/radiorevelacionfm.cl\/index.php?rest_route=\/wp\/v2\/users\/1"}],"replies":[{"embeddable":true,"href":"https:\/\/radiorevelacionfm.cl\/index.php?rest_route=%2Fwp%2Fv2%2Fcomments&post=9856"}],"version-history":[{"count":3,"href":"https:\/\/radiorevelacionfm.cl\/index.php?rest_route=\/wp\/v2\/posts\/9856\/revisions"}],"predecessor-version":[{"id":9946,"href":"https:\/\/radiorevelacionfm.cl\/index.php?rest_route=\/wp\/v2\/posts\/9856\/revisions\/9946"}],"wp:featuredmedia":[{"embeddable":true,"href":"https:\/\/radiorevelacionfm.cl\/index.php?rest_route=\/wp\/v2\/media\/9857"}],"wp:attachment":[{"href":"https:\/\/radiorevelacionfm.cl\/index.php?rest_route=%2Fwp%2Fv2%2Fmedia&parent=9856"}],"wp:term":[{"taxonomy":"category","embeddable":true,"href":"https:\/\/radiorevelacionfm.cl\/index.php?rest_route=%2Fwp%2Fv2%2Fcategories&post=9856"},{"taxonomy":"post_tag","embeddable":true,"href":"https:\/\/radiorevelacionfm.cl\/index.php?rest_route=%2Fwp%2Fv2%2Ftags&post=9856"}],"curies":[{"name":"wp","href":"https:\/\/api.w.org\/{rel}","templated":true}]}}