{"id":9853,"date":"2021-10-20T20:02:21","date_gmt":"2021-10-20T23:02:21","guid":{"rendered":"https:\/\/radiorevelacionfm.cl\/?p=9853"},"modified":"2021-10-20T20:02:21","modified_gmt":"2021-10-20T23:02:21","slug":"carabineros-de-coyhaique-aclaro-en-tiempo-record-robo-a-botilleria-y-detuvo-a-dos-menores-por-robo-con-intimidacion","status":"publish","type":"post","link":"https:\/\/radiorevelacionfm.cl\/?p=9853","title":{"rendered":"Carabineros de Coyhaique aclar\u00f3 en tiempo r\u00e9cord robo a botiller\u00eda y detuvo a dos menores por robo con intimidaci\u00f3n"},"content":{"rendered":"<div class=\"flex_column av_one_full  flex_column_div av-zero-column-padding first  avia-builder-el-0  el_before_av_one_full  avia-builder-el-first  \" style='border-radius:0px; '><div  class='avia-image-container  av-styling-    avia-builder-el-1  avia-builder-el-no-sibling  avia-align-center '  itemprop=\"image\" itemscope=\"itemscope\" itemtype=\"https:\/\/schema.org\/ImageObject\"  ><div class='avia-image-container-inner'><div class='avia-image-overlay-wrap'><img decoding=\"async\" class='wp-image-9854 avia-img-lazy-loading-not-9854 avia_image' src=\"https:\/\/radiorevelacionfm.cl\/wp-content\/uploads\/2021\/10\/CARABINEROS-2-1-1.jpg\" alt='' title='CARABINEROS (2) (1) (1)' height=\"600\" width=\"943\"  itemprop=\"thumbnailUrl\" srcset=\"https:\/\/radiorevelacionfm.cl\/wp-content\/uploads\/2021\/10\/CARABINEROS-2-1-1.jpg 943w, https:\/\/radiorevelacionfm.cl\/wp-content\/uploads\/2021\/10\/CARABINEROS-2-1-1-300x191.jpg 300w, https:\/\/radiorevelacionfm.cl\/wp-content\/uploads\/2021\/10\/CARABINEROS-2-1-1-768x489.jpg 768w, https:\/\/radiorevelacionfm.cl\/wp-content\/uploads\/2021\/10\/CARABINEROS-2-1-1-705x449.jpg 705w, https:\/\/radiorevelacionfm.cl\/wp-content\/uploads\/2021\/10\/CARABINEROS-2-1-1-600x382.jpg 600w\" sizes=\"(max-width: 943px) 100vw, 943px\" \/><\/div><\/div><\/div><\/div><div class=\"flex_column av_one_full  flex_column_div av-zero-column-padding first  avia-builder-el-2  el_after_av_one_full  el_before_av_one_full  column-top-margin\" style='border-radius:0px; '><section class=\"av_textblock_section \"  itemscope=\"itemscope\" itemtype=\"https:\/\/schema.org\/BlogPosting\" itemprop=\"blogPost\" ><div class='avia_textblock  '   itemprop=\"text\" ><p style=\"text-align: center;\"><strong><span style=\"font-size: 18pt;\">Carabineros de Coyhaique aclar\u00f3 en tiempo r\u00e9cord robo a botiller\u00eda y detuvo a dos menores por robo con intimidaci\u00f3n<\/span><\/strong><\/p>\n<div id=\"gtx-trans\" style=\"position: absolute; left: -50px; top: 4.31534px;\">\n<div class=\"gtx-trans-icon\"><\/div>\n<\/div>\n<\/div><\/section><\/div><div class=\"flex_column av_one_full  flex_column_div av-zero-column-padding first  avia-builder-el-4  el_after_av_one_full  el_before_av_hr  column-top-margin\" style='border-radius:0px; '><section class=\"av_textblock_section \"  itemscope=\"itemscope\" itemtype=\"https:\/\/schema.org\/BlogPosting\" itemprop=\"blogPost\" ><div class='avia_textblock  '   itemprop=\"text\" ><p style=\"text-align: justify;\">La revisi\u00f3n de las im\u00e1genes de las c\u00e1maras de seguridad y antecedentes aportados por la v\u00edctima, permitieron 30 minutos despu\u00e9s de ocurrido el delito dar con los presuntos responsables de este hecho, siendo detenidos y puestos a disposici\u00f3n de la Fiscal\u00eda local de esta ciudad que dirige investigaci\u00f3n por este hecho.<\/p>\n<p style=\"text-align: justify;\">Exhaustivas diligencias desarrolladas por personal de Carabineros de la Primera Comisar\u00eda de Coyhaique, permiti\u00f3 la detenci\u00f3n de dos menores de edad tras un robo con intimidaci\u00f3n que afect\u00f3 a la botiller\u00eda Sport Market de esta ciudad.<\/p>\n<p style=\"text-align: justify;\">Seg\u00fan antecedentes aportados por la v\u00edctima a Carabineros, tres individuos menores de edad llegaron alrededor de las 21:00 horas de ayer hasta el establecimiento comercial ubicado en calle Freire N.\u00ba 170 de Coyhaique, ocasi\u00f3n en que dos de estas personas habr\u00edan ingresado al interior del local procediendo a la sustracci\u00f3n de mercader\u00eda.<\/p>\n<p style=\"text-align: justify;\">Dicha situaci\u00f3n fue advertida por el locatario, quien en una r\u00e1pida acci\u00f3n, logr\u00f3 reducir a uno de los sujetos recuperando los productos, en tanto que el segundo menor, logr\u00f3 huir del lugar para reunirse con otros dos adolescentes, unos de los cuales se encontraba premunido aparentemente de una pistola y otro con arma blanca, con los cuales intimidaron a la v\u00edctima, para acto seguido darse a la fuga del lugar.<\/p>\n<p style=\"text-align: justify;\">En virtud de los antecedentes aportados por el afectado, sumado a las im\u00e1genes captadas por las c\u00e1maras de seguridad, Carabineros se aboc\u00f3 al desarrollo de m\u00faltiples diligencias y patrullajes en las inmediaciones, logrando en pocos minutos la ubicaci\u00f3n de los individuos.<\/p>\n<p style=\"text-align: justify;\">\u00abLo m\u00e1s rescatable en este procedimiento policial, es que esta misma v\u00edctima y due\u00f1o de este local, efect\u00faa la llamada y solicita la presencia nuestra, se coteja la informaci\u00f3n y se buscan los medios, se hacen los controles oportunos y se logra materializar una detenci\u00f3n 30 minutos despu\u00e9s del ocurrido el hecho\u00bb, expres\u00f3 el Capit\u00e1n Luis Alvarado, Subcomisario de los Servicios 2 de la Primera Comisar\u00eda de Coyhaique.<\/p>\n<p style=\"text-align: justify;\">Dos menores de 15 a\u00f1os de edad fueron detenidos, antecedentes que fueron puestos en conocimiento de la Fiscal\u00eda local de Coyhaique que dirige investigaci\u00f3n por este hecho, siendo las diligencias encomendadas a la Secci\u00f3n de Investigaci\u00f3n Policial (S.I.P) de esta Unidad, con la finalidad de continuar las diligencias de su especialidad en torno a este delito.<\/p>\n<p style=\"text-align: justify;\"><strong>Evite incurrir en acciones temerarias<\/strong><\/p>\n<p style=\"text-align: justify;\">Ante hechos de este tipo, el Capit\u00e1n Alvarado llam\u00f3 a la comunidad a la prudencia, a facilitar el trabajo de la polic\u00eda y evitar incurrir en acciones temerarias que puedan poner en riesgo la propia integridad de las v\u00edctimas.<\/p>\n<p style=\"text-align: justify;\">\u00abEntendemos la rabia, entendemos la molestia cuando los locales son afectados, pero tambi\u00e9n llamamos a la prudencia porque el efecto puede ser mayor por parte de las personas que cometen este tipo de delitos, ya que portan armas que pueden lesionarlos y que pueden conllevar a una consecuencia mayor, expres\u00f3 el Oficial, quien inst\u00f3 a las personas \u2013frente a casos de esta naturaleza- a confiar en el trabajo de la polic\u00eda y a poder retener la mayor cantidad de informaci\u00f3n visual respecto a caracter\u00edsticas como vestimentas, estatura, rasgos f\u00edsicos, faciales, tatuajes de los sujetos u otros detalles que faciliten su reconocimiento y ubicaci\u00f3n.<\/p>\n<p style=\"text-align: justify;\">Carabineros record\u00f3 a la comunidad denunciar en forma oportuna los hechos constitutivos de delito al nivel de emergencias 133 o al fono del cuadrante respectivo.<\/p>\n<\/div><\/section><\/div><div  style='height:50px' class='hr hr-invisible   avia-builder-el-6  el_after_av_one_full  el_before_av_social_share '><span class='hr-inner ' ><span class='hr-inner-style'><\/span><\/span><\/div><\/p>\n<div  class='av-social-sharing-box  avia-builder-el-7  el_after_av_hr  el_before_av_hr  '><div class='av-share-box'><h5 class='av-share-link-description av-no-toc '>Compartir esta noticia<\/h5><ul class='av-share-box-list noLightbox'><li class='av-share-link av-social-link-facebook' ><a target=\"_blank\" aria-label=\"Compartir en Facebook\" href='https:\/\/www.facebook.com\/sharer.php?u=https:\/\/radiorevelacionfm.cl\/?p=9853&#038;t=Carabineros%20de%20Coyhaique%20aclar%C3%B3%20en%20tiempo%20r%C3%A9cord%20robo%20a%20botiller%C3%ADa%20y%20detuvo%20a%20dos%20menores%20por%20robo%20con%20intimidaci%C3%B3n' aria-hidden='false' data-av_icon='\ue8f3' data-av_iconfont='entypo-fontello' title='' data-avia-related-tooltip='Compartir en Facebook' rel=\"noopener\"><span class='avia_hidden_link_text'>Compartir en Facebook<\/span><\/a><\/li><li class='av-share-link av-social-link-twitter' ><a target=\"_blank\" aria-label=\"Compartir en Twitter\" href='https:\/\/twitter.com\/share?text=Carabineros%20de%20Coyhaique%20aclar%C3%B3%20en%20tiempo%20r%C3%A9cord%20robo%20a%20botiller%C3%ADa%20y%20detuvo%20a%20dos%20menores%20por%20robo%20con%20intimidaci%C3%B3n&#038;url=https:\/\/radiorevelacionfm.cl\/?p=9853' aria-hidden='false' data-av_icon='\ue8f1' data-av_iconfont='entypo-fontello' title='' data-avia-related-tooltip='Compartir en Twitter' rel=\"noopener\"><span class='avia_hidden_link_text'>Compartir en Twitter<\/span><\/a><\/li><li class='av-share-link av-social-link-whatsapp' ><a target=\"_blank\" aria-label=\"Compartir en Whatsapp\" href='https:\/\/api.whatsapp.com\/send?text=https:\/\/radiorevelacionfm.cl\/?p=9853' aria-hidden='false' data-av_icon='\uf232' data-av_iconfont='entypo-fontello' title='' data-avia-related-tooltip='Compartir en Whatsapp' rel=\"noopener\"><span class='avia_hidden_link_text'>Compartir en Whatsapp<\/span><\/a><\/li><li class='av-share-link av-social-link-linkedin' ><a target=\"_blank\" aria-label=\"Compartir en LinkedIn\" href='https:\/\/linkedin.com\/shareArticle?mini=true&#038;title=Carabineros%20de%20Coyhaique%20aclar%C3%B3%20en%20tiempo%20r%C3%A9cord%20robo%20a%20botiller%C3%ADa%20y%20detuvo%20a%20dos%20menores%20por%20robo%20con%20intimidaci%C3%B3n&#038;url=https:\/\/radiorevelacionfm.cl\/?p=9853' aria-hidden='false' data-av_icon='\ue8fc' data-av_iconfont='entypo-fontello' title='' data-avia-related-tooltip='Compartir en LinkedIn' rel=\"noopener\"><span class='avia_hidden_link_text'>Compartir en LinkedIn<\/span><\/a><\/li><li class='av-share-link av-social-link-mail' ><a  aria-label=\"Compartir por correo\" href='mailto:?subject=Carabineros%20de%20Coyhaique%20aclar%C3%B3%20en%20tiempo%20r%C3%A9cord%20robo%20a%20botiller%C3%ADa%20y%20detuvo%20a%20dos%20menores%20por%20robo%20con%20intimidaci%C3%B3n&#038;body=https:\/\/radiorevelacionfm.cl\/?p=9853' aria-hidden='false' data-av_icon='\ue805' data-av_iconfont='entypo-fontello' title='' data-avia-related-tooltip='Compartir por correo'><span class='avia_hidden_link_text'>Compartir por correo<\/span><\/a><\/li><\/ul><\/div><\/div>\n<div  style='height:50px' class='hr hr-invisible   avia-builder-el-8  el_after_av_social_share  el_before_av_comments_list '><span class='hr-inner ' ><span class='hr-inner-style'><\/span><\/span><\/div>\n<div  class='av-buildercomment  av-blog-meta-html-info-disabled av-blog-meta-tag-disabled  '><\/div>\n","protected":false},"excerpt":{"rendered":"","protected":false},"author":1,"featured_media":9854,"comment_status":"open","ping_status":"open","sticky":false,"template":"","format":"standard","meta":{"footnotes":""},"categories":[36],"tags":[],"class_list":["post-9853","post","type-post","status-publish","format-standard","has-post-thumbnail","hentry","category-policial"],"jetpack_featured_media_url":"https:\/\/radiorevelacionfm.cl\/wp-content\/uploads\/2021\/10\/CARABINEROS-2-1-1.jpg","_links":{"self":[{"href":"https:\/\/radiorevelacionfm.cl\/index.php?rest_route=\/wp\/v2\/posts\/9853","targetHints":{"allow":["GET"]}}],"collection":[{"href":"https:\/\/radiorevelacionfm.cl\/index.php?rest_route=\/wp\/v2\/posts"}],"about":[{"href":"https:\/\/radiorevelacionfm.cl\/index.php?rest_route=\/wp\/v2\/types\/post"}],"author":[{"embeddable":true,"href":"https:\/\/radiorevelacionfm.cl\/index.php?rest_route=\/wp\/v2\/users\/1"}],"replies":[{"embeddable":true,"href":"https:\/\/radiorevelacionfm.cl\/index.php?rest_route=%2Fwp%2Fv2%2Fcomments&post=9853"}],"version-history":[{"count":1,"href":"https:\/\/radiorevelacionfm.cl\/index.php?rest_route=\/wp\/v2\/posts\/9853\/revisions"}],"predecessor-version":[{"id":9855,"href":"https:\/\/radiorevelacionfm.cl\/index.php?rest_route=\/wp\/v2\/posts\/9853\/revisions\/9855"}],"wp:featuredmedia":[{"embeddable":true,"href":"https:\/\/radiorevelacionfm.cl\/index.php?rest_route=\/wp\/v2\/media\/9854"}],"wp:attachment":[{"href":"https:\/\/radiorevelacionfm.cl\/index.php?rest_route=%2Fwp%2Fv2%2Fmedia&parent=9853"}],"wp:term":[{"taxonomy":"category","embeddable":true,"href":"https:\/\/radiorevelacionfm.cl\/index.php?rest_route=%2Fwp%2Fv2%2Fcategories&post=9853"},{"taxonomy":"post_tag","embeddable":true,"href":"https:\/\/radiorevelacionfm.cl\/index.php?rest_route=%2Fwp%2Fv2%2Ftags&post=9853"}],"curies":[{"name":"wp","href":"https:\/\/api.w.org\/{rel}","templated":true}]}}