{"id":9838,"date":"2021-10-20T16:36:14","date_gmt":"2021-10-20T19:36:14","guid":{"rendered":"https:\/\/radiorevelacionfm.cl\/?p=9838"},"modified":"2021-10-21T09:44:41","modified_gmt":"2021-10-21T12:44:41","slug":"seremi-de-energia-de-aysen-destaca-lanzamiento-de-la-estrategia-nacional-de-electromovilidad","status":"publish","type":"post","link":"https:\/\/radiorevelacionfm.cl\/?p=9838","title":{"rendered":"Seremi de Energ\u00eda de Ays\u00e9n destaca lanzamiento de la Estrategia Nacional de Electromovilidad"},"content":{"rendered":"<div class=\"flex_column av_one_full  flex_column_div av-zero-column-padding first  avia-builder-el-0  el_before_av_one_full  avia-builder-el-first  \" style='border-radius:0px; '><div  class='avia-image-container  av-styling-    avia-builder-el-1  avia-builder-el-no-sibling  avia-align-center '  itemprop=\"image\" itemscope=\"itemscope\" itemtype=\"https:\/\/schema.org\/ImageObject\"  ><div class='avia-image-container-inner'><div class='avia-image-overlay-wrap'><img decoding=\"async\" class='wp-image-9839 avia-img-lazy-loading-not-9839 avia_image' src=\"https:\/\/radiorevelacionfm.cl\/wp-content\/uploads\/2021\/10\/Electro1-1-1.jpg\" alt='' title='Electro1 (1) (1)' height=\"600\" width=\"1066\"  itemprop=\"thumbnailUrl\" srcset=\"https:\/\/radiorevelacionfm.cl\/wp-content\/uploads\/2021\/10\/Electro1-1-1.jpg 1066w, https:\/\/radiorevelacionfm.cl\/wp-content\/uploads\/2021\/10\/Electro1-1-1-300x169.jpg 300w, https:\/\/radiorevelacionfm.cl\/wp-content\/uploads\/2021\/10\/Electro1-1-1-1030x580.jpg 1030w, https:\/\/radiorevelacionfm.cl\/wp-content\/uploads\/2021\/10\/Electro1-1-1-768x432.jpg 768w, https:\/\/radiorevelacionfm.cl\/wp-content\/uploads\/2021\/10\/Electro1-1-1-705x397.jpg 705w, https:\/\/radiorevelacionfm.cl\/wp-content\/uploads\/2021\/10\/Electro1-1-1-600x338.jpg 600w\" sizes=\"(max-width: 1066px) 100vw, 1066px\" \/><\/div><\/div><\/div><\/div>\n<div class=\"flex_column av_one_full  flex_column_div av-zero-column-padding first  avia-builder-el-2  el_after_av_one_full  el_before_av_one_full  column-top-margin\" style='border-radius:0px; '><section class=\"av_textblock_section \"  itemscope=\"itemscope\" itemtype=\"https:\/\/schema.org\/BlogPosting\" itemprop=\"blogPost\" ><div class='avia_textblock  '   itemprop=\"text\" ><p style=\"text-align: center;\"><strong><span style=\"font-size: 18pt;\">Seremi de Energ\u00eda de Ays\u00e9n destaca lanzamiento de la Estrategia Nacional de Electromovilidad<\/span><\/strong><\/p>\n<div id=\"gtx-trans\" style=\"position: absolute; left: -50px; top: 4.31534px;\">\n<div class=\"gtx-trans-icon\"><\/div>\n<\/div>\n<\/div><\/section><\/div>\n<div class=\"flex_column av_one_full  flex_column_div av-zero-column-padding first  avia-builder-el-4  el_after_av_one_full  el_before_av_hr  column-top-margin\" style='border-radius:0px; '><section class=\"av_textblock_section \"  itemscope=\"itemscope\" itemtype=\"https:\/\/schema.org\/BlogPosting\" itemprop=\"blogPost\" ><div class='avia_textblock  '   itemprop=\"text\" ><p style=\"text-align: justify;\">El Seremi de Energ\u00eda de Ays\u00e9n, Juan Luis Amen\u00e1bar, destac\u00f3 el lanzamiento de la Estrategia Nacional de Electromovilidad, iniciativa impulsada por el Ministerio de Energ\u00eda que plantea ejes estrat\u00e9gicos y medidas espec\u00edficas que permitan el desarrollo acelerado y sostenible del transporte el\u00e9ctrico desde una perspectiva integral, global y participativa.<\/p>\n<p style=\"text-align: justify;\">Al respecto se\u00f1al\u00f3 que \u201cen Chile m\u00e1s de un tercio del consumo energ\u00e9tico pertenece a la actividad del sector transporte, del cual sobre un 99% corresponde al uso de energ\u00eda proveniente de derivados del petr\u00f3leo. En ese sentido la nueva estrategia de electromovilidad es clave, ya que nos permitir\u00e1 avanzar de manera certera hacia el desarrollo de un transporte sostenible y con beneficios directos para la ciudadan\u00eda. Adem\u00e1s, podremos alinearnos con est\u00e1ndares internacionales, adquiriendo as\u00ed mejores pr\u00e1cticas y experiencia para una masiva incorporaci\u00f3n de la electromovilidad en el pa\u00eds\u201d.<\/p>\n<p style=\"text-align: justify;\">Asimismo, la autoridad regional de Energ\u00eda destac\u00f3 que \u201cnuestro Ministerio se ha planteado seguir avanzando en la consolidaci\u00f3n de Chile como un pa\u00eds de energ\u00edas limpias. As\u00ed estaremos mejorando la calidad de vida de los chilenos, aportando a la competitividad de nuestras industrias, y al mismo tiempo proporcionando una red el\u00e9ctrica limpia y \u00f3ptima para el desarrollo de la electromovilidad\u201d.<\/p>\n<p style=\"text-align: justify;\">La Estrategia Nacional es el resultado de un proceso colaborativo que involucr\u00f3 al sector p\u00fablico y privado, conformados en el Comit\u00e9 Asesor y Comit\u00e9s T\u00e9cnicos de Electromovilidad. Contempla una estructura basada en 4 ejes: Medios de Transporte Sustentable y Financiamiento, Infraestructura de Carga y Regulaci\u00f3n, Investigaci\u00f3n y Capital Humano, Difusi\u00f3n, Informaci\u00f3n y Articulaci\u00f3n. Adem\u00e1s, considera un Plan de Trabajo con 51 acciones a desarrollar los pr\u00f3ximos a\u00f1os.<\/p>\n<p style=\"text-align: justify;\">HOJA DE RUTA<\/p>\n<p style=\"text-align: justify;\">2035: El 100% de las ventas de veh\u00edculos livianos y medianos ser\u00e1n cero emisiones; el 100% de las ventas de transporte p\u00fablico (buses, taxis y colectivos) ser\u00e1n cero emisiones; y el 100% de las ventas de maquinar\u00eda m\u00f3vil mayor ser\u00e1n cero emisiones.<\/p>\n<p style=\"text-align: justify;\">2040: El 100% de las ventas de maquinar\u00eda m\u00f3vil menor, que incluye maquinaria de construcci\u00f3n, agr\u00edcola y forestal ser\u00e1n cero emisiones.<\/p>\n<p style=\"text-align: justify;\">2045: \u00a0El 100% de las ventas de transporte de carga y buses interurbanos ser\u00e1n cero emisiones.<\/p>\n<p style=\"text-align: justify;\">Esto se realizar\u00e1 con el apoyo de distintas iniciativas:<\/p>\n<ul style=\"text-align: justify;\">\n<li>Est\u00e1ndares de eficiencia para veh\u00edculos nuevos, implementado en la Ley de Eficiencia Energ\u00e9tica.<\/li>\n<li>Programas de fomento en flotas de alto recorrido.<\/li>\n<li>Reconversi\u00f3n de veh\u00edculos a combusti\u00f3n por el\u00e9ctricos. La reglamentaci\u00f3n se publicar\u00e1 en noviembre para consulta p\u00fablica.<\/li>\n<li>Nuevo proyecto de Ley de Transici\u00f3n Energ\u00e9tica que prontamente ingresar\u00e1 al congreso, el que contempla cuatro temas: Hidr\u00f3geno Verde, Impulso a las Energ\u00edas Renovables, Generaci\u00f3n Distribuida y Electromovilidad. Algunos de los temas que incorporar\u00e1 en la l\u00ednea electromovilidad son la rebaja transitoria en el permiso de circulaci\u00f3n de veh\u00edculos el\u00e9ctricos (VE) para favorecer su compra, y la modificaci\u00f3n a la Ley de Generaci\u00f3n Distribuida para habilitar el vehicle-to-grid que permite a los veh\u00edculos el\u00e9ctricos inyectar energ\u00eda y que \u00e9sta les sea valorizada.<\/li>\n<\/ul>\n<p style=\"text-align: justify;\">Finalmente, el Seremi Amen\u00e1bar destac\u00f3 que \u201ca nivel regional en materia de electromovilidad, esperamos implementar prontamente el programa del Ministerio de Energ\u00eda \u201cMi Taxi El\u00e9ctrico\u201d, que busca dar un apoyo concreto a due\u00f1os de taxis b\u00e1sicos y colectivos, para que puedan cambiar su veh\u00edculo por uno el\u00e9ctrico. Con este instrumento esperamos aportar no s\u00f3lo a disminuir las barreras econ\u00f3micas y tecnol\u00f3gicas del transporte p\u00fablico menor regional para acceder a veh\u00edculos el\u00e9ctricos, sino tambi\u00e9n contribuir a descontaminar nuestras ciudades y hacerlas m\u00e1s silenciosas y limpias\u201d.<\/p>\n<p style=\"text-align: justify;\">La Estrategia de Electromovilidad est\u00e1 disponible en la plataforma de Electromovilidad, centro de informaci\u00f3n abierto a la ciudadan\u00eda <a href=\"http:\/\/www.energia.gob.cl\/electromovilidad\">www.energia.gob.cl\/electromovilidad<\/a>.<\/p>\n<p><strong>\u00a0<\/strong><\/p>\n<\/div><\/section><\/div><div  style='height:50px' class='hr hr-invisible   avia-builder-el-6  el_after_av_one_full  el_before_av_social_share '><span class='hr-inner ' ><span class='hr-inner-style'><\/span><\/span><\/div><\/p>\n<div  class='av-social-sharing-box  avia-builder-el-7  el_after_av_hr  el_before_av_hr  '><div class='av-share-box'><h5 class='av-share-link-description av-no-toc '>Compartir esta noticia<\/h5><ul class='av-share-box-list noLightbox'><li class='av-share-link av-social-link-facebook' ><a target=\"_blank\" aria-label=\"Compartir en Facebook\" href='https:\/\/www.facebook.com\/sharer.php?u=https:\/\/radiorevelacionfm.cl\/?p=9838&#038;t=Seremi%20de%20Energ%C3%ADa%20de%20Ays%C3%A9n%20destaca%20lanzamiento%20de%20la%20Estrategia%20Nacional%20de%20Electromovilidad' aria-hidden='false' data-av_icon='\ue8f3' data-av_iconfont='entypo-fontello' title='' data-avia-related-tooltip='Compartir en Facebook' rel=\"noopener\"><span class='avia_hidden_link_text'>Compartir en Facebook<\/span><\/a><\/li><li class='av-share-link av-social-link-twitter' ><a target=\"_blank\" aria-label=\"Compartir en Twitter\" href='https:\/\/twitter.com\/share?text=Seremi%20de%20Energ%C3%ADa%20de%20Ays%C3%A9n%20destaca%20lanzamiento%20de%20la%20Estrategia%20Nacional%20de%20Electromovilidad&#038;url=https:\/\/radiorevelacionfm.cl\/?p=9838' aria-hidden='false' data-av_icon='\ue8f1' data-av_iconfont='entypo-fontello' title='' data-avia-related-tooltip='Compartir en Twitter' rel=\"noopener\"><span class='avia_hidden_link_text'>Compartir en Twitter<\/span><\/a><\/li><li class='av-share-link av-social-link-whatsapp' ><a target=\"_blank\" aria-label=\"Compartir en Whatsapp\" href='https:\/\/api.whatsapp.com\/send?text=https:\/\/radiorevelacionfm.cl\/?p=9838' aria-hidden='false' data-av_icon='\uf232' data-av_iconfont='entypo-fontello' title='' data-avia-related-tooltip='Compartir en Whatsapp' rel=\"noopener\"><span class='avia_hidden_link_text'>Compartir en Whatsapp<\/span><\/a><\/li><li class='av-share-link av-social-link-linkedin' ><a target=\"_blank\" aria-label=\"Compartir en LinkedIn\" href='https:\/\/linkedin.com\/shareArticle?mini=true&#038;title=Seremi%20de%20Energ%C3%ADa%20de%20Ays%C3%A9n%20destaca%20lanzamiento%20de%20la%20Estrategia%20Nacional%20de%20Electromovilidad&#038;url=https:\/\/radiorevelacionfm.cl\/?p=9838' aria-hidden='false' data-av_icon='\ue8fc' data-av_iconfont='entypo-fontello' title='' data-avia-related-tooltip='Compartir en LinkedIn' rel=\"noopener\"><span class='avia_hidden_link_text'>Compartir en LinkedIn<\/span><\/a><\/li><li class='av-share-link av-social-link-mail' ><a  aria-label=\"Compartir por correo\" href='mailto:?subject=Seremi%20de%20Energ%C3%ADa%20de%20Ays%C3%A9n%20destaca%20lanzamiento%20de%20la%20Estrategia%20Nacional%20de%20Electromovilidad&#038;body=https:\/\/radiorevelacionfm.cl\/?p=9838' aria-hidden='false' data-av_icon='\ue805' data-av_iconfont='entypo-fontello' title='' data-avia-related-tooltip='Compartir por correo'><span class='avia_hidden_link_text'>Compartir por correo<\/span><\/a><\/li><\/ul><\/div><\/div>\n<div  style='height:50px' class='hr hr-invisible   avia-builder-el-8  el_after_av_social_share  el_before_av_comments_list '><span class='hr-inner ' ><span class='hr-inner-style'><\/span><\/span><\/div>\n<div  class='av-buildercomment  av-blog-meta-html-info-disabled av-blog-meta-tag-disabled  '><\/div>\n","protected":false},"excerpt":{"rendered":"","protected":false},"author":1,"featured_media":9839,"comment_status":"open","ping_status":"open","sticky":false,"template":"","format":"standard","meta":{"footnotes":""},"categories":[1],"tags":[],"class_list":["post-9838","post","type-post","status-publish","format-standard","has-post-thumbnail","hentry","category-sin-categoria"],"jetpack_featured_media_url":"https:\/\/radiorevelacionfm.cl\/wp-content\/uploads\/2021\/10\/Electro1-1-1.jpg","_links":{"self":[{"href":"https:\/\/radiorevelacionfm.cl\/index.php?rest_route=\/wp\/v2\/posts\/9838","targetHints":{"allow":["GET"]}}],"collection":[{"href":"https:\/\/radiorevelacionfm.cl\/index.php?rest_route=\/wp\/v2\/posts"}],"about":[{"href":"https:\/\/radiorevelacionfm.cl\/index.php?rest_route=\/wp\/v2\/types\/post"}],"author":[{"embeddable":true,"href":"https:\/\/radiorevelacionfm.cl\/index.php?rest_route=\/wp\/v2\/users\/1"}],"replies":[{"embeddable":true,"href":"https:\/\/radiorevelacionfm.cl\/index.php?rest_route=%2Fwp%2Fv2%2Fcomments&post=9838"}],"version-history":[{"count":3,"href":"https:\/\/radiorevelacionfm.cl\/index.php?rest_route=\/wp\/v2\/posts\/9838\/revisions"}],"predecessor-version":[{"id":9859,"href":"https:\/\/radiorevelacionfm.cl\/index.php?rest_route=\/wp\/v2\/posts\/9838\/revisions\/9859"}],"wp:featuredmedia":[{"embeddable":true,"href":"https:\/\/radiorevelacionfm.cl\/index.php?rest_route=\/wp\/v2\/media\/9839"}],"wp:attachment":[{"href":"https:\/\/radiorevelacionfm.cl\/index.php?rest_route=%2Fwp%2Fv2%2Fmedia&parent=9838"}],"wp:term":[{"taxonomy":"category","embeddable":true,"href":"https:\/\/radiorevelacionfm.cl\/index.php?rest_route=%2Fwp%2Fv2%2Fcategories&post=9838"},{"taxonomy":"post_tag","embeddable":true,"href":"https:\/\/radiorevelacionfm.cl\/index.php?rest_route=%2Fwp%2Fv2%2Ftags&post=9838"}],"curies":[{"name":"wp","href":"https:\/\/api.w.org\/{rel}","templated":true}]}}