{"id":9835,"date":"2021-10-20T11:49:30","date_gmt":"2021-10-20T14:49:30","guid":{"rendered":"https:\/\/radiorevelacionfm.cl\/?p=9835"},"modified":"2021-10-20T11:57:39","modified_gmt":"2021-10-20T14:57:39","slug":"justicia-condena-a-banco-itau-a-indeminizar-a-consumidora-por-mas-de-1-millon-200-mil","status":"publish","type":"post","link":"https:\/\/radiorevelacionfm.cl\/?p=9835","title":{"rendered":"Justicia condena a banco Ita\u00fa a indemnizar a consumidora por m\u00e1s de 1 mill\u00f3n 200 mil"},"content":{"rendered":"<div class=\"flex_column av_one_full  flex_column_div av-zero-column-padding first  avia-builder-el-0  el_before_av_one_full  avia-builder-el-first  \" style='border-radius:0px; '><div  class='avia-image-container  av-styling-    avia-builder-el-1  avia-builder-el-no-sibling  avia-align-center '  itemprop=\"image\" itemscope=\"itemscope\" itemtype=\"https:\/\/schema.org\/ImageObject\"  ><div class='avia-image-container-inner'><div class='avia-image-overlay-wrap'><img decoding=\"async\" class='wp-image-8540 avia-img-lazy-loading-not-8540 avia_image' src=\"https:\/\/radiorevelacionfm.cl\/wp-content\/uploads\/2021\/09\/foto-corte-apelaciones-coyhaique-1_optimized.jpg\" alt='' title='foto-corte-apelaciones-coyhaique-(1)_optimized' height=\"600\" width=\"1078\"  itemprop=\"thumbnailUrl\" srcset=\"https:\/\/radiorevelacionfm.cl\/wp-content\/uploads\/2021\/09\/foto-corte-apelaciones-coyhaique-1_optimized.jpg 1078w, https:\/\/radiorevelacionfm.cl\/wp-content\/uploads\/2021\/09\/foto-corte-apelaciones-coyhaique-1_optimized-300x167.jpg 300w, https:\/\/radiorevelacionfm.cl\/wp-content\/uploads\/2021\/09\/foto-corte-apelaciones-coyhaique-1_optimized-1030x573.jpg 1030w, https:\/\/radiorevelacionfm.cl\/wp-content\/uploads\/2021\/09\/foto-corte-apelaciones-coyhaique-1_optimized-768x427.jpg 768w, https:\/\/radiorevelacionfm.cl\/wp-content\/uploads\/2021\/09\/foto-corte-apelaciones-coyhaique-1_optimized-705x392.jpg 705w, https:\/\/radiorevelacionfm.cl\/wp-content\/uploads\/2021\/09\/foto-corte-apelaciones-coyhaique-1_optimized-600x334.jpg 600w\" sizes=\"(max-width: 1078px) 100vw, 1078px\" \/><\/div><\/div><\/div><\/div>\n<div class=\"flex_column av_one_full  flex_column_div av-zero-column-padding first  avia-builder-el-2  el_after_av_one_full  el_before_av_one_full  column-top-margin\" style='border-radius:0px; '><section class=\"av_textblock_section \"  itemscope=\"itemscope\" itemtype=\"https:\/\/schema.org\/BlogPosting\" itemprop=\"blogPost\" ><div class='avia_textblock  '   itemprop=\"text\" ><p style=\"text-align: center;\"><strong><span style=\"font-size: 18pt;\">Justicia condena a banco Ita\u00fa a indemnizar a consumidora por m\u00e1s de 1 mill\u00f3n 200 mil<\/span><\/strong><\/p>\n<div id=\"gtx-trans\" style=\"position: absolute; left: -50px; top: 4.31534px;\">\n<div class=\"gtx-trans-icon\"><\/div>\n<\/div>\n<\/div><\/section><\/div><div class=\"flex_column av_one_full  flex_column_div av-zero-column-padding first  avia-builder-el-4  el_after_av_one_full  el_before_av_hr  column-top-margin\" style='border-radius:0px; '><section class=\"av_textblock_section \"  itemscope=\"itemscope\" itemtype=\"https:\/\/schema.org\/BlogPosting\" itemprop=\"blogPost\" ><div class='avia_textblock  '   itemprop=\"text\" ><p style=\"text-align: justify;\">La Corte de Apelaciones de la ciudad de Coyhaique, tras confirmar fallo de primera instancia, conden\u00f3 al banco Ita\u00fa al pago de una indemnizaci\u00f3n total de $1.262.070, por no respetar la p\u00f3liza de un seguro de cesant\u00eda y vida contratado por una consumidora al contratar un cr\u00e9dito de consumo.<\/p>\n<p style=\"text-align: justify;\">Los hechos ocurrieron en septiembre del a\u00f1o 2016 cuando la consumidora contrato un cr\u00e9dito de consumo por la suma de $3.910.080, que inclu\u00eda dos seguros asociados: uno denominado \u201cseguro de vida adulto\u201d por una prima de $329.620; y otro de \u201ccesant\u00eda\u201d, por una prima de $168.681.<\/p>\n<p style=\"text-align: justify;\">En el a\u00f1o 2019, al ser despedida de su trabajo, la consumidora quiso hacer efectivo su seguro de cesant\u00eda, pero la entidad bancaria se neg\u00f3 porque no contaba con finiquito para acreditar el t\u00e9rmino de la relaci\u00f3n laboral.<\/p>\n<p style=\"text-align: justify;\">Ante dicha situaci\u00f3n, la afectada demand\u00f3 laboralmente a su empleador para que se declarara injustificado el t\u00e9rmino de la relaci\u00f3n laboral. Una vez que obtuvo la sentencia, la present\u00f3 ante el banco con el prop\u00f3sito de cobrar los seguros. No obstante, nuevamente la entidad financiera se rehus\u00f3 a pagar los seguros.<\/p>\n<p style=\"text-align: justify;\">Ante este escenario, la consumidora present\u00f3 un reclamo ante el SERNAC y posteriormente interpuso una demanda civil de indemnizaci\u00f3n de perjuicios. Paralelamente, el Servicio denunci\u00f3 a la instituci\u00f3n financiera ante la Juzgado de Polic\u00eda Local de la ciudad de Coyhaique.<\/p>\n<p style=\"text-align: justify;\">Ante la justicia, la entidad financiera se\u00f1al\u00f3 que cumpli\u00f3 con todas las obligaciones legales y que era de la empresa de Seguros Cardif la responsable de responder respecto de los seguros contratados por la consumidora.<\/p>\n<p style=\"text-align: justify;\">Finalmente, le Juzgado de Polic\u00eda Local conden\u00f3 al Banco Ita\u00fa por haber infringido la Ley del Consumidor. Tras dicha sentencia, tanto el SERNAC como la empresa apelaron ante la Corte de Apelaciones de Coyhaique.<\/p>\n<p style=\"text-align: justify;\">Tras analizar los antecedentes, el tribunal de alzada ratific\u00f3 el fallo, estableciendo que Banco Ita\u00fa no respet\u00f3 el derecho de la consumidora a recibir informaci\u00f3n veraz y oportuna, por no respetar los t\u00e9rminos y condiciones del contrato, incumplir sus obligaciones y prestar un servicio negligente.<\/p>\n<p style=\"text-align: justify;\">Finalmente, la Corte de Apelaciones conden\u00f3 a la instituci\u00f3n financiera al pago de una indemnizaci\u00f3n de $500.000 por da\u00f1o moral y $762.070 por da\u00f1o material, es decir, conden\u00f3 al pago de una compensaci\u00f3n total de $1.262.070 en beneficio de la consumidora. Adem\u00e1s, le aplic\u00f3 una multa de 15 Unidades tributarias Mensuales (UTM), esto es, alrededor de $790.000 por infringir la normativa legal.<\/p>\n<p style=\"text-align: justify;\">La Directora Regional del SERNAC, Mar\u00eda Francisca Ortiz, explic\u00f3 que este fallo de la justicia confirma que las empresas aseguradoras tienen que ser profesionales y deben entregar a los consumidores toda la informaci\u00f3n sobre las condiciones relevantes del contrato para que no existan posteriormente dobles lecturas, debiendo respetar lo acordado. Adem\u00e1s, deben enviar la p\u00f3liza a fin que el consumidor se informe adecuadamente.<\/p>\n<p style=\"text-align: justify;\">La autoridad regional agreg\u00f3 adem\u00e1s que es muy importante que los consumidores exijan su p\u00f3liza, la lean y se informen de las condiciones particulares y generales, en especial de las coberturas y de las exclusiones, que son aquellos aspectos que no va a cubrir el seguro.<\/p>\n<\/div><\/section><\/div><\/p>\n<div  style='height:50px' class='hr hr-invisible   avia-builder-el-6  el_after_av_one_full  el_before_av_social_share '><span class='hr-inner ' ><span class='hr-inner-style'><\/span><\/span><\/div>\n<div  class='av-social-sharing-box  avia-builder-el-7  el_after_av_hr  el_before_av_hr  '><div class='av-share-box'><h5 class='av-share-link-description av-no-toc '>Compartir esta noticia<\/h5><ul class='av-share-box-list noLightbox'><li class='av-share-link av-social-link-facebook' ><a target=\"_blank\" aria-label=\"Compartir en Facebook\" href='https:\/\/www.facebook.com\/sharer.php?u=https:\/\/radiorevelacionfm.cl\/?p=9835&#038;t=Justicia%20condena%20a%20banco%20Ita%C3%BA%20a%20indemnizar%20a%20consumidora%20por%20m%C3%A1s%20de%201%20mill%C3%B3n%20200%20mil' aria-hidden='false' data-av_icon='\ue8f3' data-av_iconfont='entypo-fontello' title='' data-avia-related-tooltip='Compartir en Facebook' rel=\"noopener\"><span class='avia_hidden_link_text'>Compartir en Facebook<\/span><\/a><\/li><li class='av-share-link av-social-link-twitter' ><a target=\"_blank\" aria-label=\"Compartir en Twitter\" href='https:\/\/twitter.com\/share?text=Justicia%20condena%20a%20banco%20Ita%C3%BA%20a%20indemnizar%20a%20consumidora%20por%20m%C3%A1s%20de%201%20mill%C3%B3n%20200%20mil&#038;url=https:\/\/radiorevelacionfm.cl\/?p=9835' aria-hidden='false' data-av_icon='\ue8f1' data-av_iconfont='entypo-fontello' title='' data-avia-related-tooltip='Compartir en Twitter' rel=\"noopener\"><span class='avia_hidden_link_text'>Compartir en Twitter<\/span><\/a><\/li><li class='av-share-link av-social-link-whatsapp' ><a target=\"_blank\" aria-label=\"Compartir en Whatsapp\" href='https:\/\/api.whatsapp.com\/send?text=https:\/\/radiorevelacionfm.cl\/?p=9835' aria-hidden='false' data-av_icon='\uf232' data-av_iconfont='entypo-fontello' title='' data-avia-related-tooltip='Compartir en Whatsapp' rel=\"noopener\"><span class='avia_hidden_link_text'>Compartir en Whatsapp<\/span><\/a><\/li><li class='av-share-link av-social-link-linkedin' ><a target=\"_blank\" aria-label=\"Compartir en LinkedIn\" href='https:\/\/linkedin.com\/shareArticle?mini=true&#038;title=Justicia%20condena%20a%20banco%20Ita%C3%BA%20a%20indemnizar%20a%20consumidora%20por%20m%C3%A1s%20de%201%20mill%C3%B3n%20200%20mil&#038;url=https:\/\/radiorevelacionfm.cl\/?p=9835' aria-hidden='false' data-av_icon='\ue8fc' data-av_iconfont='entypo-fontello' title='' data-avia-related-tooltip='Compartir en LinkedIn' rel=\"noopener\"><span class='avia_hidden_link_text'>Compartir en LinkedIn<\/span><\/a><\/li><li class='av-share-link av-social-link-mail' ><a  aria-label=\"Compartir por correo\" href='mailto:?subject=Justicia%20condena%20a%20banco%20Ita%C3%BA%20a%20indemnizar%20a%20consumidora%20por%20m%C3%A1s%20de%201%20mill%C3%B3n%20200%20mil&#038;body=https:\/\/radiorevelacionfm.cl\/?p=9835' aria-hidden='false' data-av_icon='\ue805' data-av_iconfont='entypo-fontello' title='' data-avia-related-tooltip='Compartir por correo'><span class='avia_hidden_link_text'>Compartir por correo<\/span><\/a><\/li><\/ul><\/div><\/div>\n<div  style='height:50px' class='hr hr-invisible   avia-builder-el-8  el_after_av_social_share  el_before_av_comments_list '><span class='hr-inner ' ><span class='hr-inner-style'><\/span><\/span><\/div>\n<div  class='av-buildercomment  av-blog-meta-html-info-disabled av-blog-meta-tag-disabled  '><\/div>\n","protected":false},"excerpt":{"rendered":"","protected":false},"author":1,"featured_media":8540,"comment_status":"open","ping_status":"open","sticky":false,"template":"","format":"standard","meta":{"footnotes":""},"categories":[55],"tags":[],"class_list":["post-9835","post","type-post","status-publish","format-standard","has-post-thumbnail","hentry","category-justicia"],"jetpack_featured_media_url":"https:\/\/radiorevelacionfm.cl\/wp-content\/uploads\/2021\/09\/foto-corte-apelaciones-coyhaique-1_optimized.jpg","_links":{"self":[{"href":"https:\/\/radiorevelacionfm.cl\/index.php?rest_route=\/wp\/v2\/posts\/9835","targetHints":{"allow":["GET"]}}],"collection":[{"href":"https:\/\/radiorevelacionfm.cl\/index.php?rest_route=\/wp\/v2\/posts"}],"about":[{"href":"https:\/\/radiorevelacionfm.cl\/index.php?rest_route=\/wp\/v2\/types\/post"}],"author":[{"embeddable":true,"href":"https:\/\/radiorevelacionfm.cl\/index.php?rest_route=\/wp\/v2\/users\/1"}],"replies":[{"embeddable":true,"href":"https:\/\/radiorevelacionfm.cl\/index.php?rest_route=%2Fwp%2Fv2%2Fcomments&post=9835"}],"version-history":[{"count":2,"href":"https:\/\/radiorevelacionfm.cl\/index.php?rest_route=\/wp\/v2\/posts\/9835\/revisions"}],"predecessor-version":[{"id":9837,"href":"https:\/\/radiorevelacionfm.cl\/index.php?rest_route=\/wp\/v2\/posts\/9835\/revisions\/9837"}],"wp:featuredmedia":[{"embeddable":true,"href":"https:\/\/radiorevelacionfm.cl\/index.php?rest_route=\/wp\/v2\/media\/8540"}],"wp:attachment":[{"href":"https:\/\/radiorevelacionfm.cl\/index.php?rest_route=%2Fwp%2Fv2%2Fmedia&parent=9835"}],"wp:term":[{"taxonomy":"category","embeddable":true,"href":"https:\/\/radiorevelacionfm.cl\/index.php?rest_route=%2Fwp%2Fv2%2Fcategories&post=9835"},{"taxonomy":"post_tag","embeddable":true,"href":"https:\/\/radiorevelacionfm.cl\/index.php?rest_route=%2Fwp%2Fv2%2Ftags&post=9835"}],"curies":[{"name":"wp","href":"https:\/\/api.w.org\/{rel}","templated":true}]}}