{"id":9832,"date":"2021-10-20T15:02:15","date_gmt":"2021-10-20T18:02:15","guid":{"rendered":"https:\/\/radiorevelacionfm.cl\/?p=9832"},"modified":"2021-10-20T15:02:15","modified_gmt":"2021-10-20T18:02:15","slug":"gobernadora-regional-junto-a-subsecretaria-de-desarrollo-regional-abordan-urgencias-de-la-region","status":"publish","type":"post","link":"https:\/\/radiorevelacionfm.cl\/?p=9832","title":{"rendered":"Gobernadora Regional junto a Subsecretar\u00eda de Desarrollo Regional abordan urgencias de la regi\u00f3n"},"content":{"rendered":"<div class=\"flex_column av_one_full  flex_column_div av-zero-column-padding first  avia-builder-el-0  el_before_av_one_full  avia-builder-el-first  \" style='border-radius:0px; '><div  class='avia-image-container  av-styling-    avia-builder-el-1  avia-builder-el-no-sibling  avia-align-center '  itemprop=\"image\" itemscope=\"itemscope\" itemtype=\"https:\/\/schema.org\/ImageObject\"  ><div class='avia-image-container-inner'><div class='avia-image-overlay-wrap'><img decoding=\"async\" class='wp-image-9833 avia-img-lazy-loading-not-9833 avia_image' src=\"https:\/\/radiorevelacionfm.cl\/wp-content\/uploads\/2021\/10\/Foto-2-3a-1-1.jpg\" alt='' title='Foto 2 (3)a (1) (1)' height=\"600\" width=\"1146\"  itemprop=\"thumbnailUrl\" srcset=\"https:\/\/radiorevelacionfm.cl\/wp-content\/uploads\/2021\/10\/Foto-2-3a-1-1.jpg 1146w, https:\/\/radiorevelacionfm.cl\/wp-content\/uploads\/2021\/10\/Foto-2-3a-1-1-300x157.jpg 300w, https:\/\/radiorevelacionfm.cl\/wp-content\/uploads\/2021\/10\/Foto-2-3a-1-1-1030x539.jpg 1030w, https:\/\/radiorevelacionfm.cl\/wp-content\/uploads\/2021\/10\/Foto-2-3a-1-1-768x402.jpg 768w, https:\/\/radiorevelacionfm.cl\/wp-content\/uploads\/2021\/10\/Foto-2-3a-1-1-705x369.jpg 705w, https:\/\/radiorevelacionfm.cl\/wp-content\/uploads\/2021\/10\/Foto-2-3a-1-1-600x314.jpg 600w\" sizes=\"(max-width: 1146px) 100vw, 1146px\" \/><\/div><\/div><\/div><\/div><div class=\"flex_column av_one_full  flex_column_div av-zero-column-padding first  avia-builder-el-2  el_after_av_one_full  el_before_av_one_full  column-top-margin\" style='border-radius:0px; '><section class=\"av_textblock_section \"  itemscope=\"itemscope\" itemtype=\"https:\/\/schema.org\/BlogPosting\" itemprop=\"blogPost\" ><div class='avia_textblock  '   itemprop=\"text\" ><p style=\"text-align: center;\"><span style=\"font-size: 18pt;\"><b>Gobernadora Regional junto a Subsecretar\u00eda de Desarrollo Regional abordan urgencias de la regi\u00f3n<\/b><\/span><\/p>\n<div id=\"gtx-trans\" style=\"position: absolute; left: -50px; top: 4.31534px;\">\n<div class=\"gtx-trans-icon\"><\/div>\n<\/div>\n<\/div><\/section><\/div><div class=\"flex_column av_one_full  flex_column_div av-zero-column-padding first  avia-builder-el-4  el_after_av_one_full  el_before_av_hr  column-top-margin\" style='border-radius:0px; '><section class=\"av_textblock_section \"  itemscope=\"itemscope\" itemtype=\"https:\/\/schema.org\/BlogPosting\" itemprop=\"blogPost\" ><div class='avia_textblock  '   itemprop=\"text\" ><p style=\"text-align: justify;\">En reuni\u00f3n sostenida en Santiago, la m\u00e1xima autoridad regional convers\u00f3 con la Subsecretaria Mar\u00eda Paz Troncoso de la Subsecretar\u00eda de Desarrollo Regional (SUBDERE) donde abordaron temas de inter\u00e9s regional que tienen que ver con iniciativas que, en un primer minuto, ten\u00edan compromiso de financiamiento con algunas provisiones de SUBDERE.<\/p>\n<p style=\"text-align: justify;\">Para la Gobernadora Regional Andrea Mac\u00edas Palma, el v\u00ednculo entre ambas instituciones es fundamental. \u00abPorque es este servicio el que trabaja en apoyo directo con las regiones y con las distintas comunas. Hay un trabajo importante que realizar con los Municipios al que nos sumaremos como Gobierno Regional, buscando siempre las mejores v\u00edas de financiamiento para seguir avanzando con todas las inversiones proyectadas\u00bb, afirm\u00f3.<\/p>\n<p style=\"text-align: justify;\">Entre las tem\u00e1ticas abordadas se convers\u00f3 sobre el estado de proyectos como el alcantarillado de Villa Amengual, la costanera de R\u00edo Tranquilo, la infraestructura de la Universidad de Ays\u00e9n, entre otros.<\/p>\n<p style=\"text-align: justify;\">Fue la Subsecretaria Troncoso, que tambi\u00e9n reforz\u00f3 el v\u00ednculo entre ambas instituciones. \u00abAgradecer la visita, porque para nosotros como Subsecretar\u00eda queremos colaborar con los desaf\u00edos que tiene la regi\u00f3n de Ays\u00e9n, no s\u00f3lo en cuanto a las inversiones sino tambi\u00e9n en el fortalecimiento de equipos. Atendiendo las necesidades de las distintas comunidades que se encuentran apartadas en la regi\u00f3n\u00bb, dijo.<\/p>\n<p style=\"text-align: justify;\">Al final de la reuni\u00f3n, tambi\u00e9n se abord\u00f3 la solicitud de creaci\u00f3n de nuevas comunas de la regi\u00f3n. \u00abPor otra parte estamos viendo con la metodolog\u00eda de creaci\u00f3n de nuevas comunas para nuestra regi\u00f3n que se hab\u00edan solicitado. Dicha metodolog\u00eda se comprometi\u00f3 a avanzar y es compromiso de la SUBDERE dejarla lista antes de cesar en los respectivos cargos de esta administraci\u00f3n\u00bb, sostuvo la Gobernadora Mac\u00edas.<\/p>\n<\/div><\/section><\/div><div  style='height:50px' class='hr hr-invisible   avia-builder-el-6  el_after_av_one_full  el_before_av_social_share '><span class='hr-inner ' ><span class='hr-inner-style'><\/span><\/span><\/div><\/p>\n<div  class='av-social-sharing-box  avia-builder-el-7  el_after_av_hr  el_before_av_hr  '><div class='av-share-box'><h5 class='av-share-link-description av-no-toc '>Compartir esta noticia<\/h5><ul class='av-share-box-list noLightbox'><li class='av-share-link av-social-link-facebook' ><a target=\"_blank\" aria-label=\"Compartir en Facebook\" href='https:\/\/www.facebook.com\/sharer.php?u=https:\/\/radiorevelacionfm.cl\/?p=9832&#038;t=Gobernadora%20Regional%20junto%20a%20Subsecretar%C3%ADa%20de%20Desarrollo%20Regional%20abordan%20urgencias%20de%20la%20regi%C3%B3n' aria-hidden='false' data-av_icon='\ue8f3' data-av_iconfont='entypo-fontello' title='' data-avia-related-tooltip='Compartir en Facebook' rel=\"noopener\"><span class='avia_hidden_link_text'>Compartir en Facebook<\/span><\/a><\/li><li class='av-share-link av-social-link-twitter' ><a target=\"_blank\" aria-label=\"Compartir en Twitter\" href='https:\/\/twitter.com\/share?text=Gobernadora%20Regional%20junto%20a%20Subsecretar%C3%ADa%20de%20Desarrollo%20Regional%20abordan%20urgencias%20de%20la%20regi%C3%B3n&#038;url=https:\/\/radiorevelacionfm.cl\/?p=9832' aria-hidden='false' data-av_icon='\ue8f1' data-av_iconfont='entypo-fontello' title='' data-avia-related-tooltip='Compartir en Twitter' rel=\"noopener\"><span class='avia_hidden_link_text'>Compartir en Twitter<\/span><\/a><\/li><li class='av-share-link av-social-link-whatsapp' ><a target=\"_blank\" aria-label=\"Compartir en Whatsapp\" href='https:\/\/api.whatsapp.com\/send?text=https:\/\/radiorevelacionfm.cl\/?p=9832' aria-hidden='false' data-av_icon='\uf232' data-av_iconfont='entypo-fontello' title='' data-avia-related-tooltip='Compartir en Whatsapp' rel=\"noopener\"><span class='avia_hidden_link_text'>Compartir en Whatsapp<\/span><\/a><\/li><li class='av-share-link av-social-link-linkedin' ><a target=\"_blank\" aria-label=\"Compartir en LinkedIn\" href='https:\/\/linkedin.com\/shareArticle?mini=true&#038;title=Gobernadora%20Regional%20junto%20a%20Subsecretar%C3%ADa%20de%20Desarrollo%20Regional%20abordan%20urgencias%20de%20la%20regi%C3%B3n&#038;url=https:\/\/radiorevelacionfm.cl\/?p=9832' aria-hidden='false' data-av_icon='\ue8fc' data-av_iconfont='entypo-fontello' title='' data-avia-related-tooltip='Compartir en LinkedIn' rel=\"noopener\"><span class='avia_hidden_link_text'>Compartir en LinkedIn<\/span><\/a><\/li><li class='av-share-link av-social-link-mail' ><a  aria-label=\"Compartir por correo\" href='mailto:?subject=Gobernadora%20Regional%20junto%20a%20Subsecretar%C3%ADa%20de%20Desarrollo%20Regional%20abordan%20urgencias%20de%20la%20regi%C3%B3n&#038;body=https:\/\/radiorevelacionfm.cl\/?p=9832' aria-hidden='false' data-av_icon='\ue805' data-av_iconfont='entypo-fontello' title='' data-avia-related-tooltip='Compartir por correo'><span class='avia_hidden_link_text'>Compartir por correo<\/span><\/a><\/li><\/ul><\/div><\/div>\n<div  style='height:50px' class='hr hr-invisible   avia-builder-el-8  el_after_av_social_share  el_before_av_comments_list '><span class='hr-inner ' ><span class='hr-inner-style'><\/span><\/span><\/div>\n<div  class='av-buildercomment  av-blog-meta-html-info-disabled av-blog-meta-tag-disabled  '><\/div>\n","protected":false},"excerpt":{"rendered":"","protected":false},"author":1,"featured_media":9833,"comment_status":"open","ping_status":"open","sticky":false,"template":"","format":"standard","meta":{"footnotes":""},"categories":[38],"tags":[],"class_list":["post-9832","post","type-post","status-publish","format-standard","has-post-thumbnail","hentry","category-regional"],"jetpack_featured_media_url":"https:\/\/radiorevelacionfm.cl\/wp-content\/uploads\/2021\/10\/Foto-2-3a-1-1.jpg","_links":{"self":[{"href":"https:\/\/radiorevelacionfm.cl\/index.php?rest_route=\/wp\/v2\/posts\/9832","targetHints":{"allow":["GET"]}}],"collection":[{"href":"https:\/\/radiorevelacionfm.cl\/index.php?rest_route=\/wp\/v2\/posts"}],"about":[{"href":"https:\/\/radiorevelacionfm.cl\/index.php?rest_route=\/wp\/v2\/types\/post"}],"author":[{"embeddable":true,"href":"https:\/\/radiorevelacionfm.cl\/index.php?rest_route=\/wp\/v2\/users\/1"}],"replies":[{"embeddable":true,"href":"https:\/\/radiorevelacionfm.cl\/index.php?rest_route=%2Fwp%2Fv2%2Fcomments&post=9832"}],"version-history":[{"count":1,"href":"https:\/\/radiorevelacionfm.cl\/index.php?rest_route=\/wp\/v2\/posts\/9832\/revisions"}],"predecessor-version":[{"id":9834,"href":"https:\/\/radiorevelacionfm.cl\/index.php?rest_route=\/wp\/v2\/posts\/9832\/revisions\/9834"}],"wp:featuredmedia":[{"embeddable":true,"href":"https:\/\/radiorevelacionfm.cl\/index.php?rest_route=\/wp\/v2\/media\/9833"}],"wp:attachment":[{"href":"https:\/\/radiorevelacionfm.cl\/index.php?rest_route=%2Fwp%2Fv2%2Fmedia&parent=9832"}],"wp:term":[{"taxonomy":"category","embeddable":true,"href":"https:\/\/radiorevelacionfm.cl\/index.php?rest_route=%2Fwp%2Fv2%2Fcategories&post=9832"},{"taxonomy":"post_tag","embeddable":true,"href":"https:\/\/radiorevelacionfm.cl\/index.php?rest_route=%2Fwp%2Fv2%2Ftags&post=9832"}],"curies":[{"name":"wp","href":"https:\/\/api.w.org\/{rel}","templated":true}]}}