{"id":9827,"date":"2021-10-20T11:05:02","date_gmt":"2021-10-20T14:05:02","guid":{"rendered":"https:\/\/radiorevelacionfm.cl\/?p=9827"},"modified":"2021-10-20T11:05:02","modified_gmt":"2021-10-20T14:05:02","slug":"presidenta-de-la-corte-de-coyhaique-visito-tribunales-de-la-zona-sur-de-aysen","status":"publish","type":"post","link":"https:\/\/radiorevelacionfm.cl\/?p=9827","title":{"rendered":"Presidenta de la Corte de Coyhaique visit\u00f3 tribunales de la zona sur de Ays\u00e9n"},"content":{"rendered":"<div class=\"flex_column av_one_full  flex_column_div av-zero-column-padding first  avia-builder-el-0  el_before_av_one_full  avia-builder-el-first  \" style='border-radius:0px; '><div  class='avia-image-container  av-styling-    avia-builder-el-1  avia-builder-el-no-sibling  avia-align-center '  itemprop=\"image\" itemscope=\"itemscope\" itemtype=\"https:\/\/schema.org\/ImageObject\"  ><div class='avia-image-container-inner'><div class='avia-image-overlay-wrap'><img decoding=\"async\" class='wp-image-9828 avia-img-lazy-loading-not-9828 avia_image' src=\"https:\/\/radiorevelacionfm.cl\/wp-content\/uploads\/2021\/10\/DIA6482-1-1.jpg\" alt='' title='_DIA6482 (1) (1)' height=\"600\" width=\"900\"  itemprop=\"thumbnailUrl\" srcset=\"https:\/\/radiorevelacionfm.cl\/wp-content\/uploads\/2021\/10\/DIA6482-1-1.jpg 900w, https:\/\/radiorevelacionfm.cl\/wp-content\/uploads\/2021\/10\/DIA6482-1-1-300x200.jpg 300w, https:\/\/radiorevelacionfm.cl\/wp-content\/uploads\/2021\/10\/DIA6482-1-1-768x512.jpg 768w, https:\/\/radiorevelacionfm.cl\/wp-content\/uploads\/2021\/10\/DIA6482-1-1-705x470.jpg 705w, https:\/\/radiorevelacionfm.cl\/wp-content\/uploads\/2021\/10\/DIA6482-1-1-600x400.jpg 600w\" sizes=\"(max-width: 900px) 100vw, 900px\" \/><\/div><\/div><\/div><\/div><div class=\"flex_column av_one_full  flex_column_div av-zero-column-padding first  avia-builder-el-2  el_after_av_one_full  el_before_av_one_full  column-top-margin\" style='border-radius:0px; '><section class=\"av_textblock_section \"  itemscope=\"itemscope\" itemtype=\"https:\/\/schema.org\/BlogPosting\" itemprop=\"blogPost\" ><div class='avia_textblock  '   itemprop=\"text\" ><p style=\"text-align: center;\"><strong><span style=\"font-size: 18pt;\">Presidenta de la Corte de Coyhaique visit\u00f3 tribunales de la zona sur de Ays\u00e9n<\/span><\/strong><\/p>\n<div id=\"gtx-trans\" style=\"position: absolute; left: -50px; top: 4.31534px;\">\n<div class=\"gtx-trans-icon\"><\/div>\n<\/div>\n<\/div><\/section><\/div><div class=\"flex_column av_one_full  flex_column_div av-zero-column-padding first  avia-builder-el-4  el_after_av_one_full  el_before_av_hr  column-top-margin\" style='border-radius:0px; '><section class=\"av_textblock_section \"  itemscope=\"itemscope\" itemtype=\"https:\/\/schema.org\/BlogPosting\" itemprop=\"blogPost\" ><div class='avia_textblock  '   itemprop=\"text\" ><p class=\"v1MsoNormal\" style=\"text-align: justify;\"><span lang=\"ES-TRAD\">La presidenta de la Corte de Apelaciones de Coyhaique, Natalia Rencoret Oliva, visit\u00f3 los juzgados de Cochrane y Chile Chico para ver en terreno su funcionamiento y el regreso progresivo a la presencialidad en periodo de pandemia. Adem\u00e1s, se reuni\u00f3 con alcaldes, delegados provinciales, jueces de polic\u00eda local, notarios, Carabineros, Gendarmer\u00eda y medios de comunicaci\u00f3n.<\/span><\/p>\n<p class=\"v1MsoNormal\" style=\"text-align: justify;\"><span lang=\"ES-TRAD\">La visita -desarrollada entre el 12 y el 15 de octubre- adem\u00e1s tuvo por objetivo hacer una revisi\u00f3n de ambos tribunales respecto a las tramitaciones de causas, sus necesidades y problem\u00e1ticas.<\/span><\/p>\n<p class=\"v1MsoNormal\" style=\"text-align: justify;\"><span lang=\"ES-TRAD\">\u00abEste recorrido por los tribunales del sur, obedece en primer lugar a mi inter\u00e9s por conocer in situ la realidad de los juzgados atendida su fisonom\u00eda y geograf\u00eda de dif\u00edcil acceso y adem\u00e1s interiorizarme del trabajo en pandemia que ha significado para nosotros un reacomodo en los medios tecnol\u00f3gicos de comunicaci\u00f3n con los usuarios y los intervinientes. Lo que ha generado una continuidad del servicio judicial, ya que no hemos dejado de atender y de resolver los conflictos que se nos presentan desde el inicio de la pandemia\u00bb, sostuvo Natalia Rencoret.<\/span><\/p>\n<p class=\"v1MsoNormal\" style=\"text-align: justify;\"><span lang=\"ES-TRAD\">La ministra agreg\u00f3 que: \u00abse ha constatado, en general, un buen trabajo de ambos tribunales, con mucha conciencia de que est\u00e1n en un lugar muy particular donde el impacto de la administraci\u00f3n de justicia para la vida de las personas es muy relevante\u00bb.<\/span><\/p>\n<p class=\"v1MsoNormal\" style=\"text-align: justify;\"><b><span lang=\"ES-TRAD\">Atenci\u00f3n de p\u00fablico y labor jurisdiccional<\/span><\/b><\/p>\n<p class=\"v1MsoNormal\" style=\"text-align: justify;\"><span lang=\"ES-TRAD\">Sobre el trabajo en pandemia, la jueza titular del Juzgado de Letras, Garant\u00eda y Familia de Cochrane, Javiera Alarc\u00f3n expres\u00f3 que: \u00abnuestro foco de atenci\u00f3n va a seguir siendo el priorizar la atenci\u00f3n a las personas para seguir recibiendo sus consultas urgentes como tambi\u00e9n las orientaciones que en general surgen durante el trabajo que significa administrar justicia. Fundamentalmente en casos de denuncias por violencia intrafamiliar, respecto de medidas de protecci\u00f3n en caso de vulneraci\u00f3n de derechos de ni\u00f1os, ni\u00f1as y adolescentes y situaciones que por su urgencia requieran por ejemplo pautas de evaluaci\u00f3n de riesgos, y la adopci\u00f3n de medidas cautelares en forma inmediata\u00bb.<\/span><\/p>\n<p class=\"v1MsoNormal\" style=\"text-align: justify;\"><span lang=\"ES-TRAD\">Por su parte, Guillermo Frene, magistrado del Juzgado de Letras, Garant\u00eda y Familia de Chile Chico, indic\u00f3 que: \u00abEstamos atendiendo a la poblaci\u00f3n de Chile Chico y de la provincia de manera regular desde hace bastante tiempo con nuestro tribunal abierto para las personas que lo necesiten y tambi\u00e9n a trav\u00e9s de medios telem\u00e1ticos. Ello, ha facilitado en gran medida la realizaci\u00f3n de audiencias en especial para llegar a las personas que tienen dificultades de desplazamiento y que viven en localidades aisladas y tambi\u00e9n hemos ayudado a los usuarios que no tienen los medios de comunicaci\u00f3n adecuados para poder participar de una audiencia a trav\u00e9s de medios digitales\u00bb.<\/span><\/p>\n<p class=\"v1MsoNormal\" style=\"text-align: justify;\"><span lang=\"ES-TRAD\">En la actualidad los juzgados de Cochrane y Chile Chico est\u00e1n atendiendo de manera presencial desde las 08.00 a 14.00 horas, con todos los resguardos sanitarios indicados por la autoridad.<\/span><\/p>\n<p class=\"v1MsoNormal\" style=\"text-align: justify;\"><b><span lang=\"ES-TRAD\">V\u00ednculo con la comunidad<\/span><\/b><\/p>\n<p class=\"v1MsoNormal\" style=\"text-align: justify;\"><span lang=\"ES-TRAD\">En su visita por los tribunales m\u00e1s extremos de Ays\u00e9n, la ministra sostuvo encuentros con diversas autoridades locales para conocer su parecer respecto del trabajo jurisdiccional. As\u00ed tambi\u00e9n, visit\u00f3 los Centros de Cumplimiento Penitenciarios para conversar con sus respectivos alcaides y conocer la realidad de los internos y su estado de salud dada la pandemia.<\/span><\/p>\n<p class=\"v1MsoNormal\" style=\"text-align: justify;\"><span lang=\"ES-TRAD\">De igual manera y con el objetivo de informar a las comunidades de Chile Chico y Cochrane, la ministra Rencoret estuvo presente en tres medios de comunicaci\u00f3n de car\u00e1cter radial para transmitir el funcionamiento de los tribunales, el motivo de su visita y referirse a tem\u00e1ticas de contingencia como la Ley que crea el registro nacional de deudores de alimentos y la Ley de monitoreo telem\u00e1tico en causas de violencia intrafamiliar.<\/span><\/p>\n<\/div><\/section><\/div><div  style='height:50px' class='hr hr-invisible   avia-builder-el-6  el_after_av_one_full  el_before_av_social_share '><span class='hr-inner ' ><span class='hr-inner-style'><\/span><\/span><\/div><\/p>\n<div  class='av-social-sharing-box  avia-builder-el-7  el_after_av_hr  el_before_av_hr  '><div class='av-share-box'><h5 class='av-share-link-description av-no-toc '>Compartir esta noticia<\/h5><ul class='av-share-box-list noLightbox'><li class='av-share-link av-social-link-facebook' ><a target=\"_blank\" aria-label=\"Compartir en Facebook\" href='https:\/\/www.facebook.com\/sharer.php?u=https:\/\/radiorevelacionfm.cl\/?p=9827&#038;t=Presidenta%20de%20la%20Corte%20de%20Coyhaique%20visit%C3%B3%20tribunales%20de%20la%20zona%20sur%20de%20Ays%C3%A9n' aria-hidden='false' data-av_icon='\ue8f3' data-av_iconfont='entypo-fontello' title='' data-avia-related-tooltip='Compartir en Facebook' rel=\"noopener\"><span class='avia_hidden_link_text'>Compartir en Facebook<\/span><\/a><\/li><li class='av-share-link av-social-link-twitter' ><a target=\"_blank\" aria-label=\"Compartir en Twitter\" href='https:\/\/twitter.com\/share?text=Presidenta%20de%20la%20Corte%20de%20Coyhaique%20visit%C3%B3%20tribunales%20de%20la%20zona%20sur%20de%20Ays%C3%A9n&#038;url=https:\/\/radiorevelacionfm.cl\/?p=9827' aria-hidden='false' data-av_icon='\ue8f1' data-av_iconfont='entypo-fontello' title='' data-avia-related-tooltip='Compartir en Twitter' rel=\"noopener\"><span class='avia_hidden_link_text'>Compartir en Twitter<\/span><\/a><\/li><li class='av-share-link av-social-link-whatsapp' ><a target=\"_blank\" aria-label=\"Compartir en Whatsapp\" href='https:\/\/api.whatsapp.com\/send?text=https:\/\/radiorevelacionfm.cl\/?p=9827' aria-hidden='false' data-av_icon='\uf232' data-av_iconfont='entypo-fontello' title='' data-avia-related-tooltip='Compartir en Whatsapp' rel=\"noopener\"><span class='avia_hidden_link_text'>Compartir en Whatsapp<\/span><\/a><\/li><li class='av-share-link av-social-link-linkedin' ><a target=\"_blank\" aria-label=\"Compartir en LinkedIn\" href='https:\/\/linkedin.com\/shareArticle?mini=true&#038;title=Presidenta%20de%20la%20Corte%20de%20Coyhaique%20visit%C3%B3%20tribunales%20de%20la%20zona%20sur%20de%20Ays%C3%A9n&#038;url=https:\/\/radiorevelacionfm.cl\/?p=9827' aria-hidden='false' data-av_icon='\ue8fc' data-av_iconfont='entypo-fontello' title='' data-avia-related-tooltip='Compartir en LinkedIn' rel=\"noopener\"><span class='avia_hidden_link_text'>Compartir en LinkedIn<\/span><\/a><\/li><li class='av-share-link av-social-link-mail' ><a  aria-label=\"Compartir por correo\" href='mailto:?subject=Presidenta%20de%20la%20Corte%20de%20Coyhaique%20visit%C3%B3%20tribunales%20de%20la%20zona%20sur%20de%20Ays%C3%A9n&#038;body=https:\/\/radiorevelacionfm.cl\/?p=9827' aria-hidden='false' data-av_icon='\ue805' data-av_iconfont='entypo-fontello' title='' data-avia-related-tooltip='Compartir por correo'><span class='avia_hidden_link_text'>Compartir por correo<\/span><\/a><\/li><\/ul><\/div><\/div>\n<div  style='height:50px' class='hr hr-invisible   avia-builder-el-8  el_after_av_social_share  el_before_av_comments_list '><span class='hr-inner ' ><span class='hr-inner-style'><\/span><\/span><\/div>\n<div  class='av-buildercomment  av-blog-meta-html-info-disabled av-blog-meta-tag-disabled  '><\/div>\n","protected":false},"excerpt":{"rendered":"","protected":false},"author":1,"featured_media":9828,"comment_status":"open","ping_status":"open","sticky":false,"template":"","format":"standard","meta":{"footnotes":""},"categories":[55],"tags":[],"class_list":["post-9827","post","type-post","status-publish","format-standard","has-post-thumbnail","hentry","category-justicia"],"jetpack_featured_media_url":"https:\/\/radiorevelacionfm.cl\/wp-content\/uploads\/2021\/10\/DIA6482-1-1.jpg","_links":{"self":[{"href":"https:\/\/radiorevelacionfm.cl\/index.php?rest_route=\/wp\/v2\/posts\/9827","targetHints":{"allow":["GET"]}}],"collection":[{"href":"https:\/\/radiorevelacionfm.cl\/index.php?rest_route=\/wp\/v2\/posts"}],"about":[{"href":"https:\/\/radiorevelacionfm.cl\/index.php?rest_route=\/wp\/v2\/types\/post"}],"author":[{"embeddable":true,"href":"https:\/\/radiorevelacionfm.cl\/index.php?rest_route=\/wp\/v2\/users\/1"}],"replies":[{"embeddable":true,"href":"https:\/\/radiorevelacionfm.cl\/index.php?rest_route=%2Fwp%2Fv2%2Fcomments&post=9827"}],"version-history":[{"count":1,"href":"https:\/\/radiorevelacionfm.cl\/index.php?rest_route=\/wp\/v2\/posts\/9827\/revisions"}],"predecessor-version":[{"id":9829,"href":"https:\/\/radiorevelacionfm.cl\/index.php?rest_route=\/wp\/v2\/posts\/9827\/revisions\/9829"}],"wp:featuredmedia":[{"embeddable":true,"href":"https:\/\/radiorevelacionfm.cl\/index.php?rest_route=\/wp\/v2\/media\/9828"}],"wp:attachment":[{"href":"https:\/\/radiorevelacionfm.cl\/index.php?rest_route=%2Fwp%2Fv2%2Fmedia&parent=9827"}],"wp:term":[{"taxonomy":"category","embeddable":true,"href":"https:\/\/radiorevelacionfm.cl\/index.php?rest_route=%2Fwp%2Fv2%2Fcategories&post=9827"},{"taxonomy":"post_tag","embeddable":true,"href":"https:\/\/radiorevelacionfm.cl\/index.php?rest_route=%2Fwp%2Fv2%2Ftags&post=9827"}],"curies":[{"name":"wp","href":"https:\/\/api.w.org\/{rel}","templated":true}]}}