{"id":9823,"date":"2021-10-19T22:06:07","date_gmt":"2021-10-20T01:06:07","guid":{"rendered":"https:\/\/radiorevelacionfm.cl\/?p=9823"},"modified":"2021-10-19T22:06:07","modified_gmt":"2021-10-20T01:06:07","slug":"calisto-se-reunio-con-vecinos-y-dirigentes-por-conectividad-en-lago-general-carrera","status":"publish","type":"post","link":"https:\/\/radiorevelacionfm.cl\/?p=9823","title":{"rendered":"Calisto se reuni\u00f3 con vecinos y dirigentes por conectividad en Lago General Carrera"},"content":{"rendered":"<div class=\"flex_column av_one_full  flex_column_div av-zero-column-padding first  avia-builder-el-0  el_before_av_one_full  avia-builder-el-first  \" style='border-radius:0px; '><div  class='avia-image-container  av-styling-    avia-builder-el-1  avia-builder-el-no-sibling  avia-align-center '  itemprop=\"image\" itemscope=\"itemscope\" itemtype=\"https:\/\/schema.org\/ImageObject\"  ><div class='avia-image-container-inner'><div class='avia-image-overlay-wrap'><img decoding=\"async\" class='wp-image-9825 avia-img-lazy-loading-not-9825 avia_image' src=\"https:\/\/radiorevelacionfm.cl\/wp-content\/uploads\/2021\/10\/CALISTO-2021-10-18-17-55-54-1.jpg\" alt='' title='CALISTO-2021-10-18-17-55-54 (1)' height=\"600\" width=\"800\"  itemprop=\"thumbnailUrl\" srcset=\"https:\/\/radiorevelacionfm.cl\/wp-content\/uploads\/2021\/10\/CALISTO-2021-10-18-17-55-54-1.jpg 800w, https:\/\/radiorevelacionfm.cl\/wp-content\/uploads\/2021\/10\/CALISTO-2021-10-18-17-55-54-1-300x225.jpg 300w, https:\/\/radiorevelacionfm.cl\/wp-content\/uploads\/2021\/10\/CALISTO-2021-10-18-17-55-54-1-768x576.jpg 768w, https:\/\/radiorevelacionfm.cl\/wp-content\/uploads\/2021\/10\/CALISTO-2021-10-18-17-55-54-1-705x529.jpg 705w, https:\/\/radiorevelacionfm.cl\/wp-content\/uploads\/2021\/10\/CALISTO-2021-10-18-17-55-54-1-600x450.jpg 600w\" sizes=\"(max-width: 800px) 100vw, 800px\" \/><\/div><\/div><\/div><\/div><div class=\"flex_column av_one_full  flex_column_div av-zero-column-padding first  avia-builder-el-2  el_after_av_one_full  el_before_av_one_full  column-top-margin\" style='border-radius:0px; '><section class=\"av_textblock_section \"  itemscope=\"itemscope\" itemtype=\"https:\/\/schema.org\/BlogPosting\" itemprop=\"blogPost\" ><div class='avia_textblock  '   itemprop=\"text\" ><p style=\"text-align: center;\"><strong><span style=\"font-size: 18pt;\">Calisto se reuni\u00f3 con vecinos y dirigentes por conectividad en Lago General Carrera<\/span><\/strong><\/p>\n<div id=\"gtx-trans\" style=\"position: absolute; left: -50px; top: 4.31534px;\">\n<div class=\"gtx-trans-icon\"><\/div>\n<\/div>\n<\/div><\/section><\/div><div class=\"flex_column av_one_full  flex_column_div av-zero-column-padding first  avia-builder-el-4  el_after_av_one_full  el_before_av_hr  column-top-margin\" style='border-radius:0px; '><section class=\"av_textblock_section \"  itemscope=\"itemscope\" itemtype=\"https:\/\/schema.org\/BlogPosting\" itemprop=\"blogPost\" ><div class='avia_textblock  '   itemprop=\"text\" ><p style=\"font-weight: 400; text-align: justify;\">Aunque valor\u00f3 la firma del contrato que permitir\u00e1 reparar la barcaza La Tehuelche, el diputado Miguel \u00c1ngel Calisto hizo un llamado al Gobierno a ir un paso m\u00e1s all\u00e1 y as\u00ed poder establecer un calendario con las pr\u00f3ximas acciones a seguir que apunten a mejorar la conectividad en el Lago General Carrera, como la licitaci\u00f3n de la nueva administraci\u00f3n de la barcaza y la compra de una nueva nave que permita reforzar la conectividad.<\/p>\n<p style=\"font-weight: 400; text-align: justify;\">El diputado Calisto estuvo este lunes en Chile Chico, instancia en la que pudo reunirse con representantes de las Juntas de Vecinos y de las asociaciones gremiales del Comercio y del Turismo. Con quienes acordaron mantener el trabajo en conjunto con el fin de mejorar la conectividad en el Lago.<\/p>\n<p style=\"font-weight: 400; text-align: justify;\">Seg\u00fan el diputado, \u201ctomando en cuenta la gravedad de no poder contar con la barcaza La Tehuelche, nos reunimos con vecinos y representantes del Turismo y el Comercio. Hoy en d\u00eda s\u00f3lo funciona la Pilchero, mientras que los vecinos plantearon por mucho tiempo que habilitaran tambi\u00e9n la barcaza Chelenko, pero hubo una negativa absoluta por parte del Ministerio de Transportes\u201d.<\/p>\n<p style=\"font-weight: 400; text-align: justify;\">Calisto agreg\u00f3 que \u201cse nos inform\u00f3 que el 15 de diciembre debiese estar ya en funcionamiento La Tehuelche. Sin embargo, debemos garantizar el funcionamiento de la conectividad en el Lago despu\u00e9s de diciembre. No basta con resolver el problema que tenemos ahora, sino que debemos garantizar una mantenci\u00f3n para el mes de mayo del pr\u00f3ximo a\u00f1o, como tambi\u00e9n pensar en la nueva licitaci\u00f3n para una nueva administraci\u00f3n de la barcaza\u201d.<\/p>\n<p style=\"font-weight: 400; text-align: justify;\">\u201cPero esto no queda ac\u00e1, porque tambi\u00e9n debemos pensar en una nueva barcaza que conecte a los vecinos de Chile Chico y de toda la cuenca del General Carrera. Para nosotros esto es fundamental. Le pedimos a los dirigentes y vecinos que organicen una reuni\u00f3n donde participen todos los actores pol\u00edticos, y as\u00ed podamos definir un calendario con las pr\u00f3ximas acciones para mejorar la conectividad en el lago\u201d, se\u00f1al\u00f3.<\/p>\n<p style=\"font-weight: 400; text-align: justify;\">Seg\u00fan Ver\u00f3nica Raty, Presidenta de la AG de Turismo y Cultura Local de Chile Chico, \u201cal d\u00eda de hoy podemos decir que tenemos buenas noticias, porque sabemos que se ha firmado el documento con Asmar Magallanes para que ellos se hagan cargo de la reparaci\u00f3n de esta embarcaci\u00f3n, pero tambi\u00e9n debemos decir que llevamos del 31 de julio en esta situaci\u00f3n, y en todo este tiempo, por uno u otros motivos, no se le ha hecho nada a la Tehuelche. Esperamos que estos trabajos comiencen a la brevedad y la barcaza empiece a funcionar el 15 de diciembre, tal como se nos ha dicho\u201d.<\/p>\n<p style=\"font-weight: 400; text-align: justify;\">\u201cA nosotros nos pasa a diario que el turista decide otro destino, porque es muy complejo hacer la reserva y la compra de pasajes, al no existir capacidad en la Pilchero, por lo que eligen otro destino. Es complejo para todos, principalmente por el tema del abastecimiento, tiene que darse toda la vuelta al lago, las verduras y las frutas no llegan en buen estado. Estamos viviendo una situaci\u00f3n de conectividad muy dif\u00edcil en este momento\u201d, se\u00f1al\u00f3 la dirigenta gremial.<\/p>\n<p style=\"font-weight: 400; text-align: justify;\">Por su parte, Jaime Pradenas, Presidente de la Uni\u00f3n Comunal de Juntas de Vecinos de Chile Chico, asegur\u00f3 que \u201ceste problema se viene arrastrando hace muchos meses, porque el mantenimiento de la barcaza Tehuelche debiera haberse hecho en el mes de mayo. Estamos a finales de octubre y reci\u00e9n hay una firma un poco m\u00e1s seria, que nos parece un avance. Esperamos que se cumpla la fecha final, que es el 15 de diciembre con la barcaza en el lago\u201d.<\/p>\n<p style=\"font-weight: 400; text-align: justify;\">Finalmente, el dirigente afirm\u00f3 que \u201ces muy sensible el tema de la barcaza, porque es nuestra conectividad. Nosotros como comunidad nos afecta, porque el abastecimiento se hace por la barcaza. La Pilchero lleva 50 a\u00f1os navegando, con una capacidad m\u00e1s limitada y llega menos abastecimiento, se nos encarecen las cosas. Los vecinos no pueden ir al m\u00e9dico, en fin es una suma de varios inconvenientes que llevamos viviendo hace mucho tiempo\u201d.<\/p>\n<\/div><\/section><\/div><div  style='height:50px' class='hr hr-invisible   avia-builder-el-6  el_after_av_one_full  el_before_av_social_share '><span class='hr-inner ' ><span class='hr-inner-style'><\/span><\/span><\/div><\/p>\n<div  class='av-social-sharing-box  avia-builder-el-7  el_after_av_hr  el_before_av_hr  '><div class='av-share-box'><h5 class='av-share-link-description av-no-toc '>Compartir esta noticia<\/h5><ul class='av-share-box-list noLightbox'><li class='av-share-link av-social-link-facebook' ><a target=\"_blank\" aria-label=\"Compartir en Facebook\" href='https:\/\/www.facebook.com\/sharer.php?u=https:\/\/radiorevelacionfm.cl\/?p=9823&#038;t=Calisto%20se%20reuni%C3%B3%20con%20vecinos%20y%20dirigentes%20por%20conectividad%20en%20Lago%20General%20Carrera' aria-hidden='false' data-av_icon='\ue8f3' data-av_iconfont='entypo-fontello' title='' data-avia-related-tooltip='Compartir en Facebook' rel=\"noopener\"><span class='avia_hidden_link_text'>Compartir en Facebook<\/span><\/a><\/li><li class='av-share-link av-social-link-twitter' ><a target=\"_blank\" aria-label=\"Compartir en Twitter\" href='https:\/\/twitter.com\/share?text=Calisto%20se%20reuni%C3%B3%20con%20vecinos%20y%20dirigentes%20por%20conectividad%20en%20Lago%20General%20Carrera&#038;url=https:\/\/radiorevelacionfm.cl\/?p=9823' aria-hidden='false' data-av_icon='\ue8f1' data-av_iconfont='entypo-fontello' title='' data-avia-related-tooltip='Compartir en Twitter' rel=\"noopener\"><span class='avia_hidden_link_text'>Compartir en Twitter<\/span><\/a><\/li><li class='av-share-link av-social-link-whatsapp' ><a target=\"_blank\" aria-label=\"Compartir en Whatsapp\" href='https:\/\/api.whatsapp.com\/send?text=https:\/\/radiorevelacionfm.cl\/?p=9823' aria-hidden='false' data-av_icon='\uf232' data-av_iconfont='entypo-fontello' title='' data-avia-related-tooltip='Compartir en Whatsapp' rel=\"noopener\"><span class='avia_hidden_link_text'>Compartir en Whatsapp<\/span><\/a><\/li><li class='av-share-link av-social-link-linkedin' ><a target=\"_blank\" aria-label=\"Compartir en LinkedIn\" href='https:\/\/linkedin.com\/shareArticle?mini=true&#038;title=Calisto%20se%20reuni%C3%B3%20con%20vecinos%20y%20dirigentes%20por%20conectividad%20en%20Lago%20General%20Carrera&#038;url=https:\/\/radiorevelacionfm.cl\/?p=9823' aria-hidden='false' data-av_icon='\ue8fc' data-av_iconfont='entypo-fontello' title='' data-avia-related-tooltip='Compartir en LinkedIn' rel=\"noopener\"><span class='avia_hidden_link_text'>Compartir en LinkedIn<\/span><\/a><\/li><li class='av-share-link av-social-link-mail' ><a  aria-label=\"Compartir por correo\" href='mailto:?subject=Calisto%20se%20reuni%C3%B3%20con%20vecinos%20y%20dirigentes%20por%20conectividad%20en%20Lago%20General%20Carrera&#038;body=https:\/\/radiorevelacionfm.cl\/?p=9823' aria-hidden='false' data-av_icon='\ue805' data-av_iconfont='entypo-fontello' title='' data-avia-related-tooltip='Compartir por correo'><span class='avia_hidden_link_text'>Compartir por correo<\/span><\/a><\/li><\/ul><\/div><\/div>\n<div  style='height:50px' class='hr hr-invisible   avia-builder-el-8  el_after_av_social_share  el_before_av_comments_list '><span class='hr-inner ' ><span class='hr-inner-style'><\/span><\/span><\/div>\n<div  class='av-buildercomment  av-blog-meta-html-info-disabled av-blog-meta-tag-disabled  '><\/div>\n","protected":false},"excerpt":{"rendered":"","protected":false},"author":1,"featured_media":9825,"comment_status":"open","ping_status":"open","sticky":false,"template":"","format":"standard","meta":{"footnotes":""},"categories":[35],"tags":[],"class_list":["post-9823","post","type-post","status-publish","format-standard","has-post-thumbnail","hentry","category-politica"],"jetpack_featured_media_url":"https:\/\/radiorevelacionfm.cl\/wp-content\/uploads\/2021\/10\/CALISTO-2021-10-18-17-55-54-1.jpg","_links":{"self":[{"href":"https:\/\/radiorevelacionfm.cl\/index.php?rest_route=\/wp\/v2\/posts\/9823","targetHints":{"allow":["GET"]}}],"collection":[{"href":"https:\/\/radiorevelacionfm.cl\/index.php?rest_route=\/wp\/v2\/posts"}],"about":[{"href":"https:\/\/radiorevelacionfm.cl\/index.php?rest_route=\/wp\/v2\/types\/post"}],"author":[{"embeddable":true,"href":"https:\/\/radiorevelacionfm.cl\/index.php?rest_route=\/wp\/v2\/users\/1"}],"replies":[{"embeddable":true,"href":"https:\/\/radiorevelacionfm.cl\/index.php?rest_route=%2Fwp%2Fv2%2Fcomments&post=9823"}],"version-history":[{"count":1,"href":"https:\/\/radiorevelacionfm.cl\/index.php?rest_route=\/wp\/v2\/posts\/9823\/revisions"}],"predecessor-version":[{"id":9826,"href":"https:\/\/radiorevelacionfm.cl\/index.php?rest_route=\/wp\/v2\/posts\/9823\/revisions\/9826"}],"wp:featuredmedia":[{"embeddable":true,"href":"https:\/\/radiorevelacionfm.cl\/index.php?rest_route=\/wp\/v2\/media\/9825"}],"wp:attachment":[{"href":"https:\/\/radiorevelacionfm.cl\/index.php?rest_route=%2Fwp%2Fv2%2Fmedia&parent=9823"}],"wp:term":[{"taxonomy":"category","embeddable":true,"href":"https:\/\/radiorevelacionfm.cl\/index.php?rest_route=%2Fwp%2Fv2%2Fcategories&post=9823"},{"taxonomy":"post_tag","embeddable":true,"href":"https:\/\/radiorevelacionfm.cl\/index.php?rest_route=%2Fwp%2Fv2%2Ftags&post=9823"}],"curies":[{"name":"wp","href":"https:\/\/api.w.org\/{rel}","templated":true}]}}