{"id":9820,"date":"2021-10-19T19:27:33","date_gmt":"2021-10-19T22:27:33","guid":{"rendered":"https:\/\/radiorevelacionfm.cl\/?p=9820"},"modified":"2021-10-19T19:27:33","modified_gmt":"2021-10-19T22:27:33","slug":"avanza-participacion-ciudadana-que-contribuye-al-diseno-del-alcantarillado-de-lago-verde","status":"publish","type":"post","link":"https:\/\/radiorevelacionfm.cl\/?p=9820","title":{"rendered":"Avanza participaci\u00f3n ciudadana que contribuye al dise\u00f1o del Alcantarillado de Lago Verde"},"content":{"rendered":"<div class=\"flex_column av_one_full  flex_column_div av-zero-column-padding first  avia-builder-el-0  el_before_av_one_full  avia-builder-el-first  \" style='border-radius:0px; '><div  class='avia-image-container  av-styling-    avia-builder-el-1  avia-builder-el-no-sibling  avia-align-center '  itemprop=\"image\" itemscope=\"itemscope\" itemtype=\"https:\/\/schema.org\/ImageObject\"  ><div class='avia-image-container-inner'><div class='avia-image-overlay-wrap'><img decoding=\"async\" class='wp-image-9821 avia-img-lazy-loading-not-9821 avia_image' src=\"https:\/\/radiorevelacionfm.cl\/wp-content\/uploads\/2021\/10\/participacion-lv-4-1_optimized.jpeg\" alt='' title='participacion-lv-4-(1)_optimized' height=\"600\" width=\"802\"  itemprop=\"thumbnailUrl\" srcset=\"https:\/\/radiorevelacionfm.cl\/wp-content\/uploads\/2021\/10\/participacion-lv-4-1_optimized.jpeg 802w, https:\/\/radiorevelacionfm.cl\/wp-content\/uploads\/2021\/10\/participacion-lv-4-1_optimized-300x224.jpeg 300w, https:\/\/radiorevelacionfm.cl\/wp-content\/uploads\/2021\/10\/participacion-lv-4-1_optimized-768x575.jpeg 768w, https:\/\/radiorevelacionfm.cl\/wp-content\/uploads\/2021\/10\/participacion-lv-4-1_optimized-705x527.jpeg 705w, https:\/\/radiorevelacionfm.cl\/wp-content\/uploads\/2021\/10\/participacion-lv-4-1_optimized-600x449.jpeg 600w\" sizes=\"(max-width: 802px) 100vw, 802px\" \/><\/div><\/div><\/div><\/div><div class=\"flex_column av_one_full  flex_column_div av-zero-column-padding first  avia-builder-el-2  el_after_av_one_full  el_before_av_one_full  column-top-margin\" style='border-radius:0px; '><section class=\"av_textblock_section \"  itemscope=\"itemscope\" itemtype=\"https:\/\/schema.org\/BlogPosting\" itemprop=\"blogPost\" ><div class='avia_textblock  '   itemprop=\"text\" ><p style=\"text-align: center;\"><strong><span style=\"font-size: 18pt;\">Avanza participaci\u00f3n ciudadana que contribuye al dise\u00f1o del Alcantarillado de Lago Verde<\/span><\/strong><\/p>\n<div id=\"gtx-trans\" style=\"position: absolute; left: -50px; top: 4.31534px;\">\n<div class=\"gtx-trans-icon\"><\/div>\n<\/div>\n<\/div><\/section><\/div><div class=\"flex_column av_one_full  flex_column_div av-zero-column-padding first  avia-builder-el-4  el_after_av_one_full  el_before_av_hr  column-top-margin\" style='border-radius:0px; '><section class=\"av_textblock_section \"  itemscope=\"itemscope\" itemtype=\"https:\/\/schema.org\/BlogPosting\" itemprop=\"blogPost\" ><div class='avia_textblock  '   itemprop=\"text\" ><p style=\"text-align: justify;\">Una nueva jornada de participaci\u00f3n ciudadana se desarroll\u00f3 en torno al proyecto de dise\u00f1o del Alcantarillado y Planta de Tratamiento de Lago Verde. Una iniciativa que para continuar avanzando debe tener este tipo de instancias, donde los vecinos y vecinas pueden plantear sus inquietudes y aportar algunas ideas a la empresa a cargo de elaborar esta etapa primordial del proyecto.<\/p>\n<p style=\"text-align: justify;\">El Alcalde, Nelson Opazo, valor\u00f3 el inter\u00e9s de la ciudadan\u00eda y adem\u00e1s se mostr\u00f3 confiando en que la iniciativa sanitaria lograr\u00e1 avanzar con el respaldo de las autoridades regionales, para obtener la recomendaci\u00f3n satisfactoria y luego el financiamiento.<\/p>\n<p style=\"text-align: justify;\">\u201cUna vez m\u00e1s ante la comunidad, con la invitaci\u00f3n a participar, a poder opinar, consultar, verificar antecedentes, datos, despu\u00e9s de una tercera participaci\u00f3n ciudadana que es importante, porque nos permite tener claridad respecto de algunos puntos. Permite tambi\u00e9n a los mismos vecinos, poder incorporar visiones, opiniones, respecto a proyectos tan emblem\u00e1ticos como este, as\u00ed es que, satisfecho por el avance de este trabajo que en los pr\u00f3ximos meses estar\u00e1 cerrado, esperamos con RS tal como est\u00e1 Amengual. Tambi\u00e9n con el \u00e1nimo de que las autoridades regionales puedan tomar conciencia, de que, efectivamente los sistemas de alcantarillado, las plantas de tratamiento, el tratamiento de las aguas en definitiva, son una prioridad para las comunidades, para los vecinos\u201d.<\/p>\n<p style=\"text-align: justify;\">En tanto, Juan Francisco Miranda, jefe de proyectos de CFC Ingenier\u00eda Limitada entidad a cargo de llevar adelante el proceso de dise\u00f1o del proyecto, destac\u00f3 lo relevante de la participaci\u00f3n ciudadana en este tipo de iniciativas, agregando que, queda una jornada m\u00e1s y valid\u00f3 el inter\u00e9s de los pobladores en el cuidado al medio ambiente.<\/p>\n<p style=\"text-align: justify;\">\u201cNos queda una \u00faltima jornada en un par de meses m\u00e1s, donde estamos dando a conocer el desarrollo del proyecto y la selecci\u00f3n de la alternativa de un sistema muy importante para Lago Verde, que es tener su sistema de recolecci\u00f3n de aguas servidas y tratamiento, cumpliendo toda la normativa ambiental y sectorial vigente. Estamos muy contentos por el nivel de inquietud que hay en la comunidad respecto al cuidado del medio ambiente, porque hay conciencia de que todo tratamiento y toda recolecci\u00f3n de aguas, es para aguas servidas con carga org\u00e1nica natural. Ah\u00ed hacemos el llamado de que, el \u00e9xito de todo proyecto va a estar dado en que se respeten aquellas cosas\u201d.<\/p>\n<p style=\"text-align: justify;\">Yenny Uribe, es una de las vecinas que fue parte de la tercera jornada de participaci\u00f3n ciudadana de la iniciativa municipal en beneficio de toda la localidad de Lago Verde y se mostr\u00f3 interesa en conocer detalles del proyecto, dando un valor importante a iniciativas que mejoren la calidad de vida de las personas.<\/p>\n<p style=\"text-align: justify;\">\u201cQuedamos todos en la reuni\u00f3n muy claros, hay cosas que a\u00fan nos hacen ruido como pobladores que en una pr\u00f3xima reuni\u00f3n deber\u00edan estar claras, indudablemente que esto va a cambiar la calidad de vida. Pero como dije antes, hay muchas dudas, cosa que es muy bueno que vengan los vecinos a estas reuniones, porque as\u00ed se aclara, se dan los puntos de vista contrario o positivo a esta inversi\u00f3n. Yo encuentro que, hay que partir por eso, que los pobladores asistan a estas reuniones, porque lo que pueda decir yo, no siempre es lo que piensa el otro\u201d.<\/p>\n<p style=\"text-align: justify;\">El proyecto de Alcantarillado y Planta de Tratamiento de Lago Verde, es una iniciativa formulada por el equipo de profesionales y t\u00e9cnicos del Municipio y que ha estado en las prioridades de la gesti\u00f3n del Alcalde, Nelson Opazo, considerando que es proyecto que a medida que avanza ve m\u00e1s cerca la posibilidad de concretar mejoras sustanciales en el tema sanitario y por ende brindar a todos los habitantes de la cabecera comunal, una mejor calidad de vida.<\/p>\n<\/div><\/section><\/div><div  style='height:50px' class='hr hr-invisible   avia-builder-el-6  el_after_av_one_full  el_before_av_social_share '><span class='hr-inner ' ><span class='hr-inner-style'><\/span><\/span><\/div><\/p>\n<div  class='av-social-sharing-box  avia-builder-el-7  el_after_av_hr  el_before_av_hr  '><div class='av-share-box'><h5 class='av-share-link-description av-no-toc '>Compartir esta noticia<\/h5><ul class='av-share-box-list noLightbox'><li class='av-share-link av-social-link-facebook' ><a target=\"_blank\" aria-label=\"Compartir en Facebook\" href='https:\/\/www.facebook.com\/sharer.php?u=https:\/\/radiorevelacionfm.cl\/?p=9820&#038;t=Avanza%20participaci%C3%B3n%20ciudadana%20que%20contribuye%20al%20dise%C3%B1o%20del%20Alcantarillado%20de%20Lago%20Verde' aria-hidden='false' data-av_icon='\ue8f3' data-av_iconfont='entypo-fontello' title='' data-avia-related-tooltip='Compartir en Facebook' rel=\"noopener\"><span class='avia_hidden_link_text'>Compartir en Facebook<\/span><\/a><\/li><li class='av-share-link av-social-link-twitter' ><a target=\"_blank\" aria-label=\"Compartir en Twitter\" href='https:\/\/twitter.com\/share?text=Avanza%20participaci%C3%B3n%20ciudadana%20que%20contribuye%20al%20dise%C3%B1o%20del%20Alcantarillado%20de%20Lago%20Verde&#038;url=https:\/\/radiorevelacionfm.cl\/?p=9820' aria-hidden='false' data-av_icon='\ue8f1' data-av_iconfont='entypo-fontello' title='' data-avia-related-tooltip='Compartir en Twitter' rel=\"noopener\"><span class='avia_hidden_link_text'>Compartir en Twitter<\/span><\/a><\/li><li class='av-share-link av-social-link-whatsapp' ><a target=\"_blank\" aria-label=\"Compartir en Whatsapp\" href='https:\/\/api.whatsapp.com\/send?text=https:\/\/radiorevelacionfm.cl\/?p=9820' aria-hidden='false' data-av_icon='\uf232' data-av_iconfont='entypo-fontello' title='' data-avia-related-tooltip='Compartir en Whatsapp' rel=\"noopener\"><span class='avia_hidden_link_text'>Compartir en Whatsapp<\/span><\/a><\/li><li class='av-share-link av-social-link-linkedin' ><a target=\"_blank\" aria-label=\"Compartir en LinkedIn\" href='https:\/\/linkedin.com\/shareArticle?mini=true&#038;title=Avanza%20participaci%C3%B3n%20ciudadana%20que%20contribuye%20al%20dise%C3%B1o%20del%20Alcantarillado%20de%20Lago%20Verde&#038;url=https:\/\/radiorevelacionfm.cl\/?p=9820' aria-hidden='false' data-av_icon='\ue8fc' data-av_iconfont='entypo-fontello' title='' data-avia-related-tooltip='Compartir en LinkedIn' rel=\"noopener\"><span class='avia_hidden_link_text'>Compartir en LinkedIn<\/span><\/a><\/li><li class='av-share-link av-social-link-mail' ><a  aria-label=\"Compartir por correo\" href='mailto:?subject=Avanza%20participaci%C3%B3n%20ciudadana%20que%20contribuye%20al%20dise%C3%B1o%20del%20Alcantarillado%20de%20Lago%20Verde&#038;body=https:\/\/radiorevelacionfm.cl\/?p=9820' aria-hidden='false' data-av_icon='\ue805' data-av_iconfont='entypo-fontello' title='' data-avia-related-tooltip='Compartir por correo'><span class='avia_hidden_link_text'>Compartir por correo<\/span><\/a><\/li><\/ul><\/div><\/div>\n<div  style='height:50px' class='hr hr-invisible   avia-builder-el-8  el_after_av_social_share  el_before_av_comments_list '><span class='hr-inner ' ><span class='hr-inner-style'><\/span><\/span><\/div>\n<div  class='av-buildercomment  av-blog-meta-html-info-disabled av-blog-meta-tag-disabled  '><\/div>\n","protected":false},"excerpt":{"rendered":"","protected":false},"author":1,"featured_media":9821,"comment_status":"open","ping_status":"open","sticky":false,"template":"","format":"standard","meta":{"footnotes":""},"categories":[38],"tags":[],"class_list":["post-9820","post","type-post","status-publish","format-standard","has-post-thumbnail","hentry","category-regional"],"jetpack_featured_media_url":"https:\/\/radiorevelacionfm.cl\/wp-content\/uploads\/2021\/10\/participacion-lv-4-1_optimized.jpeg","_links":{"self":[{"href":"https:\/\/radiorevelacionfm.cl\/index.php?rest_route=\/wp\/v2\/posts\/9820","targetHints":{"allow":["GET"]}}],"collection":[{"href":"https:\/\/radiorevelacionfm.cl\/index.php?rest_route=\/wp\/v2\/posts"}],"about":[{"href":"https:\/\/radiorevelacionfm.cl\/index.php?rest_route=\/wp\/v2\/types\/post"}],"author":[{"embeddable":true,"href":"https:\/\/radiorevelacionfm.cl\/index.php?rest_route=\/wp\/v2\/users\/1"}],"replies":[{"embeddable":true,"href":"https:\/\/radiorevelacionfm.cl\/index.php?rest_route=%2Fwp%2Fv2%2Fcomments&post=9820"}],"version-history":[{"count":1,"href":"https:\/\/radiorevelacionfm.cl\/index.php?rest_route=\/wp\/v2\/posts\/9820\/revisions"}],"predecessor-version":[{"id":9822,"href":"https:\/\/radiorevelacionfm.cl\/index.php?rest_route=\/wp\/v2\/posts\/9820\/revisions\/9822"}],"wp:featuredmedia":[{"embeddable":true,"href":"https:\/\/radiorevelacionfm.cl\/index.php?rest_route=\/wp\/v2\/media\/9821"}],"wp:attachment":[{"href":"https:\/\/radiorevelacionfm.cl\/index.php?rest_route=%2Fwp%2Fv2%2Fmedia&parent=9820"}],"wp:term":[{"taxonomy":"category","embeddable":true,"href":"https:\/\/radiorevelacionfm.cl\/index.php?rest_route=%2Fwp%2Fv2%2Fcategories&post=9820"},{"taxonomy":"post_tag","embeddable":true,"href":"https:\/\/radiorevelacionfm.cl\/index.php?rest_route=%2Fwp%2Fv2%2Ftags&post=9820"}],"curies":[{"name":"wp","href":"https:\/\/api.w.org\/{rel}","templated":true}]}}