{"id":9817,"date":"2021-10-20T10:07:26","date_gmt":"2021-10-20T13:07:26","guid":{"rendered":"https:\/\/radiorevelacionfm.cl\/?p=9817"},"modified":"2021-10-20T10:07:26","modified_gmt":"2021-10-20T13:07:26","slug":"aprueban-transferencia-de-recursos-para-el-nuevo-centro-de-gestion-de-residuos-cochrane-y-tortel","status":"publish","type":"post","link":"https:\/\/radiorevelacionfm.cl\/?p=9817","title":{"rendered":"Aprueban transferencia de recursos para el nuevo Centro de Gesti\u00f3n de Residuos Cochrane y Tortel"},"content":{"rendered":"<div class=\"flex_column av_one_full  flex_column_div av-zero-column-padding first  avia-builder-el-0  el_before_av_one_full  avia-builder-el-first  \" style='border-radius:0px; '><div  class='avia-image-container  av-styling-    avia-builder-el-1  avia-builder-el-no-sibling  avia-align-center '  itemprop=\"image\" itemscope=\"itemscope\" itemtype=\"https:\/\/schema.org\/ImageObject\"  ><div class='avia-image-container-inner'><div class='avia-image-overlay-wrap'><img decoding=\"async\" class='wp-image-9818 avia-img-lazy-loading-not-9818 avia_image' src=\"https:\/\/radiorevelacionfm.cl\/wp-content\/uploads\/2021\/10\/dsc_0044_1a-1_optimized.jpg\" alt='' title='dsc_0044_1a-(1)_optimized' height=\"600\" width=\"1027\"  itemprop=\"thumbnailUrl\" srcset=\"https:\/\/radiorevelacionfm.cl\/wp-content\/uploads\/2021\/10\/dsc_0044_1a-1_optimized.jpg 1027w, https:\/\/radiorevelacionfm.cl\/wp-content\/uploads\/2021\/10\/dsc_0044_1a-1_optimized-300x175.jpg 300w, https:\/\/radiorevelacionfm.cl\/wp-content\/uploads\/2021\/10\/dsc_0044_1a-1_optimized-768x449.jpg 768w, https:\/\/radiorevelacionfm.cl\/wp-content\/uploads\/2021\/10\/dsc_0044_1a-1_optimized-705x412.jpg 705w, https:\/\/radiorevelacionfm.cl\/wp-content\/uploads\/2021\/10\/dsc_0044_1a-1_optimized-600x351.jpg 600w\" sizes=\"(max-width: 1027px) 100vw, 1027px\" \/><\/div><\/div><\/div><\/div><div class=\"flex_column av_one_full  flex_column_div av-zero-column-padding first  avia-builder-el-2  el_after_av_one_full  el_before_av_one_full  column-top-margin\" style='border-radius:0px; '><section class=\"av_textblock_section \"  itemscope=\"itemscope\" itemtype=\"https:\/\/schema.org\/BlogPosting\" itemprop=\"blogPost\" ><div class='avia_textblock  '   itemprop=\"text\" ><p style=\"text-align: center;\"><strong><span style=\"font-size: 18pt;\">Aprueban transferencia de recursos para el nuevo Centro de Gesti\u00f3n de Residuos Cochrane y Tortel<\/span><\/strong><\/p>\n<div id=\"gtx-trans\" style=\"position: absolute; left: -50px; top: 4.31534px;\">\n<div class=\"gtx-trans-icon\"><\/div>\n<\/div>\n<\/div><\/section><\/div><div class=\"flex_column av_one_full  flex_column_div av-zero-column-padding first  avia-builder-el-4  el_after_av_one_full  el_before_av_hr  column-top-margin\" style='border-radius:0px; '><section class=\"av_textblock_section \"  itemscope=\"itemscope\" itemtype=\"https:\/\/schema.org\/BlogPosting\" itemprop=\"blogPost\" ><div class='avia_textblock  '   itemprop=\"text\" ><p style=\"text-align: justify;\">Una nueva aprobaci\u00f3n de recursos fue realizada por el pleno del Consejo Regional de Ays\u00e9n para el desarrollo del Centro de Gesti\u00f3n de Residuos para las comunas de Cochrane y Tortel.<\/p>\n<p style=\"text-align: justify;\">El proyecto nace como una colaboraci\u00f3n entre ambas comunas y atender\u00e1 a la demanda de recolecci\u00f3n, transporte, tratamiento, transferencia y disposici\u00f3n final de los residuos s\u00f3lidos municipales de los vecinos y vecinas de ambas comunidades.<\/p>\n<p style=\"text-align: justify;\">\u00abEstamos muy contentos por Cochrane y Tortel, en definitiva por la Provincia de Capit\u00e1n Prat, por el impacto que tendr\u00e1 en el territorio. Valoramos que la Gobernadora Regional haya puesto este tema en tabla y por supuesto su aprobaci\u00f3n de manera un\u00e1nime. Esto nos permitir\u00e1, junto con varias acciones que estamos realizando desde el Municipio, convivir con nuestro entorno de manera mucho m\u00e1s amigable, entendiendo que estamos en un lugar \u00fanico de nuestra patagonia\u00bb, afirm\u00f3 el Alcalde Jorge Calder\u00f3n de Cochrane que estuvo presente en la sesi\u00f3n, presentando el proyecto.<\/p>\n<p style=\"text-align: justify;\">Es importante recordar que las comunas de Cochrane y Tortel no cuentan con un sitio de disposici\u00f3n de Residuos S\u00f3lidos Domiciliarios (RSD) que cumpla con la normativa vigente, por lo cual se requiere contar con infraestructura cubra las necesidades de ambas comunas.<\/p>\n<p style=\"text-align: justify;\">Para la Gobernadora Regional y presidenta del Consejo, Andrea Mac\u00edas Palma, este hito viene a reforzar la forma de trabajo colaborativo entre los gobiernos locales. \u00abQuiero felicitar al alcalde, esto de poder trabajar independiente de las administraciones, porque hay temas de fondo que van m\u00e1s all\u00e1 de eso. As\u00ed esperamos seguir avanzando: a problemas comunes, soluciones colectivas. Por eso destaco la voluntad de ambos Municipios de avanzar de manera conjunta para dar soluciones a toda la comunidad\u00bb, sostuvo.<\/p>\n<p style=\"text-align: justify;\">Tambi\u00e9n recalc\u00f3 la importancia del Plan Regional de Gesti\u00f3n de Residuos S\u00f3lidos Municipales (2015-2035) del Gobierno Regional que da cuenta de la dificultad del sector, de la dimensi\u00f3n que tiene que gestionar y las caracter\u00edsticas propias del territorio. \u00abPor eso este programa cambia la mirada en c\u00f3mo se aborda la gesti\u00f3n de la basura hasta ese per\u00edodo. En la regi\u00f3n casi el 40% de residuos son fracciones que son recuperables, lo que nos deja como desaf\u00edo que vienen a hacer iniciativas como esta. Cuando estamos aprobando este tipo de iniciativas, tambi\u00e9n aprobamos un programa de gesti\u00f3n que acompa\u00f1an a los Municipios\u00bb, afirm\u00f3 la Gobernadora Mac\u00edas.<\/p>\n<p style=\"text-align: justify;\"><b>Provincia de Capit\u00e1n Prat<\/b><\/p>\n<p style=\"text-align: justify;\">Para los consejeros regionales de la Provincia, la aprobaci\u00f3n representa muy buenas noticias para las y los vecinos en lo que es un proyecto emblem\u00e1tico para dos comunas. \u00abEste proyecto comenz\u00f3 a trabajarse hace varios a\u00f1os, con el alcalde de la \u00e9poca don Patricio Ulloa. Con la pandemia quedamos trabados con este proyecto porque se increment\u00f3 en un 24% el costo y por tanto necesit\u00e1bamos este incremento de financiamiento. El alcalde actual, Jorge Calder\u00f3n, se comunic\u00f3 con los consejeros regionales solicit\u00e1ndoles que pudi\u00e9ramos gestionar junto a \u00e9l estos 1.500 millones de pesos\u00bb, afirm\u00f3 en la oportunidad.<\/p>\n<p style=\"text-align: justify;\">Para el consejero Jorge Abello, por su parte: \u00abEs una buena noticia para ambas comunas, agradecer a la Gobernadora Andrea Mac\u00edas para ponerlo en tabla, porque en el territorio se dio cuenta que era urgente y que permitir\u00e1 que el Municipio avance. Se trata de una infraestructura y un plan de gesti\u00f3n de los residuos\u00bb, coment\u00f3.<\/p>\n<\/div><\/section><\/div><div  style='height:50px' class='hr hr-invisible   avia-builder-el-6  el_after_av_one_full  el_before_av_social_share '><span class='hr-inner ' ><span class='hr-inner-style'><\/span><\/span><\/div><\/p>\n<div  class='av-social-sharing-box  avia-builder-el-7  el_after_av_hr  el_before_av_hr  '><div class='av-share-box'><h5 class='av-share-link-description av-no-toc '>Compartir esta noticia<\/h5><ul class='av-share-box-list noLightbox'><li class='av-share-link av-social-link-facebook' ><a target=\"_blank\" aria-label=\"Compartir en Facebook\" href='https:\/\/www.facebook.com\/sharer.php?u=https:\/\/radiorevelacionfm.cl\/?p=9817&#038;t=Aprueban%20transferencia%20de%20recursos%20para%20el%20nuevo%20Centro%20de%20Gesti%C3%B3n%20de%20Residuos%20Cochrane%20y%20Tortel' aria-hidden='false' data-av_icon='\ue8f3' data-av_iconfont='entypo-fontello' title='' data-avia-related-tooltip='Compartir en Facebook' rel=\"noopener\"><span class='avia_hidden_link_text'>Compartir en Facebook<\/span><\/a><\/li><li class='av-share-link av-social-link-twitter' ><a target=\"_blank\" aria-label=\"Compartir en Twitter\" href='https:\/\/twitter.com\/share?text=Aprueban%20transferencia%20de%20recursos%20para%20el%20nuevo%20Centro%20de%20Gesti%C3%B3n%20de%20Residuos%20Cochrane%20y%20Tortel&#038;url=https:\/\/radiorevelacionfm.cl\/?p=9817' aria-hidden='false' data-av_icon='\ue8f1' data-av_iconfont='entypo-fontello' title='' data-avia-related-tooltip='Compartir en Twitter' rel=\"noopener\"><span class='avia_hidden_link_text'>Compartir en Twitter<\/span><\/a><\/li><li class='av-share-link av-social-link-whatsapp' ><a target=\"_blank\" aria-label=\"Compartir en Whatsapp\" href='https:\/\/api.whatsapp.com\/send?text=https:\/\/radiorevelacionfm.cl\/?p=9817' aria-hidden='false' data-av_icon='\uf232' data-av_iconfont='entypo-fontello' title='' data-avia-related-tooltip='Compartir en Whatsapp' rel=\"noopener\"><span class='avia_hidden_link_text'>Compartir en Whatsapp<\/span><\/a><\/li><li class='av-share-link av-social-link-linkedin' ><a target=\"_blank\" aria-label=\"Compartir en LinkedIn\" href='https:\/\/linkedin.com\/shareArticle?mini=true&#038;title=Aprueban%20transferencia%20de%20recursos%20para%20el%20nuevo%20Centro%20de%20Gesti%C3%B3n%20de%20Residuos%20Cochrane%20y%20Tortel&#038;url=https:\/\/radiorevelacionfm.cl\/?p=9817' aria-hidden='false' data-av_icon='\ue8fc' data-av_iconfont='entypo-fontello' title='' data-avia-related-tooltip='Compartir en LinkedIn' rel=\"noopener\"><span class='avia_hidden_link_text'>Compartir en LinkedIn<\/span><\/a><\/li><li class='av-share-link av-social-link-mail' ><a  aria-label=\"Compartir por correo\" href='mailto:?subject=Aprueban%20transferencia%20de%20recursos%20para%20el%20nuevo%20Centro%20de%20Gesti%C3%B3n%20de%20Residuos%20Cochrane%20y%20Tortel&#038;body=https:\/\/radiorevelacionfm.cl\/?p=9817' aria-hidden='false' data-av_icon='\ue805' data-av_iconfont='entypo-fontello' title='' data-avia-related-tooltip='Compartir por correo'><span class='avia_hidden_link_text'>Compartir por correo<\/span><\/a><\/li><\/ul><\/div><\/div>\n<div  style='height:50px' class='hr hr-invisible   avia-builder-el-8  el_after_av_social_share  el_before_av_comments_list '><span class='hr-inner ' ><span class='hr-inner-style'><\/span><\/span><\/div>\n<div  class='av-buildercomment  av-blog-meta-html-info-disabled av-blog-meta-tag-disabled  '><\/div>\n","protected":false},"excerpt":{"rendered":"","protected":false},"author":1,"featured_media":9818,"comment_status":"open","ping_status":"open","sticky":false,"template":"","format":"standard","meta":{"footnotes":""},"categories":[38],"tags":[],"class_list":["post-9817","post","type-post","status-publish","format-standard","has-post-thumbnail","hentry","category-regional"],"jetpack_featured_media_url":"https:\/\/radiorevelacionfm.cl\/wp-content\/uploads\/2021\/10\/dsc_0044_1a-1_optimized.jpg","_links":{"self":[{"href":"https:\/\/radiorevelacionfm.cl\/index.php?rest_route=\/wp\/v2\/posts\/9817","targetHints":{"allow":["GET"]}}],"collection":[{"href":"https:\/\/radiorevelacionfm.cl\/index.php?rest_route=\/wp\/v2\/posts"}],"about":[{"href":"https:\/\/radiorevelacionfm.cl\/index.php?rest_route=\/wp\/v2\/types\/post"}],"author":[{"embeddable":true,"href":"https:\/\/radiorevelacionfm.cl\/index.php?rest_route=\/wp\/v2\/users\/1"}],"replies":[{"embeddable":true,"href":"https:\/\/radiorevelacionfm.cl\/index.php?rest_route=%2Fwp%2Fv2%2Fcomments&post=9817"}],"version-history":[{"count":1,"href":"https:\/\/radiorevelacionfm.cl\/index.php?rest_route=\/wp\/v2\/posts\/9817\/revisions"}],"predecessor-version":[{"id":9819,"href":"https:\/\/radiorevelacionfm.cl\/index.php?rest_route=\/wp\/v2\/posts\/9817\/revisions\/9819"}],"wp:featuredmedia":[{"embeddable":true,"href":"https:\/\/radiorevelacionfm.cl\/index.php?rest_route=\/wp\/v2\/media\/9818"}],"wp:attachment":[{"href":"https:\/\/radiorevelacionfm.cl\/index.php?rest_route=%2Fwp%2Fv2%2Fmedia&parent=9817"}],"wp:term":[{"taxonomy":"category","embeddable":true,"href":"https:\/\/radiorevelacionfm.cl\/index.php?rest_route=%2Fwp%2Fv2%2Fcategories&post=9817"},{"taxonomy":"post_tag","embeddable":true,"href":"https:\/\/radiorevelacionfm.cl\/index.php?rest_route=%2Fwp%2Fv2%2Ftags&post=9817"}],"curies":[{"name":"wp","href":"https:\/\/api.w.org\/{rel}","templated":true}]}}