{"id":9812,"date":"2021-10-20T09:47:26","date_gmt":"2021-10-20T12:47:26","guid":{"rendered":"https:\/\/radiorevelacionfm.cl\/?p=9812"},"modified":"2021-10-20T09:47:26","modified_gmt":"2021-10-20T12:47:26","slug":"dirigentes-de-la-pesca-artesanal-sostienen-reunion-con-el-ministro-de-economia-en-puerto-aysen","status":"publish","type":"post","link":"https:\/\/radiorevelacionfm.cl\/?p=9812","title":{"rendered":"Dirigentes de la pesca artesanal sostienen reuni\u00f3n con el ministro de Econom\u00eda en Puerto Ays\u00e9n"},"content":{"rendered":"<div class=\"flex_column av_one_full  flex_column_div av-zero-column-padding first  avia-builder-el-0  el_before_av_one_full  avia-builder-el-first  \" style='border-radius:0px; '><div  class='avia-image-container  av-styling-    avia-builder-el-1  avia-builder-el-no-sibling  avia-align-center '  itemprop=\"image\" itemscope=\"itemscope\" itemtype=\"https:\/\/schema.org\/ImageObject\"  ><div class='avia-image-container-inner'><div class='avia-image-overlay-wrap'><img decoding=\"async\" class='wp-image-9813 avia-img-lazy-loading-not-9813 avia_image' src=\"https:\/\/radiorevelacionfm.cl\/wp-content\/uploads\/2021\/10\/REUNION-PESCA-ARTESANAL2-1-1.jpg\" alt='' title='REUNI\u00d3N PESCA ARTESANAL2 (1) (1)' height=\"600\" width=\"900\"  itemprop=\"thumbnailUrl\" srcset=\"https:\/\/radiorevelacionfm.cl\/wp-content\/uploads\/2021\/10\/REUNION-PESCA-ARTESANAL2-1-1.jpg 900w, https:\/\/radiorevelacionfm.cl\/wp-content\/uploads\/2021\/10\/REUNION-PESCA-ARTESANAL2-1-1-300x200.jpg 300w, https:\/\/radiorevelacionfm.cl\/wp-content\/uploads\/2021\/10\/REUNION-PESCA-ARTESANAL2-1-1-768x512.jpg 768w, https:\/\/radiorevelacionfm.cl\/wp-content\/uploads\/2021\/10\/REUNION-PESCA-ARTESANAL2-1-1-705x470.jpg 705w, https:\/\/radiorevelacionfm.cl\/wp-content\/uploads\/2021\/10\/REUNION-PESCA-ARTESANAL2-1-1-600x400.jpg 600w\" sizes=\"(max-width: 900px) 100vw, 900px\" \/><\/div><\/div><\/div><\/div>\n<div class=\"flex_column av_one_full  flex_column_div av-zero-column-padding first  avia-builder-el-2  el_after_av_one_full  el_before_av_one_full  column-top-margin\" style='border-radius:0px; '><section class=\"av_textblock_section \"  itemscope=\"itemscope\" itemtype=\"https:\/\/schema.org\/BlogPosting\" itemprop=\"blogPost\" ><div class='avia_textblock  '   itemprop=\"text\" ><p style=\"text-align: center;\"><strong><span style=\"font-size: 18pt;\">Dirigentes de la pesca artesanal sostienen reuni\u00f3n con el ministro de Econom\u00eda en Puerto Ays\u00e9n<\/span><\/strong><\/p>\n<div id=\"gtx-trans\" style=\"position: absolute; left: -50px; top: 4.31534px;\">\n<div class=\"gtx-trans-icon\"><\/div>\n<\/div>\n<\/div><\/section><\/div><div class=\"flex_column av_one_full  flex_column_div av-zero-column-padding first  avia-builder-el-4  el_after_av_one_full  el_before_av_hr  column-top-margin\" style='border-radius:0px; '><section class=\"av_textblock_section \"  itemscope=\"itemscope\" itemtype=\"https:\/\/schema.org\/BlogPosting\" itemprop=\"blogPost\" ><div class='avia_textblock  '   itemprop=\"text\" ><p style=\"text-align: justify;\">\u201cLa gran generaci\u00f3n de riqueza, de recursos y actividad econ\u00f3mica est\u00e1 en el litoral\u201d. De esta manera se refiri\u00f3 el senador David Sandoval a la relevancia que tiene el desarrollo de la pesca artesanal en la regi\u00f3n, tras una reuni\u00f3n con sus dirigentes y el ministro de Econom\u00eda, Lucas Palacios.<\/p>\n<p style=\"text-align: justify;\">Al respecto, el parlamentario reiter\u00f3 sus cuestionamientos en relaci\u00f3n a que \u201cuna regi\u00f3n con tantos recursos, con tanta riqueza de materia prima\u201d, tenga comunidades con dificultades sociales y econ\u00f3micas. \u201cC\u00f3mo es posible que tengamos localidades sin agua potable o sin alcantarillado. Algo no estamos enfocando bien\u201d, subray\u00f3.<\/p>\n<p style=\"text-align: justify;\">Por lo mismo, recalc\u00f3 que se tiene que generar una nueva mirada de desarrollo a nivel regional. \u201cTenemos que desarrollar todas nuestras capacidades\u201d, recalc\u00f3.<\/p>\n<p style=\"text-align: justify;\">Respecto al tema de las zonas contiguas, Sandoval reiter\u00f3 sus reparos a la instancia. \u201c\u00c9stas terminan el a\u00f1o que viene, y la \u00faltima se aprob\u00f3 por un voto. Por eso la importancia de que vengan las autoridades, porque si no somos capaces de articular un programa de trabajo con los pescadores artesanales, nos vamos a encontrar el pr\u00f3ximo a\u00f1o con un nuevo sondeo sobre este particular y creo que esto no resiste m\u00e1s vuelta\u201d, indic\u00f3.<\/p>\n<p style=\"text-align: justify;\">En ese sentido, el legislador insisti\u00f3 que \u201caqu\u00ed estamos hablando de una gran oportunidad y eso es lo que hay que desarrollar\u201d, enfatizando que cuando vienen autoridades nacionales, como el ministro de Econom\u00eda, lo que se busca es poder generar los espacios para potenciar la actividad pesquera.<\/p>\n<p style=\"text-align: justify;\">Por lo mismo, se refiri\u00f3 a la importancia que tiene el protocolo productivo firmado en 2019 por los salmoneros y autoridades de Gobierno, donde para Sandoval la idea es potenciarlo. \u201cPuede tener un gran impacto para la zona\u201d, se\u00f1al\u00f3.<\/p>\n<p style=\"text-align: justify;\">Finalmente, reiter\u00f3 que el objetivo es poder desarrollar las oportunidades que involucra este \u00e1mbito, insistiendo en la que las zonas contiguas, \u201cen mi opini\u00f3n, deben terminarse\u201d, para as\u00ed generar las capacidades en la regi\u00f3n. \u201cY si necesitamos prestadores de otras zonas, debe ser bajo un mecanismo de resguardo de los intereses que debemos tener nosotros como regi\u00f3n\u201d, concluy\u00f3.<\/p>\n<\/div><\/section><\/div><\/p>\n<div  style='height:50px' class='hr hr-invisible   avia-builder-el-6  el_after_av_one_full  el_before_av_social_share '><span class='hr-inner ' ><span class='hr-inner-style'><\/span><\/span><\/div>\n<div  class='av-social-sharing-box  avia-builder-el-7  el_after_av_hr  el_before_av_hr  '><div class='av-share-box'><h5 class='av-share-link-description av-no-toc '>Compartir esta noticia<\/h5><ul class='av-share-box-list noLightbox'><li class='av-share-link av-social-link-facebook' ><a target=\"_blank\" aria-label=\"Compartir en Facebook\" href='https:\/\/www.facebook.com\/sharer.php?u=https:\/\/radiorevelacionfm.cl\/?p=9812&#038;t=Dirigentes%20de%20la%20pesca%20artesanal%20sostienen%20reuni%C3%B3n%20con%20el%20ministro%20de%20Econom%C3%ADa%20en%20Puerto%20Ays%C3%A9n' aria-hidden='false' data-av_icon='\ue8f3' data-av_iconfont='entypo-fontello' title='' data-avia-related-tooltip='Compartir en Facebook' rel=\"noopener\"><span class='avia_hidden_link_text'>Compartir en Facebook<\/span><\/a><\/li><li class='av-share-link av-social-link-twitter' ><a target=\"_blank\" aria-label=\"Compartir en Twitter\" href='https:\/\/twitter.com\/share?text=Dirigentes%20de%20la%20pesca%20artesanal%20sostienen%20reuni%C3%B3n%20con%20el%20ministro%20de%20Econom%C3%ADa%20en%20Puerto%20Ays%C3%A9n&#038;url=https:\/\/radiorevelacionfm.cl\/?p=9812' aria-hidden='false' data-av_icon='\ue8f1' data-av_iconfont='entypo-fontello' title='' data-avia-related-tooltip='Compartir en Twitter' rel=\"noopener\"><span class='avia_hidden_link_text'>Compartir en Twitter<\/span><\/a><\/li><li class='av-share-link av-social-link-whatsapp' ><a target=\"_blank\" aria-label=\"Compartir en Whatsapp\" href='https:\/\/api.whatsapp.com\/send?text=https:\/\/radiorevelacionfm.cl\/?p=9812' aria-hidden='false' data-av_icon='\uf232' data-av_iconfont='entypo-fontello' title='' data-avia-related-tooltip='Compartir en Whatsapp' rel=\"noopener\"><span class='avia_hidden_link_text'>Compartir en Whatsapp<\/span><\/a><\/li><li class='av-share-link av-social-link-linkedin' ><a target=\"_blank\" aria-label=\"Compartir en LinkedIn\" href='https:\/\/linkedin.com\/shareArticle?mini=true&#038;title=Dirigentes%20de%20la%20pesca%20artesanal%20sostienen%20reuni%C3%B3n%20con%20el%20ministro%20de%20Econom%C3%ADa%20en%20Puerto%20Ays%C3%A9n&#038;url=https:\/\/radiorevelacionfm.cl\/?p=9812' aria-hidden='false' data-av_icon='\ue8fc' data-av_iconfont='entypo-fontello' title='' data-avia-related-tooltip='Compartir en LinkedIn' rel=\"noopener\"><span class='avia_hidden_link_text'>Compartir en LinkedIn<\/span><\/a><\/li><li class='av-share-link av-social-link-mail' ><a  aria-label=\"Compartir por correo\" href='mailto:?subject=Dirigentes%20de%20la%20pesca%20artesanal%20sostienen%20reuni%C3%B3n%20con%20el%20ministro%20de%20Econom%C3%ADa%20en%20Puerto%20Ays%C3%A9n&#038;body=https:\/\/radiorevelacionfm.cl\/?p=9812' aria-hidden='false' data-av_icon='\ue805' data-av_iconfont='entypo-fontello' title='' data-avia-related-tooltip='Compartir por correo'><span class='avia_hidden_link_text'>Compartir por correo<\/span><\/a><\/li><\/ul><\/div><\/div>\n<div  style='height:50px' class='hr hr-invisible   avia-builder-el-8  el_after_av_social_share  el_before_av_comments_list '><span class='hr-inner ' ><span class='hr-inner-style'><\/span><\/span><\/div>\n<div  class='av-buildercomment  av-blog-meta-html-info-disabled av-blog-meta-tag-disabled  '><\/div>\n","protected":false},"excerpt":{"rendered":"","protected":false},"author":1,"featured_media":9813,"comment_status":"open","ping_status":"open","sticky":false,"template":"","format":"standard","meta":{"footnotes":""},"categories":[60,35],"tags":[],"class_list":["post-9812","post","type-post","status-publish","format-standard","has-post-thumbnail","hentry","category-pesca","category-politica"],"jetpack_featured_media_url":"https:\/\/radiorevelacionfm.cl\/wp-content\/uploads\/2021\/10\/REUNION-PESCA-ARTESANAL2-1-1.jpg","_links":{"self":[{"href":"https:\/\/radiorevelacionfm.cl\/index.php?rest_route=\/wp\/v2\/posts\/9812","targetHints":{"allow":["GET"]}}],"collection":[{"href":"https:\/\/radiorevelacionfm.cl\/index.php?rest_route=\/wp\/v2\/posts"}],"about":[{"href":"https:\/\/radiorevelacionfm.cl\/index.php?rest_route=\/wp\/v2\/types\/post"}],"author":[{"embeddable":true,"href":"https:\/\/radiorevelacionfm.cl\/index.php?rest_route=\/wp\/v2\/users\/1"}],"replies":[{"embeddable":true,"href":"https:\/\/radiorevelacionfm.cl\/index.php?rest_route=%2Fwp%2Fv2%2Fcomments&post=9812"}],"version-history":[{"count":3,"href":"https:\/\/radiorevelacionfm.cl\/index.php?rest_route=\/wp\/v2\/posts\/9812\/revisions"}],"predecessor-version":[{"id":9831,"href":"https:\/\/radiorevelacionfm.cl\/index.php?rest_route=\/wp\/v2\/posts\/9812\/revisions\/9831"}],"wp:featuredmedia":[{"embeddable":true,"href":"https:\/\/radiorevelacionfm.cl\/index.php?rest_route=\/wp\/v2\/media\/9813"}],"wp:attachment":[{"href":"https:\/\/radiorevelacionfm.cl\/index.php?rest_route=%2Fwp%2Fv2%2Fmedia&parent=9812"}],"wp:term":[{"taxonomy":"category","embeddable":true,"href":"https:\/\/radiorevelacionfm.cl\/index.php?rest_route=%2Fwp%2Fv2%2Fcategories&post=9812"},{"taxonomy":"post_tag","embeddable":true,"href":"https:\/\/radiorevelacionfm.cl\/index.php?rest_route=%2Fwp%2Fv2%2Ftags&post=9812"}],"curies":[{"name":"wp","href":"https:\/\/api.w.org\/{rel}","templated":true}]}}