{"id":9809,"date":"2021-10-20T10:48:39","date_gmt":"2021-10-20T13:48:39","guid":{"rendered":"https:\/\/radiorevelacionfm.cl\/?p=9809"},"modified":"2021-10-20T10:48:39","modified_gmt":"2021-10-20T13:48:39","slug":"con-taller-practico-concluyo-ciclo-de-conferencias-sobre-atencion-a-estudiantes-con-trastornos-del-espectro-autista","status":"publish","type":"post","link":"https:\/\/radiorevelacionfm.cl\/?p=9809","title":{"rendered":"Con taller pr\u00e1ctico concluy\u00f3 ciclo de conferencias sobre atenci\u00f3n a estudiantes con Trastornos del Espectro Autista"},"content":{"rendered":"<div class=\"flex_column av_one_full  flex_column_div av-zero-column-padding first  avia-builder-el-0  el_before_av_one_full  avia-builder-el-first  \" style='border-radius:0px; '><div  class='avia-image-container  av-styling-    avia-builder-el-1  avia-builder-el-no-sibling  avia-align-center '  itemprop=\"image\" itemscope=\"itemscope\" itemtype=\"https:\/\/schema.org\/ImageObject\"  ><div class='avia-image-container-inner'><div class='avia-image-overlay-wrap'><img decoding=\"async\" class='wp-image-9810 avia-img-lazy-loading-not-9810 avia_image' src=\"https:\/\/radiorevelacionfm.cl\/wp-content\/uploads\/2021\/10\/cierre-Taller-TEA-1-1.jpeg\" alt='' title='cierre Taller TEA (1) (1)' height=\"600\" width=\"1016\"  itemprop=\"thumbnailUrl\" srcset=\"https:\/\/radiorevelacionfm.cl\/wp-content\/uploads\/2021\/10\/cierre-Taller-TEA-1-1.jpeg 1016w, https:\/\/radiorevelacionfm.cl\/wp-content\/uploads\/2021\/10\/cierre-Taller-TEA-1-1-300x177.jpeg 300w, https:\/\/radiorevelacionfm.cl\/wp-content\/uploads\/2021\/10\/cierre-Taller-TEA-1-1-768x454.jpeg 768w, https:\/\/radiorevelacionfm.cl\/wp-content\/uploads\/2021\/10\/cierre-Taller-TEA-1-1-705x416.jpeg 705w, https:\/\/radiorevelacionfm.cl\/wp-content\/uploads\/2021\/10\/cierre-Taller-TEA-1-1-600x354.jpeg 600w\" sizes=\"(max-width: 1016px) 100vw, 1016px\" \/><\/div><\/div><\/div><\/div><div class=\"flex_column av_one_full  flex_column_div av-zero-column-padding first  avia-builder-el-2  el_after_av_one_full  el_before_av_one_full  column-top-margin\" style='border-radius:0px; '><section class=\"av_textblock_section \"  itemscope=\"itemscope\" itemtype=\"https:\/\/schema.org\/BlogPosting\" itemprop=\"blogPost\" ><div class='avia_textblock  '   itemprop=\"text\" ><p style=\"text-align: center;\"><span style=\"font-size: 18pt;\"><b>Con taller pr\u00e1ctico concluy\u00f3 ciclo de conferencias sobre atenci\u00f3n a estudiantes con Trastornos del Espectro Autista<\/b><\/span><\/p>\n<div id=\"gtx-trans\" style=\"position: absolute; left: -50px; top: 4.31534px;\">\n<div class=\"gtx-trans-icon\"><\/div>\n<\/div>\n<\/div><\/section><\/div><div class=\"flex_column av_one_full  flex_column_div av-zero-column-padding first  avia-builder-el-4  el_after_av_one_full  el_before_av_hr  column-top-margin\" style='border-radius:0px; '><section class=\"av_textblock_section \"  itemscope=\"itemscope\" itemtype=\"https:\/\/schema.org\/BlogPosting\" itemprop=\"blogPost\" ><div class='avia_textblock  '   itemprop=\"text\" ><p class=\"v1MsoNormal\" style=\"text-align: justify;\">Con la realizaci\u00f3n del Taller \u201cProceso de reflexi\u00f3n y construcci\u00f3n de apoyos para estudiantes del Espectro Autista\u00bb se dio cierre el lunes 18 a un ciclo de conferencias online para docentes convocadas por la Asociaci\u00f3n<span lang=\"ES\">\u00a0de padres y amigos de ni\u00f1os y j\u00f3venes que presentan diagn\u00f3stico o sospecha de Trastorno de Espectro Autista\u00a0<\/span>\u00a0TEAcompa\u00f1amos y la Seremi de Educaci\u00f3n Ays\u00e9n.<\/p>\n<p class=\"v1MsoNormal\" style=\"text-align: justify;\">El ciclo de conferencias desarrollado durante el presente a\u00f1o surge desde el compromiso adquirido entre la Secretar\u00eda Ministerial y la Asociaci\u00f3n TEAcompa\u00f1amos y a trav\u00e9s del contacto establecido por esta Asociaci\u00f3n con la relatora Sra. Viviana Gonz\u00e1lez Villarroel, Profesora de Educaci\u00f3n Diferencial, menci\u00f3n Trastornos de Aprendizaje Espec\u00edfico de la Pontificia Universidad Cat\u00f3lica de Valpara\u00edso; Magister en Educaci\u00f3n Infantil de la Universidad Central de Chile; Docente del Post T\u00edtulo en Educaci\u00f3n Diferencial Inclusiva de la Universidad de Valpara\u00edso; Cofundadora Fundaci\u00f3n Uni\u00f3n Autismo y Neurodiversidad, FUAN, qui\u00e9n ha compartido sus conocimientos con los docentes y profesionales de establecimientos educacionales con estudiantes del espectro autista. Esta actividad fue organizada y desarrollada por un equipo integrado por representantes de la Asociaci\u00f3n TEAcompa\u00f1amos, y profesionales del Departamento Provincial de Educaci\u00f3n Coyhaique, CPEIP y Departamento Regional de Educaci\u00f3n.<\/p>\n<p class=\"v1MsoNormal\" style=\"text-align: justify;\">El Seremi Sergio Becerra Mera destac\u00f3 esta iniciativa conjunta se\u00f1alando que \u201c<span lang=\"ES\">Como Secretar\u00eda Regional Ministerial de Educaci\u00f3n nos resulta satisfactorio concluir el ciclo de actividades desarrolladas en el presente a\u00f1o enfocadas en actualizar conocimientos referidos a las necesidades educativa especiales de Alumnos con Trastornos del Espectro Autista TEA, una iniciativa que busca entregar herramientas a los y las docentes y avanzar en la real inclusi\u00f3n e integraci\u00f3n de los ni\u00f1os y j\u00f3venes que viven con esta realidad y sus familias. Nuestro sistema educativo est\u00e1 desafiado a adoptar todas las medidas apropiadas para garantizar el acceso de las personas con discapacidad, proporcionando a las personas, la misma variedad, calidad y nivel de atenci\u00f3n que se brinda a todos los alumnos.<\/span><\/p>\n<p class=\"v1MsoNormal\" style=\"text-align: justify;\"><span lang=\"ES\">En tanto, Pamela Alarc\u00f3n Presidenta de la Asociaci\u00f3n TEAcompa\u00f1amos expres\u00f3 \u201cA nombre de la Asociaci\u00f3n de Padres y Familiares de Ni\u00f1os Autistas de Coyhaique agradecemos el firme compromiso de la autoridad de Educaci\u00f3n, encabezada por el Seremi de Educaci\u00f3n Don Sergio Becerra y la Jefa del Departamento Provincial de Educaci\u00f3n Laura Ramos, que hicieron posible este ciclo de conferencias de capacitaci\u00f3n destinadas a docentes y asistentes de la educaci\u00f3n. Detr\u00e1s de la preparaci\u00f3n de esta actividad hubo un gran equipo donde quiero destacar la participaci\u00f3n de Viviana Gonz\u00e1lez, docente en Educaci\u00f3n Diferencial quien comparti\u00f3 con los participantes sus conocimientos y vasta experiencia en la educaci\u00f3n de ni\u00f1os autistas. Como padres de ni\u00f1os autistas nuestra meta es lograr la sensibilizaci\u00f3n y concientizaci\u00f3n de la condici\u00f3n del espectro autista y esperamos que este primer gran paso sea el inicio de un continuo aprendizaje que permita a nuestros hijos florecer y mostrar a la sociedad a la que pertenecen todas sus capacidades\u201d.<\/span><\/p>\n<p class=\"v1MsoNormal\" style=\"text-align: justify;\"><span lang=\"ES\">Por su parte, la acad\u00e9mica Viviana Gonz\u00e1lez relatora de las conferencias y taller realizados coment\u00f3 que \u201cEstas conferencias y taller han permitido entregar mayor conocimiento sobre los trastornos del espectro autistas y proveer herramientas a los docentes a los equipos docentes y profesionales de los establecimientos educacionales para dar una atenci\u00f3n adecuada y mayor acceso a educaci\u00f3n de calidad a los estudiantes del espectro autista. Ha sido una experiencia muy enriquecedora, que ha se ha concretado a trav\u00e9s de una colaboraci\u00f3n de la organizaci\u00f3n que re\u00fane a\u00a0 las familias y equipos profesionales de la Serem\u00eda de Educaci\u00f3n de Ays\u00e9n que se ha sumado a este fin. Este ciclo ha permitido abordar los elementos te\u00f3ricos y tambi\u00e9n con un taller pr\u00e1ctico en el que se ha puesto en juego lo aprendido, aplic\u00e1ndolo a casos reales. Cerramos as\u00ed un ciclo de aprendizaje muy provechoso que abre nuevos desaf\u00edos y que deje instaladas capacidades en los equipos profesionales que esperamos apliquen a su trabajo en el aula\u201d.<\/span><\/p>\n<\/div><\/section><\/div><div  style='height:50px' class='hr hr-invisible   avia-builder-el-6  el_after_av_one_full  el_before_av_social_share '><span class='hr-inner ' ><span class='hr-inner-style'><\/span><\/span><\/div><\/p>\n<div  class='av-social-sharing-box  avia-builder-el-7  el_after_av_hr  el_before_av_hr  '><div class='av-share-box'><h5 class='av-share-link-description av-no-toc '>Compartir esta noticia<\/h5><ul class='av-share-box-list noLightbox'><li class='av-share-link av-social-link-facebook' ><a target=\"_blank\" aria-label=\"Compartir en Facebook\" href='https:\/\/www.facebook.com\/sharer.php?u=https:\/\/radiorevelacionfm.cl\/?p=9809&#038;t=Con%20taller%20pr%C3%A1ctico%20concluy%C3%B3%20ciclo%20de%20conferencias%20sobre%20atenci%C3%B3n%20a%20estudiantes%20con%20Trastornos%20del%20Espectro%20Autista' aria-hidden='false' data-av_icon='\ue8f3' data-av_iconfont='entypo-fontello' title='' data-avia-related-tooltip='Compartir en Facebook' rel=\"noopener\"><span class='avia_hidden_link_text'>Compartir en Facebook<\/span><\/a><\/li><li class='av-share-link av-social-link-twitter' ><a target=\"_blank\" aria-label=\"Compartir en Twitter\" href='https:\/\/twitter.com\/share?text=Con%20taller%20pr%C3%A1ctico%20concluy%C3%B3%20ciclo%20de%20conferencias%20sobre%20atenci%C3%B3n%20a%20estudiantes%20con%20Trastornos%20del%20Espectro%20Autista&#038;url=https:\/\/radiorevelacionfm.cl\/?p=9809' aria-hidden='false' data-av_icon='\ue8f1' data-av_iconfont='entypo-fontello' title='' data-avia-related-tooltip='Compartir en Twitter' rel=\"noopener\"><span class='avia_hidden_link_text'>Compartir en Twitter<\/span><\/a><\/li><li class='av-share-link av-social-link-whatsapp' ><a target=\"_blank\" aria-label=\"Compartir en Whatsapp\" href='https:\/\/api.whatsapp.com\/send?text=https:\/\/radiorevelacionfm.cl\/?p=9809' aria-hidden='false' data-av_icon='\uf232' data-av_iconfont='entypo-fontello' title='' data-avia-related-tooltip='Compartir en Whatsapp' rel=\"noopener\"><span class='avia_hidden_link_text'>Compartir en Whatsapp<\/span><\/a><\/li><li class='av-share-link av-social-link-linkedin' ><a target=\"_blank\" aria-label=\"Compartir en LinkedIn\" href='https:\/\/linkedin.com\/shareArticle?mini=true&#038;title=Con%20taller%20pr%C3%A1ctico%20concluy%C3%B3%20ciclo%20de%20conferencias%20sobre%20atenci%C3%B3n%20a%20estudiantes%20con%20Trastornos%20del%20Espectro%20Autista&#038;url=https:\/\/radiorevelacionfm.cl\/?p=9809' aria-hidden='false' data-av_icon='\ue8fc' data-av_iconfont='entypo-fontello' title='' data-avia-related-tooltip='Compartir en LinkedIn' rel=\"noopener\"><span class='avia_hidden_link_text'>Compartir en LinkedIn<\/span><\/a><\/li><li class='av-share-link av-social-link-mail' ><a  aria-label=\"Compartir por correo\" href='mailto:?subject=Con%20taller%20pr%C3%A1ctico%20concluy%C3%B3%20ciclo%20de%20conferencias%20sobre%20atenci%C3%B3n%20a%20estudiantes%20con%20Trastornos%20del%20Espectro%20Autista&#038;body=https:\/\/radiorevelacionfm.cl\/?p=9809' aria-hidden='false' data-av_icon='\ue805' data-av_iconfont='entypo-fontello' title='' data-avia-related-tooltip='Compartir por correo'><span class='avia_hidden_link_text'>Compartir por correo<\/span><\/a><\/li><\/ul><\/div><\/div>\n<div  style='height:50px' class='hr hr-invisible   avia-builder-el-8  el_after_av_social_share  el_before_av_comments_list '><span class='hr-inner ' ><span class='hr-inner-style'><\/span><\/span><\/div>\n<div  class='av-buildercomment  av-blog-meta-html-info-disabled av-blog-meta-tag-disabled  '><\/div>\n","protected":false},"excerpt":{"rendered":"","protected":false},"author":1,"featured_media":9810,"comment_status":"open","ping_status":"open","sticky":false,"template":"","format":"standard","meta":{"footnotes":""},"categories":[49],"tags":[],"class_list":["post-9809","post","type-post","status-publish","format-standard","has-post-thumbnail","hentry","category-educacion"],"jetpack_featured_media_url":"https:\/\/radiorevelacionfm.cl\/wp-content\/uploads\/2021\/10\/cierre-Taller-TEA-1-1.jpeg","_links":{"self":[{"href":"https:\/\/radiorevelacionfm.cl\/index.php?rest_route=\/wp\/v2\/posts\/9809","targetHints":{"allow":["GET"]}}],"collection":[{"href":"https:\/\/radiorevelacionfm.cl\/index.php?rest_route=\/wp\/v2\/posts"}],"about":[{"href":"https:\/\/radiorevelacionfm.cl\/index.php?rest_route=\/wp\/v2\/types\/post"}],"author":[{"embeddable":true,"href":"https:\/\/radiorevelacionfm.cl\/index.php?rest_route=\/wp\/v2\/users\/1"}],"replies":[{"embeddable":true,"href":"https:\/\/radiorevelacionfm.cl\/index.php?rest_route=%2Fwp%2Fv2%2Fcomments&post=9809"}],"version-history":[{"count":1,"href":"https:\/\/radiorevelacionfm.cl\/index.php?rest_route=\/wp\/v2\/posts\/9809\/revisions"}],"predecessor-version":[{"id":9811,"href":"https:\/\/radiorevelacionfm.cl\/index.php?rest_route=\/wp\/v2\/posts\/9809\/revisions\/9811"}],"wp:featuredmedia":[{"embeddable":true,"href":"https:\/\/radiorevelacionfm.cl\/index.php?rest_route=\/wp\/v2\/media\/9810"}],"wp:attachment":[{"href":"https:\/\/radiorevelacionfm.cl\/index.php?rest_route=%2Fwp%2Fv2%2Fmedia&parent=9809"}],"wp:term":[{"taxonomy":"category","embeddable":true,"href":"https:\/\/radiorevelacionfm.cl\/index.php?rest_route=%2Fwp%2Fv2%2Fcategories&post=9809"},{"taxonomy":"post_tag","embeddable":true,"href":"https:\/\/radiorevelacionfm.cl\/index.php?rest_route=%2Fwp%2Fv2%2Ftags&post=9809"}],"curies":[{"name":"wp","href":"https:\/\/api.w.org\/{rel}","templated":true}]}}