{"id":9797,"date":"2021-10-19T18:27:37","date_gmt":"2021-10-19T21:27:37","guid":{"rendered":"https:\/\/radiorevelacionfm.cl\/?p=9797"},"modified":"2021-10-19T18:27:37","modified_gmt":"2021-10-19T21:27:37","slug":"barrio-de-coyhaique-y-cochrane-resultan-seleccionados-en-concurso-2021-de-quiero-mi-barrio","status":"publish","type":"post","link":"https:\/\/radiorevelacionfm.cl\/?p=9797","title":{"rendered":"Barrio de Coyhaique y Cochrane resultan seleccionados en Concurso 2021 de Quiero Mi Barrio"},"content":{"rendered":"<div class=\"flex_column av_one_full  flex_column_div av-zero-column-padding first  avia-builder-el-0  el_before_av_one_full  avia-builder-el-first  \" style='border-radius:0px; '><div  class='avia-image-container  av-styling-    avia-builder-el-1  avia-builder-el-no-sibling  avia-align-center '  itemprop=\"image\" itemscope=\"itemscope\" itemtype=\"https:\/\/schema.org\/ImageObject\"  ><div class='avia-image-container-inner'><div class='avia-image-overlay-wrap'><img decoding=\"async\" class='wp-image-9798 avia-img-lazy-loading-not-9798 avia_image' src=\"https:\/\/radiorevelacionfm.cl\/wp-content\/uploads\/2021\/10\/foto-jurado-regional-concurso-2021-quiero-mi-barrio-1_optimized.jpg\" alt='' title='foto-jurado-regional-concurso-2021-quiero-mi-barrio-(1)_optimized' height=\"600\" width=\"886\"  itemprop=\"thumbnailUrl\" srcset=\"https:\/\/radiorevelacionfm.cl\/wp-content\/uploads\/2021\/10\/foto-jurado-regional-concurso-2021-quiero-mi-barrio-1_optimized.jpg 886w, https:\/\/radiorevelacionfm.cl\/wp-content\/uploads\/2021\/10\/foto-jurado-regional-concurso-2021-quiero-mi-barrio-1_optimized-300x203.jpg 300w, https:\/\/radiorevelacionfm.cl\/wp-content\/uploads\/2021\/10\/foto-jurado-regional-concurso-2021-quiero-mi-barrio-1_optimized-768x520.jpg 768w, https:\/\/radiorevelacionfm.cl\/wp-content\/uploads\/2021\/10\/foto-jurado-regional-concurso-2021-quiero-mi-barrio-1_optimized-705x477.jpg 705w, https:\/\/radiorevelacionfm.cl\/wp-content\/uploads\/2021\/10\/foto-jurado-regional-concurso-2021-quiero-mi-barrio-1_optimized-600x406.jpg 600w\" sizes=\"(max-width: 886px) 100vw, 886px\" \/><\/div><\/div><\/div><\/div><div class=\"flex_column av_one_full  flex_column_div av-zero-column-padding first  avia-builder-el-2  el_after_av_one_full  el_before_av_one_full  column-top-margin\" style='border-radius:0px; '><section class=\"av_textblock_section \"  itemscope=\"itemscope\" itemtype=\"https:\/\/schema.org\/BlogPosting\" itemprop=\"blogPost\" ><div class='avia_textblock  '   itemprop=\"text\" ><p style=\"text-align: center;\"><strong><span style=\"font-size: 18pt;\">Barrio de Coyhaique y Cochrane resultan seleccionados en Concurso 2021 de Quiero Mi Barrio<\/span><\/strong><\/p>\n<div id=\"gtx-trans\" style=\"position: absolute; left: -50px; top: 4.31534px;\">\n<div class=\"gtx-trans-icon\"><\/div>\n<\/div>\n<\/div><\/section><\/div><div class=\"flex_column av_one_full  flex_column_div av-zero-column-padding first  avia-builder-el-4  el_after_av_one_full  el_before_av_hr  column-top-margin\" style='border-radius:0px; '><section class=\"av_textblock_section \"  itemscope=\"itemscope\" itemtype=\"https:\/\/schema.org\/BlogPosting\" itemprop=\"blogPost\" ><div class='avia_textblock  '   itemprop=\"text\" ><p style=\"text-align: justify;\">Al mediod\u00eda de este martes los integrantes del jurado intersectorial regional seleccionaron un nuevo barrio para Coyhaique y otro para Cochrane, que ingresar\u00e1n a los pol\u00edgonos de intervenci\u00f3n del programa Quiero Mi Barrio del Ministerio de Vivienda y Urbanismo, como parte del proceso de postulaci\u00f3n desarrollado durante el presente a\u00f1o 2021.<\/p>\n<p style=\"text-align: justify;\">En lo que se refiere a los barrios postulados en la l\u00ednea del concurso regular el jurado vot\u00f3 a favor del barrio \u201cEl Bosque Patagonia\u201d de Coyhaique, decisi\u00f3n de las autoridades de Gobierno que era muy esperada por dirigentes y vecinos de ese antiguo sector de la capital regional. El otro postulante en esta categor\u00eda fue el barrio Las Villas de Puerto Ays\u00e9n.<\/p>\n<p style=\"text-align: justify;\">Posteriormente y tras la presentaci\u00f3n del equipo Barrio del Minvu la comisi\u00f3n sancion\u00f3 tambi\u00e9n en forma favorable el Barrio de Inter\u00e9s Regional denominado \u201cBarrio Cochrane\u201d, que contempla por primera vez la intervenci\u00f3n del programa en una cabecera Provincial, en este caso en un amplio sector de la ciudad de Cochrane, determinaci\u00f3n que tambi\u00e9n era esperada con gran optimismo y constituye una gran noticia para las autoridades y familias de esa pujante localidad del sur de la regi\u00f3n.<\/p>\n<p style=\"text-align: justify;\">En ese sentido la Delegada Presidencial Regional, Margarita Ossa, destac\u00f3 en trabajo realizado, que da una se\u00f1al de transparencia y descentralizaci\u00f3n que desde un comienzo han sido prioridad para el actual Gobierno y sus autoridades. \u201cHemos realizado una votaci\u00f3n donde se consideran otros criterios que se suman al resultado final de este proceso, donde, en lo que es una muy buena noticia, hemos tenido como barrio prioritario una cabecera provincial en la ciudad de Cochrane. Tenemos un barrio regional ya seleccionado all\u00ed y tambi\u00e9n en el caso de los barrios presentados por Ays\u00e9n y Coyhaique se ha seleccionado el de Coyhaique, que va a tener tambi\u00e9n su pronta intervenci\u00f3n en este programa que contempla una participaci\u00f3n ciudadana fundamental, que tiene una serie de elementos aparejados que son muy beneficiosos y que considera tambi\u00e9n la necesidad y la identidad patrimonial de las personas que forman parte de cada uno de estos barrios\u201d, manifest\u00f3.<\/p>\n<p style=\"text-align: justify;\">Por su parte el Seremi de Vivienda, Diego Silva, destac\u00f3 el gran significado que tiene esta decisi\u00f3n para los vecinos, con los que se ha trabajado mano a mano y en estrecha relaci\u00f3n desde el inicio de la actual administraci\u00f3n. \u201cEstamos muy contentos, porque este es un programa muy valorado por la comunidad, sobre todo porque se piensa, se organiza, se planifica y se ejecuta de la mano con los mismos vecinos, por lo que ellos se sienten parte de su progreso y adem\u00e1s ocupan y cuidan con respeto y cari\u00f1o todas sus obras. Hoy se suma un nuevo barrio para Coyhaique, en un sector que requiere de mucho apoyo, como es El Bosque Patagonia, que incluye a las familias de las poblaciones Villa Patagonia y El Bosque, pero adem\u00e1s por primera vez en la historia estamos descentralizando el accionar del programa y estamos llevando su valioso estilo de trabajo a la ciudad de Cochrane, que hab\u00eda mostrado gran inter\u00e9s en el programa, as\u00ed que estamos muy felices por ellos y muy motivados para que sigamos mejorando la vida y construyendo juntos el futuro de nuestras ciudades\u201d, afirm\u00f3.<\/p>\n<p style=\"text-align: justify;\">En ese sentido el Seremi valor\u00f3 tambi\u00e9n el trabajo de todos los dem\u00e1s integrantes del jurado regional, donde se incluye a los representantes de la Gobernaci\u00f3n Regional, del Serviu y las Secretar\u00edas Regionales de Educaci\u00f3n, Desarrollo Social, Medio Ambiente y Bienes Nacionales, entre otros, quienes conocieron en detalle las propuestas y se comprometieron a ser una parte activa en el desarrollo de los barrios, los proyectos e iniciativas que los mismos vecinos priorizar\u00e1n en el futuro.<\/p>\n<p style=\"text-align: justify;\">El barrio que fue seleccionado para Coyhaique \u201cEl Bosque Patagonia\u201d se ubica en un pol\u00edgono que incluye cerca de 545 viviendas, sumando m\u00e1s de mil 600 habitantes, en tanto que el Barrio de Inter\u00e9s Regional, en la ciudad de Cochrane, se enmarca en el accionar de las unidades vecinales 1 y 2, donde se cuentan unas 407 viviendas y donde viven m\u00e1s de 800 vecinos y vecinas. El monto de inversi\u00f3n bordea los 810 millones de pesos para cada barrio, los que comenzaran su ejecuci\u00f3n durante el a\u00f1o 2022.<\/p>\n<\/div><\/section><\/div><div  style='height:50px' class='hr hr-invisible   avia-builder-el-6  el_after_av_one_full  el_before_av_social_share '><span class='hr-inner ' ><span class='hr-inner-style'><\/span><\/span><\/div><\/p>\n<div  class='av-social-sharing-box  avia-builder-el-7  el_after_av_hr  el_before_av_hr  '><div class='av-share-box'><h5 class='av-share-link-description av-no-toc '>Compartir esta noticia<\/h5><ul class='av-share-box-list noLightbox'><li class='av-share-link av-social-link-facebook' ><a target=\"_blank\" aria-label=\"Compartir en Facebook\" href='https:\/\/www.facebook.com\/sharer.php?u=https:\/\/radiorevelacionfm.cl\/?p=9797&#038;t=Barrio%20de%20Coyhaique%20y%20Cochrane%20resultan%20seleccionados%20en%20Concurso%202021%20de%20Quiero%20Mi%20Barrio' aria-hidden='false' data-av_icon='\ue8f3' data-av_iconfont='entypo-fontello' title='' data-avia-related-tooltip='Compartir en Facebook' rel=\"noopener\"><span class='avia_hidden_link_text'>Compartir en Facebook<\/span><\/a><\/li><li class='av-share-link av-social-link-twitter' ><a target=\"_blank\" aria-label=\"Compartir en Twitter\" href='https:\/\/twitter.com\/share?text=Barrio%20de%20Coyhaique%20y%20Cochrane%20resultan%20seleccionados%20en%20Concurso%202021%20de%20Quiero%20Mi%20Barrio&#038;url=https:\/\/radiorevelacionfm.cl\/?p=9797' aria-hidden='false' data-av_icon='\ue8f1' data-av_iconfont='entypo-fontello' title='' data-avia-related-tooltip='Compartir en Twitter' rel=\"noopener\"><span class='avia_hidden_link_text'>Compartir en Twitter<\/span><\/a><\/li><li class='av-share-link av-social-link-whatsapp' ><a target=\"_blank\" aria-label=\"Compartir en Whatsapp\" href='https:\/\/api.whatsapp.com\/send?text=https:\/\/radiorevelacionfm.cl\/?p=9797' aria-hidden='false' data-av_icon='\uf232' data-av_iconfont='entypo-fontello' title='' data-avia-related-tooltip='Compartir en Whatsapp' rel=\"noopener\"><span class='avia_hidden_link_text'>Compartir en Whatsapp<\/span><\/a><\/li><li class='av-share-link av-social-link-linkedin' ><a target=\"_blank\" aria-label=\"Compartir en LinkedIn\" href='https:\/\/linkedin.com\/shareArticle?mini=true&#038;title=Barrio%20de%20Coyhaique%20y%20Cochrane%20resultan%20seleccionados%20en%20Concurso%202021%20de%20Quiero%20Mi%20Barrio&#038;url=https:\/\/radiorevelacionfm.cl\/?p=9797' aria-hidden='false' data-av_icon='\ue8fc' data-av_iconfont='entypo-fontello' title='' data-avia-related-tooltip='Compartir en LinkedIn' rel=\"noopener\"><span class='avia_hidden_link_text'>Compartir en LinkedIn<\/span><\/a><\/li><li class='av-share-link av-social-link-mail' ><a  aria-label=\"Compartir por correo\" href='mailto:?subject=Barrio%20de%20Coyhaique%20y%20Cochrane%20resultan%20seleccionados%20en%20Concurso%202021%20de%20Quiero%20Mi%20Barrio&#038;body=https:\/\/radiorevelacionfm.cl\/?p=9797' aria-hidden='false' data-av_icon='\ue805' data-av_iconfont='entypo-fontello' title='' data-avia-related-tooltip='Compartir por correo'><span class='avia_hidden_link_text'>Compartir por correo<\/span><\/a><\/li><\/ul><\/div><\/div>\n<div  style='height:50px' class='hr hr-invisible   avia-builder-el-8  el_after_av_social_share  el_before_av_comments_list '><span class='hr-inner ' ><span class='hr-inner-style'><\/span><\/span><\/div>\n<div  class='av-buildercomment  av-blog-meta-html-info-disabled av-blog-meta-tag-disabled  '><\/div>\n","protected":false},"excerpt":{"rendered":"","protected":false},"author":1,"featured_media":9798,"comment_status":"open","ping_status":"open","sticky":false,"template":"","format":"standard","meta":{"footnotes":""},"categories":[57],"tags":[],"class_list":["post-9797","post","type-post","status-publish","format-standard","has-post-thumbnail","hentry","category-vivienda"],"jetpack_featured_media_url":"https:\/\/radiorevelacionfm.cl\/wp-content\/uploads\/2021\/10\/foto-jurado-regional-concurso-2021-quiero-mi-barrio-1_optimized.jpg","_links":{"self":[{"href":"https:\/\/radiorevelacionfm.cl\/index.php?rest_route=\/wp\/v2\/posts\/9797","targetHints":{"allow":["GET"]}}],"collection":[{"href":"https:\/\/radiorevelacionfm.cl\/index.php?rest_route=\/wp\/v2\/posts"}],"about":[{"href":"https:\/\/radiorevelacionfm.cl\/index.php?rest_route=\/wp\/v2\/types\/post"}],"author":[{"embeddable":true,"href":"https:\/\/radiorevelacionfm.cl\/index.php?rest_route=\/wp\/v2\/users\/1"}],"replies":[{"embeddable":true,"href":"https:\/\/radiorevelacionfm.cl\/index.php?rest_route=%2Fwp%2Fv2%2Fcomments&post=9797"}],"version-history":[{"count":1,"href":"https:\/\/radiorevelacionfm.cl\/index.php?rest_route=\/wp\/v2\/posts\/9797\/revisions"}],"predecessor-version":[{"id":9799,"href":"https:\/\/radiorevelacionfm.cl\/index.php?rest_route=\/wp\/v2\/posts\/9797\/revisions\/9799"}],"wp:featuredmedia":[{"embeddable":true,"href":"https:\/\/radiorevelacionfm.cl\/index.php?rest_route=\/wp\/v2\/media\/9798"}],"wp:attachment":[{"href":"https:\/\/radiorevelacionfm.cl\/index.php?rest_route=%2Fwp%2Fv2%2Fmedia&parent=9797"}],"wp:term":[{"taxonomy":"category","embeddable":true,"href":"https:\/\/radiorevelacionfm.cl\/index.php?rest_route=%2Fwp%2Fv2%2Fcategories&post=9797"},{"taxonomy":"post_tag","embeddable":true,"href":"https:\/\/radiorevelacionfm.cl\/index.php?rest_route=%2Fwp%2Fv2%2Ftags&post=9797"}],"curies":[{"name":"wp","href":"https:\/\/api.w.org\/{rel}","templated":true}]}}