{"id":9793,"date":"2021-10-19T16:30:51","date_gmt":"2021-10-19T19:30:51","guid":{"rendered":"https:\/\/radiorevelacionfm.cl\/?p=9793"},"modified":"2021-10-19T16:30:51","modified_gmt":"2021-10-19T19:30:51","slug":"comenzo-conservacion-del-control-aluvional-en-el-cordon-del-cerro-divisadero","status":"publish","type":"post","link":"https:\/\/radiorevelacionfm.cl\/?p=9793","title":{"rendered":"Comenz\u00f3 conservaci\u00f3n del control aluvional en el cord\u00f3n del Cerro Divisadero"},"content":{"rendered":"<div class=\"flex_column av_one_full  flex_column_div av-zero-column-padding first  avia-builder-el-0  el_before_av_one_full  avia-builder-el-first  \" style='border-radius:0px; '><div  class='avia-image-container  av-styling-    avia-builder-el-1  avia-builder-el-no-sibling  avia-align-center '  itemprop=\"image\" itemscope=\"itemscope\" itemtype=\"https:\/\/schema.org\/ImageObject\"  ><div class='avia-image-container-inner'><div class='avia-image-overlay-wrap'><img decoding=\"async\" class='wp-image-9795 avia-img-lazy-loading-not-9795 avia_image' src=\"https:\/\/radiorevelacionfm.cl\/wp-content\/uploads\/2021\/10\/cuatro-1_optimized.jpg\" alt='' title='cuatro-(1)_optimized' height=\"600\" width=\"776\"  itemprop=\"thumbnailUrl\" srcset=\"https:\/\/radiorevelacionfm.cl\/wp-content\/uploads\/2021\/10\/cuatro-1_optimized.jpg 776w, https:\/\/radiorevelacionfm.cl\/wp-content\/uploads\/2021\/10\/cuatro-1_optimized-300x232.jpg 300w, https:\/\/radiorevelacionfm.cl\/wp-content\/uploads\/2021\/10\/cuatro-1_optimized-768x594.jpg 768w, https:\/\/radiorevelacionfm.cl\/wp-content\/uploads\/2021\/10\/cuatro-1_optimized-705x545.jpg 705w, https:\/\/radiorevelacionfm.cl\/wp-content\/uploads\/2021\/10\/cuatro-1_optimized-600x464.jpg 600w\" sizes=\"(max-width: 776px) 100vw, 776px\" \/><\/div><\/div><\/div><\/div><div class=\"flex_column av_one_full  flex_column_div av-zero-column-padding first  avia-builder-el-2  el_after_av_one_full  el_before_av_one_full  column-top-margin\" style='border-radius:0px; '><section class=\"av_textblock_section \"  itemscope=\"itemscope\" itemtype=\"https:\/\/schema.org\/BlogPosting\" itemprop=\"blogPost\" ><div class='avia_textblock  '   itemprop=\"text\" ><p style=\"text-align: center;\"><strong><span style=\"font-size: 18pt;\">Comenz\u00f3 conservaci\u00f3n del control aluvional en el cord\u00f3n del Cerro Divisadero<\/span><\/strong><\/p>\n<div id=\"gtx-trans\" style=\"position: absolute; left: -50px; top: 4.31534px;\">\n<div class=\"gtx-trans-icon\"><\/div>\n<\/div>\n<\/div><\/section><\/div><div class=\"flex_column av_one_full  flex_column_div av-zero-column-padding first  avia-builder-el-4  el_after_av_one_full  el_before_av_hr  column-top-margin\" style='border-radius:0px; '><section class=\"av_textblock_section \"  itemscope=\"itemscope\" itemtype=\"https:\/\/schema.org\/BlogPosting\" itemprop=\"blogPost\" ><div class='avia_textblock  '   itemprop=\"text\" ><p style=\"text-align: justify;\">El Secretario Regional Ministerial de Obras P\u00fablicas, N\u00e9stor Mera Mu\u00f1oz, inform\u00f3 esta semana el inicio de la segunda etapa de obras de Control Aluvional en el Cerro Divisadero y la pronta adjudicaci\u00f3n de una tercera etapa de estos trabajos los que conjuntamente consideran una inversi\u00f3n de $527 millones y entregaran empleo a 20 personas, en el marco de la ejecuci\u00f3n del plan Paso a Paso Chile Se Recupera, que como Ministerio de Obras P\u00fablicas estamos llevando adelante en la regi\u00f3n de Ays\u00e9n.<\/p>\n<p style=\"text-align: justify;\">\u201cTenemos muy buenas noticias para la comunidad de Coyhaique, porque \u00a0como gobierno y Ministerio de Obras P\u00fablicas hemos priorizado anticiparnos y generar con nuestra Direcci\u00f3n Regional de Obras Hidr\u00e1ulicas obras muy importantes, las que nos permiten como ciudad tener una mayor preparaci\u00f3n frente a eventuales aluviones y mitigar sus efectos, y para eso ya hemos efectuado la entrega de terreno e iniciamos la segunda etapa de los trabajos de conservaci\u00f3n del Control Aluvional en el cord\u00f3n del Cerro Divisadero, y estamos pronto a adjudicar la ejecuci\u00f3n de una tercera etapa de ellos, lo que posibilitar\u00e1 trabajar en forma integral en el cord\u00f3n del cerro Divisadero con el fin de entregar mayores niveles de protecci\u00f3n a los vecinos de Coyhaique, a sus viviendas e infraestructura p\u00fablica frente a eventuales aluviones, con una soluci\u00f3n que posibilitar\u00e1 la conducci\u00f3n de los caudales sin sedimentos en forma controlada hasta sus receptores finales, evitando con ello que \u00e9stos afecten a los vecinos de la ciudad de Coyhaique\u201d, afirm\u00f3 el Seremi del MOP.<\/p>\n<p style=\"text-align: justify;\">Por su parte, el Director Regional de Obras Hidr\u00e1ulicas, Cristian Aguilar Cay\u00fan detall\u00f3 los trabajos en ambas etapas indicando que \u201cen esta segunda etapa vamos a construir estructuras de manejo y control de flujos en una subcuenca del cord\u00f3n Divisadero, y revestiremos con hormig\u00f3n un cauce de 300 metros de largo, lo que corresponde a la parte final de un \u00e1rea de drenaje de aproximadamente 84 hect\u00e1reas para captar, conducir y disponer de aguas que provienen del drenaje de la cuenca y quebrada sobre la poblaci\u00f3n del Cerro Divisadero. En tanto, en la tercera etapa vamos a generar \u00a0el revestimiento con hormig\u00f3n de un canal interceptor trapezoidal de 325 metros, realizaremos el reemplazo de \u00a0alcantarillas por puentes losa en la quebrada Las Lengas y en la quebrada Las Lumas y la construcci\u00f3n de cerco perimetral\u201d.<\/p>\n<\/div><\/section><\/div><div  style='height:50px' class='hr hr-invisible   avia-builder-el-6  el_after_av_one_full  el_before_av_social_share '><span class='hr-inner ' ><span class='hr-inner-style'><\/span><\/span><\/div><\/p>\n<div  class='av-social-sharing-box  avia-builder-el-7  el_after_av_hr  el_before_av_hr  '><div class='av-share-box'><h5 class='av-share-link-description av-no-toc '>Compartir esta noticia<\/h5><ul class='av-share-box-list noLightbox'><li class='av-share-link av-social-link-facebook' ><a target=\"_blank\" aria-label=\"Compartir en Facebook\" href='https:\/\/www.facebook.com\/sharer.php?u=https:\/\/radiorevelacionfm.cl\/?p=9793&#038;t=Comenz%C3%B3%20conservaci%C3%B3n%20del%20control%20aluvional%20en%20el%20cord%C3%B3n%20del%20Cerro%20Divisadero' aria-hidden='false' data-av_icon='\ue8f3' data-av_iconfont='entypo-fontello' title='' data-avia-related-tooltip='Compartir en Facebook' rel=\"noopener\"><span class='avia_hidden_link_text'>Compartir en Facebook<\/span><\/a><\/li><li class='av-share-link av-social-link-twitter' ><a target=\"_blank\" aria-label=\"Compartir en Twitter\" href='https:\/\/twitter.com\/share?text=Comenz%C3%B3%20conservaci%C3%B3n%20del%20control%20aluvional%20en%20el%20cord%C3%B3n%20del%20Cerro%20Divisadero&#038;url=https:\/\/radiorevelacionfm.cl\/?p=9793' aria-hidden='false' data-av_icon='\ue8f1' data-av_iconfont='entypo-fontello' title='' data-avia-related-tooltip='Compartir en Twitter' rel=\"noopener\"><span class='avia_hidden_link_text'>Compartir en Twitter<\/span><\/a><\/li><li class='av-share-link av-social-link-whatsapp' ><a target=\"_blank\" aria-label=\"Compartir en Whatsapp\" href='https:\/\/api.whatsapp.com\/send?text=https:\/\/radiorevelacionfm.cl\/?p=9793' aria-hidden='false' data-av_icon='\uf232' data-av_iconfont='entypo-fontello' title='' data-avia-related-tooltip='Compartir en Whatsapp' rel=\"noopener\"><span class='avia_hidden_link_text'>Compartir en Whatsapp<\/span><\/a><\/li><li class='av-share-link av-social-link-linkedin' ><a target=\"_blank\" aria-label=\"Compartir en LinkedIn\" href='https:\/\/linkedin.com\/shareArticle?mini=true&#038;title=Comenz%C3%B3%20conservaci%C3%B3n%20del%20control%20aluvional%20en%20el%20cord%C3%B3n%20del%20Cerro%20Divisadero&#038;url=https:\/\/radiorevelacionfm.cl\/?p=9793' aria-hidden='false' data-av_icon='\ue8fc' data-av_iconfont='entypo-fontello' title='' data-avia-related-tooltip='Compartir en LinkedIn' rel=\"noopener\"><span class='avia_hidden_link_text'>Compartir en LinkedIn<\/span><\/a><\/li><li class='av-share-link av-social-link-mail' ><a  aria-label=\"Compartir por correo\" href='mailto:?subject=Comenz%C3%B3%20conservaci%C3%B3n%20del%20control%20aluvional%20en%20el%20cord%C3%B3n%20del%20Cerro%20Divisadero&#038;body=https:\/\/radiorevelacionfm.cl\/?p=9793' aria-hidden='false' data-av_icon='\ue805' data-av_iconfont='entypo-fontello' title='' data-avia-related-tooltip='Compartir por correo'><span class='avia_hidden_link_text'>Compartir por correo<\/span><\/a><\/li><\/ul><\/div><\/div>\n<div  style='height:50px' class='hr hr-invisible   avia-builder-el-8  el_after_av_social_share  el_before_av_comments_list '><span class='hr-inner ' ><span class='hr-inner-style'><\/span><\/span><\/div>\n<div  class='av-buildercomment  av-blog-meta-html-info-disabled av-blog-meta-tag-disabled  '><\/div>\n","protected":false},"excerpt":{"rendered":"","protected":false},"author":1,"featured_media":9795,"comment_status":"open","ping_status":"open","sticky":false,"template":"","format":"standard","meta":{"footnotes":""},"categories":[38],"tags":[],"class_list":["post-9793","post","type-post","status-publish","format-standard","has-post-thumbnail","hentry","category-regional"],"jetpack_featured_media_url":"https:\/\/radiorevelacionfm.cl\/wp-content\/uploads\/2021\/10\/cuatro-1_optimized.jpg","_links":{"self":[{"href":"https:\/\/radiorevelacionfm.cl\/index.php?rest_route=\/wp\/v2\/posts\/9793","targetHints":{"allow":["GET"]}}],"collection":[{"href":"https:\/\/radiorevelacionfm.cl\/index.php?rest_route=\/wp\/v2\/posts"}],"about":[{"href":"https:\/\/radiorevelacionfm.cl\/index.php?rest_route=\/wp\/v2\/types\/post"}],"author":[{"embeddable":true,"href":"https:\/\/radiorevelacionfm.cl\/index.php?rest_route=\/wp\/v2\/users\/1"}],"replies":[{"embeddable":true,"href":"https:\/\/radiorevelacionfm.cl\/index.php?rest_route=%2Fwp%2Fv2%2Fcomments&post=9793"}],"version-history":[{"count":1,"href":"https:\/\/radiorevelacionfm.cl\/index.php?rest_route=\/wp\/v2\/posts\/9793\/revisions"}],"predecessor-version":[{"id":9796,"href":"https:\/\/radiorevelacionfm.cl\/index.php?rest_route=\/wp\/v2\/posts\/9793\/revisions\/9796"}],"wp:featuredmedia":[{"embeddable":true,"href":"https:\/\/radiorevelacionfm.cl\/index.php?rest_route=\/wp\/v2\/media\/9795"}],"wp:attachment":[{"href":"https:\/\/radiorevelacionfm.cl\/index.php?rest_route=%2Fwp%2Fv2%2Fmedia&parent=9793"}],"wp:term":[{"taxonomy":"category","embeddable":true,"href":"https:\/\/radiorevelacionfm.cl\/index.php?rest_route=%2Fwp%2Fv2%2Fcategories&post=9793"},{"taxonomy":"post_tag","embeddable":true,"href":"https:\/\/radiorevelacionfm.cl\/index.php?rest_route=%2Fwp%2Fv2%2Ftags&post=9793"}],"curies":[{"name":"wp","href":"https:\/\/api.w.org\/{rel}","templated":true}]}}