{"id":9790,"date":"2021-10-19T17:24:28","date_gmt":"2021-10-19T20:24:28","guid":{"rendered":"https:\/\/radiorevelacionfm.cl\/?p=9790"},"modified":"2021-10-19T17:24:28","modified_gmt":"2021-10-19T20:24:28","slug":"el-festival-de-la-ciencia-trae-una-serie-de-actividades-para-que-la-comunidad-aysenina-disfrute-en-familia","status":"publish","type":"post","link":"https:\/\/radiorevelacionfm.cl\/?p=9790","title":{"rendered":"El Festival de la Ciencia trae una serie de actividades para que la comunidad aysenina disfrute en familia"},"content":{"rendered":"<div class=\"flex_column av_one_full  flex_column_div av-zero-column-padding first  avia-builder-el-0  el_before_av_one_full  avia-builder-el-first  \" style='border-radius:0px; '><div  class='avia-image-container  av-styling-    avia-builder-el-1  avia-builder-el-no-sibling  avia-align-center '  itemprop=\"image\" itemscope=\"itemscope\" itemtype=\"https:\/\/schema.org\/ImageObject\"  ><div class='avia-image-container-inner'><div class='avia-image-overlay-wrap'><img decoding=\"async\" class='wp-image-9791 avia-img-lazy-loading-not-9791 avia_image' src=\"https:\/\/radiorevelacionfm.cl\/wp-content\/uploads\/2021\/10\/feci-celebrar-la-curiosidad_optimized.jpg\" alt='' title='feci-celebrar-la-curiosidad_optimized' height=\"600\" width=\"899\"  itemprop=\"thumbnailUrl\" srcset=\"https:\/\/radiorevelacionfm.cl\/wp-content\/uploads\/2021\/10\/feci-celebrar-la-curiosidad_optimized.jpg 899w, https:\/\/radiorevelacionfm.cl\/wp-content\/uploads\/2021\/10\/feci-celebrar-la-curiosidad_optimized-300x200.jpg 300w, https:\/\/radiorevelacionfm.cl\/wp-content\/uploads\/2021\/10\/feci-celebrar-la-curiosidad_optimized-768x513.jpg 768w, https:\/\/radiorevelacionfm.cl\/wp-content\/uploads\/2021\/10\/feci-celebrar-la-curiosidad_optimized-705x471.jpg 705w, https:\/\/radiorevelacionfm.cl\/wp-content\/uploads\/2021\/10\/feci-celebrar-la-curiosidad_optimized-600x400.jpg 600w\" sizes=\"(max-width: 899px) 100vw, 899px\" \/><\/div><\/div><\/div><\/div><div class=\"flex_column av_one_full  flex_column_div av-zero-column-padding first  avia-builder-el-2  el_after_av_one_full  el_before_av_one_full  column-top-margin\" style='border-radius:0px; '><section class=\"av_textblock_section \"  itemscope=\"itemscope\" itemtype=\"https:\/\/schema.org\/BlogPosting\" itemprop=\"blogPost\" ><div class='avia_textblock  '   itemprop=\"text\" ><p style=\"text-align: center;\"><span style=\"font-size: 18pt;\"><strong>El Festival de la Ciencia trae una serie de actividades para que la comunidad aysenina disfrute en familia<\/strong><\/span><\/p>\n<div id=\"gtx-trans\" style=\"position: absolute; left: -50px; top: 4.31534px;\">\n<div class=\"gtx-trans-icon\"><\/div>\n<\/div>\n<\/div><\/section><\/div><div class=\"flex_column av_one_full  flex_column_div av-zero-column-padding first  avia-builder-el-4  el_after_av_one_full  el_before_av_hr  column-top-margin\" style='border-radius:0px; '><section class=\"av_textblock_section \"  itemscope=\"itemscope\" itemtype=\"https:\/\/schema.org\/BlogPosting\" itemprop=\"blogPost\" ><div class='avia_textblock  '   itemprop=\"text\" ><p style=\"text-align: justify;\">Diversas son las actividades que ha programado el Proyecto Asociativo Regional Explora Ays\u00e9n, en conjunto con otras instituciones p\u00fablicas y privadas, para esta nueva versi\u00f3n del Festival de la Ciencia 2021 (FECI). Laboratorios abiertos, talleres y un concierto con artistas y m\u00fasicos regionales que invitar\u00e1n a reflexionar acerca de la conservaci\u00f3n del patrimonio natural, son algunas de las iniciativas que estar\u00e1n disponibles para toda la familia.<\/p>\n<p style=\"text-align: justify;\">\u201cEl esp\u00edritu de FECI ha sido constituirse como un hito colectivo, p\u00fablico, participativo y nacional que incorpora la ciencia al imaginario ciudadano. Esto sigue presente en la versi\u00f3n 2021, sin embargo, nos pareci\u00f3 significativo incorporar elementos que respondan al momento que vivimos y que recojan los estados de \u00e1nimo que esta pandemia ha tra\u00eddo consigo. Hoy resulta m\u00e1s importante que nunca acercar el conocimiento a la ciudadan\u00eda y generar apropiaciones culturales para comprender mejor lo que estamos viviendo, gestionar la incertidumbre y valorar los aprendizajes\u201d, asegur\u00f3 el ministro de Ciencia, Andr\u00e9s Couve.<\/p>\n<p style=\"text-align: justify;\">La Seremi de Ciencia, Pamela Santib\u00e1\u00f1ez, coment\u00f3 que el primer eje de la Pol\u00edtica Nacional de Ciencia, Tecnolog\u00eda, Conocimiento e Innovaci\u00f3n es la Vinculaci\u00f3n con la Sociedad, \u201cen la regi\u00f3n se van a realizar diversas actividades que buscan asombrarnos y conectarnos al quehacer cient\u00edfico, distribuir el conocimiento a ni\u00f1os, ni\u00f1as, j\u00f3venes y adultos, conocer el proceso de \u201chacer\u201d ciencia y entender su esencia, la curiosidad y soluci\u00f3n de problemas. La Pandemia nos mostr\u00f3 la importancia de la distribuci\u00f3n del conocimiento generado, que salga de los laboratorios y universidades y llegue a las personas, eso permite que todas y todos podamos usar ese conocimiento cotidianamente. El uso del conocimiento generado en los territorios nos permite habitar de una manera sostenible y ante una crisis, como la clim\u00e1tica, enfrentarla de manera eficiente. Por eso los invito a participar de las diversas iniciativas que el PAR Explora Ays\u00e9n y otras instituciones de la regi\u00f3n y el pa\u00eds han preparado como, por ejemplo: visitas a laboratorios, podcast, stand up, obras de teatro y danza, conciertos e intervenciones urbanas. Somos diversos por lo tanto existe una diversidad de iniciativas para distintos p\u00fablicos\u201d.<\/p>\n<p style=\"text-align: justify;\">Del 20 al 24 de octubre la comunidad aysenina podr\u00e1 participar de diversas actividades como los talleres virtuales: \u201cTu historia es tambi\u00e9n mi historia: Reconstituyendo la historia de nuestros antepasados a trav\u00e9s del arte rupestre\u201d, \u201cLeer mi entorno natural a trav\u00e9s del arte, los libros y los sentidos\u201d, \u201cBIO Cer\u00e1micos dom\u00e9sticos: Descubriendo materiales a partir de desechos dom\u00e9sticos\u201d y \u201cOrigamix: papeles que hablan\u201d.<\/p>\n<p style=\"text-align: justify;\">Tambi\u00e9n contar\u00e1 con talleres presenciales: \u201cChelenko, una historia contada a trav\u00e9s de la pintura rupestre\u201d, donde se revisar\u00e1 parte de la historia art\u00edstica del territorio, adentr\u00e1ndose en los enigmas y misterios del arte rupestre de la Patagonia chilena; \u201cDe la Trapananda al Ais\u00e9n: Una historia, hilada, tejida y narrada por mujeres\u201d conversaci\u00f3n que mostrar\u00e1 el mundo de las tejenderas de la zona, relevando el rol de la mujer Patagona en sus m\u00faltiples dimensiones; y \u201cEl oficio de contar historias\u201d, donde descubrir\u00e1n qu\u00e9 tienen en com\u00fan cuenta-cuentos, el cantor y el mentiroso infaltable de fogones y velorios.<\/p>\n<p style=\"text-align: justify;\">A estas actividades se suman recorridos virtuales por los laboratorios de reciclaje y nuevos materiales, investigaciones marinas y microbiolog\u00eda molecular, y las instalaciones del Centro de Investigaci\u00f3n en Ecosistemas de la Patagonia (CIEP). Adem\u00e1s, los que se conecten al recorrido \u201cAis\u00e9n entre Pulper\u00edas, Taperas y Ranchos\u201d, podr\u00e1n conocer acerca del poblamiento de la Regi\u00f3n, respondiendo preguntas como por qu\u00e9 las casas y construcciones m\u00e1s ic\u00f3nicas son como son.<\/p>\n<p style=\"text-align: justify;\">El PAR Explora Ays\u00e9n tambi\u00e9n organiz\u00f3 el conversatorio virtual \u201cAgentes de cambio: l\u00edderes j\u00f3venes por la transformaci\u00f3n socio-ambiental\u201d, donde participar\u00e1n Valentina Mu\u00f1oz (Chica rosadita), Julieta Mart\u00ednez (colectivo Tremendas) y Catalina Silva (ConCausa). Esta actividad est\u00e1 dirigida a j\u00f3venes entre 14 y 18 a\u00f1os que se consideren o quieran ser influencers, y que busquen una transformaci\u00f3n social.<\/p>\n<p style=\"text-align: justify;\">Por \u00faltimo \u201cUn canto a la biodiversidad regional 23 al ritmo de folklore y el rap\u201d, evento virtual con la participaci\u00f3n de Naara Andariega (cantautora), Luciano Auad (payador), Flow de Piel (rapera) y Ramiro Bustamante (ec\u00f3logo y escritor de Biod\u00e9cimas). Este concierto llevar\u00e1 la poes\u00eda de la mano de un ec\u00f3logo al ritmo de la m\u00fasica aysenina, e invitar\u00e1 a reflexionar acerca de la conservaci\u00f3n del patrimonio natural de la zona. (Para conocer m\u00e1s de la parrilla de Explora Ays\u00e9n visitar el siguiente link https:\/\/www.explora.cl\/aysen\/feci2021\/)<\/p>\n<p style=\"text-align: justify;\">Adem\u00e1s, a nivel nacional, el festival contar\u00e1 con una app de realidad aumentada para conocer 12 especies chilenas prehist\u00f3ricas como el Chilesaurio, y FECI TV, un canal de televisi\u00f3n que a trav\u00e9s de la cuenta de YouTube de Ciencia P\u00fablica emitir\u00e1 un programa de cocina y ciencia y un<em> late show<\/em> conducido por Ignacio Franzani, donde expertas y expertos conversar\u00e1n sobre tem\u00e1ticas cotidianas como la salud mental, el amor y la m\u00fasica.<\/p>\n<p style=\"text-align: justify;\">En el siguiente enlace podr\u00e1n revisar la parrilla program\u00e1tica completa del FECI 2021 <a href=\"http:\/\/www.festivaldelaciencia.cl\/\">www.festivaldelaciencia.cl<\/a>.<\/p>\n<\/div><\/section><\/div><div  style='height:50px' class='hr hr-invisible   avia-builder-el-6  el_after_av_one_full  el_before_av_social_share '><span class='hr-inner ' ><span class='hr-inner-style'><\/span><\/span><\/div><\/p>\n<div  class='av-social-sharing-box  avia-builder-el-7  el_after_av_hr  el_before_av_hr  '><div class='av-share-box'><h5 class='av-share-link-description av-no-toc '>Compartir esta noticia<\/h5><ul class='av-share-box-list noLightbox'><li class='av-share-link av-social-link-facebook' ><a target=\"_blank\" aria-label=\"Compartir en Facebook\" href='https:\/\/www.facebook.com\/sharer.php?u=https:\/\/radiorevelacionfm.cl\/?p=9790&#038;t=El%20Festival%20de%20la%20Ciencia%20trae%20una%20serie%20de%20actividades%20para%20que%20la%20comunidad%20aysenina%20disfrute%20en%20familia' aria-hidden='false' data-av_icon='\ue8f3' data-av_iconfont='entypo-fontello' title='' data-avia-related-tooltip='Compartir en Facebook' rel=\"noopener\"><span class='avia_hidden_link_text'>Compartir en Facebook<\/span><\/a><\/li><li class='av-share-link av-social-link-twitter' ><a target=\"_blank\" aria-label=\"Compartir en Twitter\" href='https:\/\/twitter.com\/share?text=El%20Festival%20de%20la%20Ciencia%20trae%20una%20serie%20de%20actividades%20para%20que%20la%20comunidad%20aysenina%20disfrute%20en%20familia&#038;url=https:\/\/radiorevelacionfm.cl\/?p=9790' aria-hidden='false' data-av_icon='\ue8f1' data-av_iconfont='entypo-fontello' title='' data-avia-related-tooltip='Compartir en Twitter' rel=\"noopener\"><span class='avia_hidden_link_text'>Compartir en Twitter<\/span><\/a><\/li><li class='av-share-link av-social-link-whatsapp' ><a target=\"_blank\" aria-label=\"Compartir en Whatsapp\" href='https:\/\/api.whatsapp.com\/send?text=https:\/\/radiorevelacionfm.cl\/?p=9790' aria-hidden='false' data-av_icon='\uf232' data-av_iconfont='entypo-fontello' title='' data-avia-related-tooltip='Compartir en Whatsapp' rel=\"noopener\"><span class='avia_hidden_link_text'>Compartir en Whatsapp<\/span><\/a><\/li><li class='av-share-link av-social-link-linkedin' ><a target=\"_blank\" aria-label=\"Compartir en LinkedIn\" href='https:\/\/linkedin.com\/shareArticle?mini=true&#038;title=El%20Festival%20de%20la%20Ciencia%20trae%20una%20serie%20de%20actividades%20para%20que%20la%20comunidad%20aysenina%20disfrute%20en%20familia&#038;url=https:\/\/radiorevelacionfm.cl\/?p=9790' aria-hidden='false' data-av_icon='\ue8fc' data-av_iconfont='entypo-fontello' title='' data-avia-related-tooltip='Compartir en LinkedIn' rel=\"noopener\"><span class='avia_hidden_link_text'>Compartir en LinkedIn<\/span><\/a><\/li><li class='av-share-link av-social-link-mail' ><a  aria-label=\"Compartir por correo\" href='mailto:?subject=El%20Festival%20de%20la%20Ciencia%20trae%20una%20serie%20de%20actividades%20para%20que%20la%20comunidad%20aysenina%20disfrute%20en%20familia&#038;body=https:\/\/radiorevelacionfm.cl\/?p=9790' aria-hidden='false' data-av_icon='\ue805' data-av_iconfont='entypo-fontello' title='' data-avia-related-tooltip='Compartir por correo'><span class='avia_hidden_link_text'>Compartir por correo<\/span><\/a><\/li><\/ul><\/div><\/div>\n<div  style='height:50px' class='hr hr-invisible   avia-builder-el-8  el_after_av_social_share  el_before_av_comments_list '><span class='hr-inner ' ><span class='hr-inner-style'><\/span><\/span><\/div>\n<div  class='av-buildercomment  av-blog-meta-html-info-disabled av-blog-meta-tag-disabled  '><\/div>\n","protected":false},"excerpt":{"rendered":"","protected":false},"author":1,"featured_media":9791,"comment_status":"open","ping_status":"open","sticky":false,"template":"","format":"standard","meta":{"footnotes":""},"categories":[53],"tags":[],"class_list":["post-9790","post","type-post","status-publish","format-standard","has-post-thumbnail","hentry","category-ciencia"],"jetpack_featured_media_url":"https:\/\/radiorevelacionfm.cl\/wp-content\/uploads\/2021\/10\/feci-celebrar-la-curiosidad_optimized.jpg","_links":{"self":[{"href":"https:\/\/radiorevelacionfm.cl\/index.php?rest_route=\/wp\/v2\/posts\/9790","targetHints":{"allow":["GET"]}}],"collection":[{"href":"https:\/\/radiorevelacionfm.cl\/index.php?rest_route=\/wp\/v2\/posts"}],"about":[{"href":"https:\/\/radiorevelacionfm.cl\/index.php?rest_route=\/wp\/v2\/types\/post"}],"author":[{"embeddable":true,"href":"https:\/\/radiorevelacionfm.cl\/index.php?rest_route=\/wp\/v2\/users\/1"}],"replies":[{"embeddable":true,"href":"https:\/\/radiorevelacionfm.cl\/index.php?rest_route=%2Fwp%2Fv2%2Fcomments&post=9790"}],"version-history":[{"count":1,"href":"https:\/\/radiorevelacionfm.cl\/index.php?rest_route=\/wp\/v2\/posts\/9790\/revisions"}],"predecessor-version":[{"id":9792,"href":"https:\/\/radiorevelacionfm.cl\/index.php?rest_route=\/wp\/v2\/posts\/9790\/revisions\/9792"}],"wp:featuredmedia":[{"embeddable":true,"href":"https:\/\/radiorevelacionfm.cl\/index.php?rest_route=\/wp\/v2\/media\/9791"}],"wp:attachment":[{"href":"https:\/\/radiorevelacionfm.cl\/index.php?rest_route=%2Fwp%2Fv2%2Fmedia&parent=9790"}],"wp:term":[{"taxonomy":"category","embeddable":true,"href":"https:\/\/radiorevelacionfm.cl\/index.php?rest_route=%2Fwp%2Fv2%2Fcategories&post=9790"},{"taxonomy":"post_tag","embeddable":true,"href":"https:\/\/radiorevelacionfm.cl\/index.php?rest_route=%2Fwp%2Fv2%2Ftags&post=9790"}],"curies":[{"name":"wp","href":"https:\/\/api.w.org\/{rel}","templated":true}]}}