{"id":9787,"date":"2021-10-19T15:23:59","date_gmt":"2021-10-19T18:23:59","guid":{"rendered":"https:\/\/radiorevelacionfm.cl\/?p=9787"},"modified":"2021-10-19T15:23:59","modified_gmt":"2021-10-19T18:23:59","slug":"cochrane-contara-con-nuevas-senaleticas-y-veredas-financiadas-por-subdere","status":"publish","type":"post","link":"https:\/\/radiorevelacionfm.cl\/?p=9787","title":{"rendered":"Cochrane contar\u00e1 con nuevas se\u00f1al\u00e9ticas y veredas financiadas por Subdere"},"content":{"rendered":"<div class=\"flex_column av_one_full  flex_column_div av-zero-column-padding first  avia-builder-el-0  el_before_av_one_full  avia-builder-el-first  \" style='border-radius:0px; '><div  class='avia-image-container  av-styling-    avia-builder-el-1  avia-builder-el-no-sibling  avia-align-center '  itemprop=\"image\" itemscope=\"itemscope\" itemtype=\"https:\/\/schema.org\/ImageObject\"  ><div class='avia-image-container-inner'><div class='avia-image-overlay-wrap'><img decoding=\"async\" class='wp-image-9788 avia-img-lazy-loading-not-9788 avia_image' src=\"https:\/\/radiorevelacionfm.cl\/wp-content\/uploads\/2021\/10\/unnamed-7i-1-1.jpg\" alt='' title='unnamed (7)i (1) (1)' height=\"600\" width=\"852\"  itemprop=\"thumbnailUrl\" srcset=\"https:\/\/radiorevelacionfm.cl\/wp-content\/uploads\/2021\/10\/unnamed-7i-1-1.jpg 852w, https:\/\/radiorevelacionfm.cl\/wp-content\/uploads\/2021\/10\/unnamed-7i-1-1-300x211.jpg 300w, https:\/\/radiorevelacionfm.cl\/wp-content\/uploads\/2021\/10\/unnamed-7i-1-1-768x541.jpg 768w, https:\/\/radiorevelacionfm.cl\/wp-content\/uploads\/2021\/10\/unnamed-7i-1-1-705x496.jpg 705w, https:\/\/radiorevelacionfm.cl\/wp-content\/uploads\/2021\/10\/unnamed-7i-1-1-600x423.jpg 600w\" sizes=\"(max-width: 852px) 100vw, 852px\" \/><\/div><\/div><\/div><\/div><div class=\"flex_column av_one_full  flex_column_div av-zero-column-padding first  avia-builder-el-2  el_after_av_one_full  el_before_av_one_full  column-top-margin\" style='border-radius:0px; '><section class=\"av_textblock_section \"  itemscope=\"itemscope\" itemtype=\"https:\/\/schema.org\/BlogPosting\" itemprop=\"blogPost\" ><div class='avia_textblock  '   itemprop=\"text\" ><p style=\"text-align: center;\"><span style=\"font-size: 18pt;\"><b>Cochrane contar\u00e1 con nuevas se\u00f1al\u00e9ticas y veredas financiadas por Subdere<\/b><\/span><\/p>\n<div id=\"gtx-trans\" style=\"position: absolute; left: -50px; top: 4.31534px;\">\n<div class=\"gtx-trans-icon\"><\/div>\n<\/div>\n<\/div><\/section><\/div><div class=\"flex_column av_one_full  flex_column_div av-zero-column-padding first  avia-builder-el-4  el_after_av_one_full  el_before_av_hr  column-top-margin\" style='border-radius:0px; '><section class=\"av_textblock_section \"  itemscope=\"itemscope\" itemtype=\"https:\/\/schema.org\/BlogPosting\" itemprop=\"blogPost\" ><div class='avia_textblock  '   itemprop=\"text\" ><p style=\"font-weight: 400; text-align: justify;\">El jefe regional Subdere Ays\u00e9n, Patricio Ulloa, entreg\u00f3 al alcalde de Cochrane, Jorge Calder\u00f3n, la resoluci\u00f3n que asigna los recursos desde la Subsecretar\u00eda de Desarrollo Regional y Administrativo (Subdere) para concretar dos importantes proyectos para la comuna: $59 millones para la construcci\u00f3n de veredas en el entorno de la Escuela Hern\u00e1n Merino Correa y $59 millones para reponer se\u00f1al\u00e9tica vial.<\/p>\n<p style=\"font-weight: 400; text-align: justify;\">\u201cLa Subdere financia peque\u00f1as obras, que realmente son grandes obras porque cambian la vida a los vecinos de las comunas de nuestro pa\u00eds. Estamos muy preocupados trabajando transversalmente con cada municipio de la Regi\u00f3n de Ays\u00e9n, escuchamos a los vecinos, a los municipios y este trabajo en cadena se traduce en entregar soluciones, en este caso para los habitantes de la comuna de Cochrane\u201d, destac\u00f3 el jefe regional de Subdere.<\/p>\n<p style=\"font-weight: 400; text-align: justify;\">En la Escuela Hern\u00e1n Merino actualmente no existe un espacio demarcado y seguro para que el bus escolar y para que los apoderados en sus veh\u00edculos particulares dejen y retiren a los alumnos, por lo que este proyecto contemplar\u00e1 la vereda demarcada, nivelada, con acceso universal y la iluminaci\u00f3n correspondiente para que el lugar sea adecuado para la circulaci\u00f3n de los ni\u00f1os.<\/p>\n<p style=\"font-weight: 400; text-align: justify;\">En el caso de las se\u00f1al\u00e9ticas, se contempla la reposici\u00f3n total de 310 placas con la identificaci\u00f3n con nombre, numeraci\u00f3n y sentido de tr\u00e1nsito de las calles del sector urbano de Cochrane, lo que permitir\u00e1 entregar una informaci\u00f3n m\u00e1s clara para los vecinos y quienes visiten la comuna.<\/p>\n<\/div><\/section><\/div><div  style='height:50px' class='hr hr-invisible   avia-builder-el-6  el_after_av_one_full  el_before_av_social_share '><span class='hr-inner ' ><span class='hr-inner-style'><\/span><\/span><\/div><\/p>\n<div  class='av-social-sharing-box  avia-builder-el-7  el_after_av_hr  el_before_av_hr  '><div class='av-share-box'><h5 class='av-share-link-description av-no-toc '>Compartir esta noticia<\/h5><ul class='av-share-box-list noLightbox'><li class='av-share-link av-social-link-facebook' ><a target=\"_blank\" aria-label=\"Compartir en Facebook\" href='https:\/\/www.facebook.com\/sharer.php?u=https:\/\/radiorevelacionfm.cl\/?p=9787&#038;t=Cochrane%20contar%C3%A1%20con%20nuevas%20se%C3%B1al%C3%A9ticas%20y%20veredas%20financiadas%20por%20Subdere' aria-hidden='false' data-av_icon='\ue8f3' data-av_iconfont='entypo-fontello' title='' data-avia-related-tooltip='Compartir en Facebook' rel=\"noopener\"><span class='avia_hidden_link_text'>Compartir en Facebook<\/span><\/a><\/li><li class='av-share-link av-social-link-twitter' ><a target=\"_blank\" aria-label=\"Compartir en Twitter\" href='https:\/\/twitter.com\/share?text=Cochrane%20contar%C3%A1%20con%20nuevas%20se%C3%B1al%C3%A9ticas%20y%20veredas%20financiadas%20por%20Subdere&#038;url=https:\/\/radiorevelacionfm.cl\/?p=9787' aria-hidden='false' data-av_icon='\ue8f1' data-av_iconfont='entypo-fontello' title='' data-avia-related-tooltip='Compartir en Twitter' rel=\"noopener\"><span class='avia_hidden_link_text'>Compartir en Twitter<\/span><\/a><\/li><li class='av-share-link av-social-link-whatsapp' ><a target=\"_blank\" aria-label=\"Compartir en Whatsapp\" href='https:\/\/api.whatsapp.com\/send?text=https:\/\/radiorevelacionfm.cl\/?p=9787' aria-hidden='false' data-av_icon='\uf232' data-av_iconfont='entypo-fontello' title='' data-avia-related-tooltip='Compartir en Whatsapp' rel=\"noopener\"><span class='avia_hidden_link_text'>Compartir en Whatsapp<\/span><\/a><\/li><li class='av-share-link av-social-link-linkedin' ><a target=\"_blank\" aria-label=\"Compartir en LinkedIn\" href='https:\/\/linkedin.com\/shareArticle?mini=true&#038;title=Cochrane%20contar%C3%A1%20con%20nuevas%20se%C3%B1al%C3%A9ticas%20y%20veredas%20financiadas%20por%20Subdere&#038;url=https:\/\/radiorevelacionfm.cl\/?p=9787' aria-hidden='false' data-av_icon='\ue8fc' data-av_iconfont='entypo-fontello' title='' data-avia-related-tooltip='Compartir en LinkedIn' rel=\"noopener\"><span class='avia_hidden_link_text'>Compartir en LinkedIn<\/span><\/a><\/li><li class='av-share-link av-social-link-mail' ><a  aria-label=\"Compartir por correo\" href='mailto:?subject=Cochrane%20contar%C3%A1%20con%20nuevas%20se%C3%B1al%C3%A9ticas%20y%20veredas%20financiadas%20por%20Subdere&#038;body=https:\/\/radiorevelacionfm.cl\/?p=9787' aria-hidden='false' data-av_icon='\ue805' data-av_iconfont='entypo-fontello' title='' data-avia-related-tooltip='Compartir por correo'><span class='avia_hidden_link_text'>Compartir por correo<\/span><\/a><\/li><\/ul><\/div><\/div>\n<div  style='height:50px' class='hr hr-invisible   avia-builder-el-8  el_after_av_social_share  el_before_av_comments_list '><span class='hr-inner ' ><span class='hr-inner-style'><\/span><\/span><\/div>\n<div  class='av-buildercomment  av-blog-meta-html-info-disabled av-blog-meta-tag-disabled  '><\/div>\n","protected":false},"excerpt":{"rendered":"","protected":false},"author":1,"featured_media":9788,"comment_status":"open","ping_status":"open","sticky":false,"template":"","format":"standard","meta":{"footnotes":""},"categories":[38],"tags":[],"class_list":["post-9787","post","type-post","status-publish","format-standard","has-post-thumbnail","hentry","category-regional"],"jetpack_featured_media_url":"https:\/\/radiorevelacionfm.cl\/wp-content\/uploads\/2021\/10\/unnamed-7i-1-1.jpg","_links":{"self":[{"href":"https:\/\/radiorevelacionfm.cl\/index.php?rest_route=\/wp\/v2\/posts\/9787","targetHints":{"allow":["GET"]}}],"collection":[{"href":"https:\/\/radiorevelacionfm.cl\/index.php?rest_route=\/wp\/v2\/posts"}],"about":[{"href":"https:\/\/radiorevelacionfm.cl\/index.php?rest_route=\/wp\/v2\/types\/post"}],"author":[{"embeddable":true,"href":"https:\/\/radiorevelacionfm.cl\/index.php?rest_route=\/wp\/v2\/users\/1"}],"replies":[{"embeddable":true,"href":"https:\/\/radiorevelacionfm.cl\/index.php?rest_route=%2Fwp%2Fv2%2Fcomments&post=9787"}],"version-history":[{"count":1,"href":"https:\/\/radiorevelacionfm.cl\/index.php?rest_route=\/wp\/v2\/posts\/9787\/revisions"}],"predecessor-version":[{"id":9789,"href":"https:\/\/radiorevelacionfm.cl\/index.php?rest_route=\/wp\/v2\/posts\/9787\/revisions\/9789"}],"wp:featuredmedia":[{"embeddable":true,"href":"https:\/\/radiorevelacionfm.cl\/index.php?rest_route=\/wp\/v2\/media\/9788"}],"wp:attachment":[{"href":"https:\/\/radiorevelacionfm.cl\/index.php?rest_route=%2Fwp%2Fv2%2Fmedia&parent=9787"}],"wp:term":[{"taxonomy":"category","embeddable":true,"href":"https:\/\/radiorevelacionfm.cl\/index.php?rest_route=%2Fwp%2Fv2%2Fcategories&post=9787"},{"taxonomy":"post_tag","embeddable":true,"href":"https:\/\/radiorevelacionfm.cl\/index.php?rest_route=%2Fwp%2Fv2%2Ftags&post=9787"}],"curies":[{"name":"wp","href":"https:\/\/api.w.org\/{rel}","templated":true}]}}