{"id":9783,"date":"2021-10-19T14:51:43","date_gmt":"2021-10-19T17:51:43","guid":{"rendered":"https:\/\/radiorevelacionfm.cl\/?p=9783"},"modified":"2021-10-19T14:51:43","modified_gmt":"2021-10-19T17:51:43","slug":"con-exito-finaliza-ciclo-de-eventos-virtuales-sobre-la-ruta-de-los-parques-de-la-patagonia","status":"publish","type":"post","link":"https:\/\/radiorevelacionfm.cl\/?p=9783","title":{"rendered":"Con \u00e9xito finaliza ciclo de eventos virtuales sobre la Ruta de los Parques de la Patagonia"},"content":{"rendered":"<div class=\"flex_column av_one_full  flex_column_div av-zero-column-padding first  avia-builder-el-0  el_before_av_one_full  avia-builder-el-first  \" style='border-radius:0px; '><div  class='avia-image-container  av-styling-    avia-builder-el-1  avia-builder-el-no-sibling  avia-align-center '  itemprop=\"image\" itemscope=\"itemscope\" itemtype=\"https:\/\/schema.org\/ImageObject\"  ><div class='avia-image-container-inner'><div class='avia-image-overlay-wrap'><img decoding=\"async\" class='wp-image-9785 avia-img-lazy-loading-not-9785 avia_image' src=\"https:\/\/radiorevelacionfm.cl\/wp-content\/uploads\/2021\/10\/Ruta-de-los-Parques_foto-cristian_rivas-1-1.jpg\" alt='' title='Ruta de los Parques_foto cristian_rivas (1) (1)' height=\"600\" width=\"900\"  itemprop=\"thumbnailUrl\" srcset=\"https:\/\/radiorevelacionfm.cl\/wp-content\/uploads\/2021\/10\/Ruta-de-los-Parques_foto-cristian_rivas-1-1.jpg 900w, https:\/\/radiorevelacionfm.cl\/wp-content\/uploads\/2021\/10\/Ruta-de-los-Parques_foto-cristian_rivas-1-1-300x200.jpg 300w, https:\/\/radiorevelacionfm.cl\/wp-content\/uploads\/2021\/10\/Ruta-de-los-Parques_foto-cristian_rivas-1-1-768x512.jpg 768w, https:\/\/radiorevelacionfm.cl\/wp-content\/uploads\/2021\/10\/Ruta-de-los-Parques_foto-cristian_rivas-1-1-705x470.jpg 705w, https:\/\/radiorevelacionfm.cl\/wp-content\/uploads\/2021\/10\/Ruta-de-los-Parques_foto-cristian_rivas-1-1-600x400.jpg 600w\" sizes=\"(max-width: 900px) 100vw, 900px\" \/><\/div><\/div><\/div><\/div><div class=\"flex_column av_one_full  flex_column_div av-zero-column-padding first  avia-builder-el-2  el_after_av_one_full  el_before_av_one_full  column-top-margin\" style='border-radius:0px; '><section class=\"av_textblock_section \"  itemscope=\"itemscope\" itemtype=\"https:\/\/schema.org\/BlogPosting\" itemprop=\"blogPost\" ><div class='avia_textblock  '   itemprop=\"text\" ><p style=\"text-align: center;\"><span style=\"font-size: 18pt; font-family: georgia, palatino, serif;\"><b>Con \u00e9xito finaliza ciclo de eventos virtuales sobre la Ruta de los Parques de la Patagonia<\/b><\/span><\/p>\n<div id=\"gtx-trans\" style=\"position: absolute; left: -50px; top: 4.31534px;\">\n<div class=\"gtx-trans-icon\"><\/div>\n<\/div>\n<\/div><\/section><\/div><div class=\"flex_column av_one_full  flex_column_div av-zero-column-padding first  avia-builder-el-4  el_after_av_one_full  el_before_av_hr  column-top-margin\" style='border-radius:0px; '><section class=\"av_textblock_section \"  itemscope=\"itemscope\" itemtype=\"https:\/\/schema.org\/BlogPosting\" itemprop=\"blogPost\" ><div class='avia_textblock  '   itemprop=\"text\" ><p style=\"font-weight: 400; text-align: justify;\">Durante mayo y octubre, se desarrollaron tres eventos con el fin de estrechar los v\u00ednculos comerciales de cara a la reactivaci\u00f3n del turismo post Covid. Mientras que el primero fue un webinar para difundir las caracter\u00edsticas principales de la Ruta de los Parques de la Patagonia, el segundo evento (jueves<strong>\u00a0<\/strong>9 de septiembre) se enfoc\u00f3 en audiencias internacionales y el tercero (14 de octubre) convoc\u00f3 a la industria tur\u00edstica nacional.<\/p>\n<p style=\"font-weight: 400; text-align: justify;\">En este \u00faltimo, denominado\u00a0\u201cRuta de los Parques de la Patagonia: Preparando el destino desde una mirada local\u201d, el objetivo fue potenciar la oferta tur\u00edstica y poder generar v\u00ednculos comerciales con agencias de viajes y tour operadores nacionales, a trav\u00e9s de una rueda de negocios en la que participaron cerca de 40 empresarios de Puerto Montt a Magallanes. La instancia interregional fue el espacio propicio para fortalecer el trabajo asociativo entre los oferentes tur\u00edsticos en el marco de la Ruta de los Parques.<\/p>\n<p style=\"font-weight: 400; text-align: justify;\">\u201cEstamos seguros que la asociatividad y articulaci\u00f3n es fundamental para la reactivaci\u00f3n del sector y de esta manera el comit\u00e9 integrado por los tres destinos est\u00e1 siendo un actor principal para el logro de esto. La realizaci\u00f3n de este evento permiti\u00f3 potenciar y reactivar la generaci\u00f3n de v\u00ednculos entre la oferta tur\u00edstica ubicada a lo largo de la ruta de los parques. As\u00ed mismo, se dio la instancia para intercambiar y conocer sobre las nuevas tendencias y oportunidades que tiene el turismo interno post COVID\u201d, asegur\u00f3 Patricio Bast\u00edas, Director Regional de Sernatur Ays\u00e9n.<\/p>\n<p style=\"font-weight: 400; text-align: justify;\">\u201cEn general, como programa nos parece que estas iniciativas potencian la econom\u00eda circular de los territorios sin perder el enfoque en la conservaci\u00f3n de las \u00c1reas Silvestres Protegidas y se enmarcan directamente con el objetivo principal del PER Turismo Ays\u00e9n Patagonia\u201d, explic\u00f3 Rolf Traeger Jimeno, Gerente PER Turismo Ays\u00e9n.<\/p>\n<p style=\"font-weight: 400; text-align: justify;\">Por su parte, Carolina Morgado, Directora Ejecutiva de Fundaci\u00f3n Rewilding Chile, antes Tompkins Conservation, indic\u00f3: \u00abEsta actividad da cuenta de que el trabajo que venimos realizando como comit\u00e9 est\u00e1 dando frutos, y que gracias a la visi\u00f3n territorial que estamos impulsando, la Ruta de los Parques se muestra al mundo de manera integrada con su gran valor ecol\u00f3gico, sus parques nacionales y sus comunidades aleda\u00f1as que pueden beneficiarse del desarrollo econ\u00f3mico que puede brindar la conservaci\u00f3n, a trav\u00e9s del turismo\u00bb.<\/p>\n<p style=\"font-weight: 400; text-align: justify;\">Adem\u00e1s de la rueda de negocios, los asistentes pudieron participar de diferentes actividades como charlas y capacitaciones, en las que se hizo foco en la importancia del empoderamiento comunitario en el desarrollo del turismo\u00a0donde la salud de los ecosistemas y el bienestar de las comunidades est\u00e1n \u00edntimamente interconectados, las nuevas tendencias de la industria en un contexto post pandemia y la importancia de los relatos tur\u00edsticos para poder generar experiencias de viaje transformadoras.<\/p>\n<p style=\"font-weight: 400; text-align: justify;\"><strong>Acerca del Comit\u00e9 Ruta de los Parques<\/strong><\/p>\n<p style=\"font-weight: 400; text-align: justify;\">El Comit\u00e9 Interregional de la Ruta de los Parques de la Patagonia es una gobernanza \u00fanica en Chile en la que participan Sernatur Los Lagos, Ays\u00e9n y Magallanes, Fundaci\u00f3n Rewilding Chile (antes Tompkins Conservation), Per Turismo Ays\u00e9n y PTI Ruta de los Parques de Corfo Los Lagos. Esta iniciativa es un esfuerzo conjunto para potenciar una visi\u00f3n que permita el desarrollo de las comunidades aleda\u00f1as a trav\u00e9s de la inversi\u00f3n en los parques nacionales y el posicionamiento conjunto de este tercio de Chile que cuenta con 11,8 millones de hect\u00e1reas protegidas bajo la categor\u00eda de parque nacional.<\/p>\n<\/div><\/section><\/div><div  style='height:50px' class='hr hr-invisible   avia-builder-el-6  el_after_av_one_full  el_before_av_social_share '><span class='hr-inner ' ><span class='hr-inner-style'><\/span><\/span><\/div><\/p>\n<div  class='av-social-sharing-box  avia-builder-el-7  el_after_av_hr  el_before_av_hr  '><div class='av-share-box'><h5 class='av-share-link-description av-no-toc '>Compartir esta noticia<\/h5><ul class='av-share-box-list noLightbox'><li class='av-share-link av-social-link-facebook' ><a target=\"_blank\" aria-label=\"Compartir en Facebook\" href='https:\/\/www.facebook.com\/sharer.php?u=https:\/\/radiorevelacionfm.cl\/?p=9783&#038;t=Con%20%C3%A9xito%20finaliza%20ciclo%20de%20eventos%20virtuales%20sobre%20la%20Ruta%20de%20los%20Parques%20de%20la%20Patagonia' aria-hidden='false' data-av_icon='\ue8f3' data-av_iconfont='entypo-fontello' title='' data-avia-related-tooltip='Compartir en Facebook' rel=\"noopener\"><span class='avia_hidden_link_text'>Compartir en Facebook<\/span><\/a><\/li><li class='av-share-link av-social-link-twitter' ><a target=\"_blank\" aria-label=\"Compartir en Twitter\" href='https:\/\/twitter.com\/share?text=Con%20%C3%A9xito%20finaliza%20ciclo%20de%20eventos%20virtuales%20sobre%20la%20Ruta%20de%20los%20Parques%20de%20la%20Patagonia&#038;url=https:\/\/radiorevelacionfm.cl\/?p=9783' aria-hidden='false' data-av_icon='\ue8f1' data-av_iconfont='entypo-fontello' title='' data-avia-related-tooltip='Compartir en Twitter' rel=\"noopener\"><span class='avia_hidden_link_text'>Compartir en Twitter<\/span><\/a><\/li><li class='av-share-link av-social-link-whatsapp' ><a target=\"_blank\" aria-label=\"Compartir en Whatsapp\" href='https:\/\/api.whatsapp.com\/send?text=https:\/\/radiorevelacionfm.cl\/?p=9783' aria-hidden='false' data-av_icon='\uf232' data-av_iconfont='entypo-fontello' title='' data-avia-related-tooltip='Compartir en Whatsapp' rel=\"noopener\"><span class='avia_hidden_link_text'>Compartir en Whatsapp<\/span><\/a><\/li><li class='av-share-link av-social-link-linkedin' ><a target=\"_blank\" aria-label=\"Compartir en LinkedIn\" href='https:\/\/linkedin.com\/shareArticle?mini=true&#038;title=Con%20%C3%A9xito%20finaliza%20ciclo%20de%20eventos%20virtuales%20sobre%20la%20Ruta%20de%20los%20Parques%20de%20la%20Patagonia&#038;url=https:\/\/radiorevelacionfm.cl\/?p=9783' aria-hidden='false' data-av_icon='\ue8fc' data-av_iconfont='entypo-fontello' title='' data-avia-related-tooltip='Compartir en LinkedIn' rel=\"noopener\"><span class='avia_hidden_link_text'>Compartir en LinkedIn<\/span><\/a><\/li><li class='av-share-link av-social-link-mail' ><a  aria-label=\"Compartir por correo\" href='mailto:?subject=Con%20%C3%A9xito%20finaliza%20ciclo%20de%20eventos%20virtuales%20sobre%20la%20Ruta%20de%20los%20Parques%20de%20la%20Patagonia&#038;body=https:\/\/radiorevelacionfm.cl\/?p=9783' aria-hidden='false' data-av_icon='\ue805' data-av_iconfont='entypo-fontello' title='' data-avia-related-tooltip='Compartir por correo'><span class='avia_hidden_link_text'>Compartir por correo<\/span><\/a><\/li><\/ul><\/div><\/div>\n<div  style='height:50px' class='hr hr-invisible   avia-builder-el-8  el_after_av_social_share  el_before_av_comments_list '><span class='hr-inner ' ><span class='hr-inner-style'><\/span><\/span><\/div>\n<div  class='av-buildercomment  av-blog-meta-html-info-disabled av-blog-meta-tag-disabled  '><\/div>\n","protected":false},"excerpt":{"rendered":"","protected":false},"author":1,"featured_media":9785,"comment_status":"open","ping_status":"open","sticky":false,"template":"","format":"standard","meta":{"footnotes":""},"categories":[54],"tags":[],"class_list":["post-9783","post","type-post","status-publish","format-standard","has-post-thumbnail","hentry","category-turismo"],"jetpack_featured_media_url":"https:\/\/radiorevelacionfm.cl\/wp-content\/uploads\/2021\/10\/Ruta-de-los-Parques_foto-cristian_rivas-1-1.jpg","_links":{"self":[{"href":"https:\/\/radiorevelacionfm.cl\/index.php?rest_route=\/wp\/v2\/posts\/9783","targetHints":{"allow":["GET"]}}],"collection":[{"href":"https:\/\/radiorevelacionfm.cl\/index.php?rest_route=\/wp\/v2\/posts"}],"about":[{"href":"https:\/\/radiorevelacionfm.cl\/index.php?rest_route=\/wp\/v2\/types\/post"}],"author":[{"embeddable":true,"href":"https:\/\/radiorevelacionfm.cl\/index.php?rest_route=\/wp\/v2\/users\/1"}],"replies":[{"embeddable":true,"href":"https:\/\/radiorevelacionfm.cl\/index.php?rest_route=%2Fwp%2Fv2%2Fcomments&post=9783"}],"version-history":[{"count":1,"href":"https:\/\/radiorevelacionfm.cl\/index.php?rest_route=\/wp\/v2\/posts\/9783\/revisions"}],"predecessor-version":[{"id":9786,"href":"https:\/\/radiorevelacionfm.cl\/index.php?rest_route=\/wp\/v2\/posts\/9783\/revisions\/9786"}],"wp:featuredmedia":[{"embeddable":true,"href":"https:\/\/radiorevelacionfm.cl\/index.php?rest_route=\/wp\/v2\/media\/9785"}],"wp:attachment":[{"href":"https:\/\/radiorevelacionfm.cl\/index.php?rest_route=%2Fwp%2Fv2%2Fmedia&parent=9783"}],"wp:term":[{"taxonomy":"category","embeddable":true,"href":"https:\/\/radiorevelacionfm.cl\/index.php?rest_route=%2Fwp%2Fv2%2Fcategories&post=9783"},{"taxonomy":"post_tag","embeddable":true,"href":"https:\/\/radiorevelacionfm.cl\/index.php?rest_route=%2Fwp%2Fv2%2Ftags&post=9783"}],"curies":[{"name":"wp","href":"https:\/\/api.w.org\/{rel}","templated":true}]}}