{"id":9774,"date":"2021-10-19T12:38:26","date_gmt":"2021-10-19T15:38:26","guid":{"rendered":"https:\/\/radiorevelacionfm.cl\/?p=9774"},"modified":"2021-10-19T12:38:26","modified_gmt":"2021-10-19T15:38:26","slug":"hoy-se-realiza-conversatorio-cancer-en-la-mujer","status":"publish","type":"post","link":"https:\/\/radiorevelacionfm.cl\/?p=9774","title":{"rendered":"Hoy se realiza conversatorio \u201cC\u00e1ncer en la Mujer\u201d"},"content":{"rendered":"<div class=\"flex_column av_one_full  flex_column_div av-zero-column-padding first  avia-builder-el-0  el_before_av_one_full  avia-builder-el-first  \" style='border-radius:0px; '><div  class='avia-image-container  av-styling-    avia-builder-el-1  avia-builder-el-no-sibling  avia-align-center '  itemprop=\"image\" itemscope=\"itemscope\" itemtype=\"https:\/\/schema.org\/ImageObject\"  ><div class='avia-image-container-inner'><div class='avia-image-overlay-wrap'><img decoding=\"async\" class='wp-image-9775 avia-img-lazy-loading-not-9775 avia_image' src=\"https:\/\/radiorevelacionfm.cl\/wp-content\/uploads\/2021\/10\/Cancer-1-1.jpg\" alt='' title='Cancer (1) (1)' height=\"600\" width=\"1047\"  itemprop=\"thumbnailUrl\" srcset=\"https:\/\/radiorevelacionfm.cl\/wp-content\/uploads\/2021\/10\/Cancer-1-1.jpg 1047w, https:\/\/radiorevelacionfm.cl\/wp-content\/uploads\/2021\/10\/Cancer-1-1-300x172.jpg 300w, https:\/\/radiorevelacionfm.cl\/wp-content\/uploads\/2021\/10\/Cancer-1-1-1030x590.jpg 1030w, https:\/\/radiorevelacionfm.cl\/wp-content\/uploads\/2021\/10\/Cancer-1-1-768x440.jpg 768w, https:\/\/radiorevelacionfm.cl\/wp-content\/uploads\/2021\/10\/Cancer-1-1-705x404.jpg 705w, https:\/\/radiorevelacionfm.cl\/wp-content\/uploads\/2021\/10\/Cancer-1-1-600x344.jpg 600w\" sizes=\"(max-width: 1047px) 100vw, 1047px\" \/><\/div><\/div><\/div><\/div><div class=\"flex_column av_one_full  flex_column_div av-zero-column-padding first  avia-builder-el-2  el_after_av_one_full  el_before_av_one_full  column-top-margin\" style='border-radius:0px; '><section class=\"av_textblock_section \"  itemscope=\"itemscope\" itemtype=\"https:\/\/schema.org\/BlogPosting\" itemprop=\"blogPost\" ><div class='avia_textblock  '   itemprop=\"text\" ><p style=\"text-align: center;\"><span style=\"font-size: 18pt;\"><strong>Hoy se realiza conversatorio \u201cC\u00e1ncer en la Mujer\u201d<\/strong><\/span><\/p>\n<div id=\"gtx-trans\" style=\"position: absolute; left: -50px; top: 4.31534px;\">\n<div class=\"gtx-trans-icon\"><\/div>\n<\/div>\n<\/div><\/section><\/div><div class=\"flex_column av_one_full  flex_column_div av-zero-column-padding first  avia-builder-el-4  el_after_av_one_full  el_before_av_hr  column-top-margin\" style='border-radius:0px; '><section class=\"av_textblock_section \"  itemscope=\"itemscope\" itemtype=\"https:\/\/schema.org\/BlogPosting\" itemprop=\"blogPost\" ><div class='avia_textblock  '   itemprop=\"text\" ><p style=\"text-align: justify;\">Para este martes 19 de octubre, a las 16 horas, se encuentra contemplado el conversatorio \u201cC\u00e1ncer en la Mujer\u201d, actividad organizada por la Seremi y el Servicio de Salud Ays\u00e9n a trav\u00e9s del Facebook (Servicio de Salud Ays\u00e9n); cuyo principal objetivo ser\u00e1 entregar antecedentes relacionados con esta enfermedad, la importancia de su detecci\u00f3n precoz y las acciones preventivas que se desarrollan con el prop\u00f3sito de disminuir el n\u00famero de casos a nivel local y nacional.<\/p>\n<p style=\"text-align: justify;\">Durante este conversatorio, se abordar\u00e1 implicancias del \u201cc\u00e1ncer de mama\u201d y el \u201cc\u00e1ncer cervicouterino\u201d, adem\u00e1s de la \u201csituaci\u00f3n ex\u00e1menes preventivos en pandemia\u201d. Tal como lo manifest\u00f3 la Encargada del Programa de C\u00e1ncer de la Seremi de Salud, Carmen Gloria Cuyul, quien aprovech\u00f3 la oportunidad de realizar una invitaci\u00f3n a esta actividad. \u201cLos invitamos al conversatorio denominado C\u00e1ncer en la Mujer, el cual ser\u00e1 transmitido por el Facebook live del Servicio de Salud Ays\u00e9n y la seremi. Aqu\u00ed analizaremos las estrategias que se esperan desarrollar para la detecci\u00f3n oportuna de esta enfermedad\u201d.<\/p>\n<p style=\"text-align: justify;\">Finalmente, cabe se\u00f1alar que en nuestra regi\u00f3n, el C\u00e1ncer es la primera causa de muerte. En relaci\u00f3n a las defunciones por c\u00e1ncer en la mujer, se encuentran entre las causas m\u00e1s prevalentes en el per\u00edodo 2001- 2017, el c\u00e1ncer de mama con 103 defunciones (1era causa) y el C\u00e1ncer Cervicouterino con 80 defunciones (4ta. Causa).<\/p>\n<\/div><\/section><\/div><div  style='height:50px' class='hr hr-invisible   avia-builder-el-6  el_after_av_one_full  el_before_av_social_share '><span class='hr-inner ' ><span class='hr-inner-style'><\/span><\/span><\/div><\/p>\n<div  class='av-social-sharing-box  avia-builder-el-7  el_after_av_hr  el_before_av_hr  '><div class='av-share-box'><h5 class='av-share-link-description av-no-toc '>Compartir esta noticia<\/h5><ul class='av-share-box-list noLightbox'><li class='av-share-link av-social-link-facebook' ><a target=\"_blank\" aria-label=\"Compartir en Facebook\" href='https:\/\/www.facebook.com\/sharer.php?u=https:\/\/radiorevelacionfm.cl\/?p=9774&#038;t=Hoy%20se%20realiza%20conversatorio%20%E2%80%9CC%C3%A1ncer%20en%20la%20Mujer%E2%80%9D' aria-hidden='false' data-av_icon='\ue8f3' data-av_iconfont='entypo-fontello' title='' data-avia-related-tooltip='Compartir en Facebook' rel=\"noopener\"><span class='avia_hidden_link_text'>Compartir en Facebook<\/span><\/a><\/li><li class='av-share-link av-social-link-twitter' ><a target=\"_blank\" aria-label=\"Compartir en Twitter\" href='https:\/\/twitter.com\/share?text=Hoy%20se%20realiza%20conversatorio%20%E2%80%9CC%C3%A1ncer%20en%20la%20Mujer%E2%80%9D&#038;url=https:\/\/radiorevelacionfm.cl\/?p=9774' aria-hidden='false' data-av_icon='\ue8f1' data-av_iconfont='entypo-fontello' title='' data-avia-related-tooltip='Compartir en Twitter' rel=\"noopener\"><span class='avia_hidden_link_text'>Compartir en Twitter<\/span><\/a><\/li><li class='av-share-link av-social-link-whatsapp' ><a target=\"_blank\" aria-label=\"Compartir en Whatsapp\" href='https:\/\/api.whatsapp.com\/send?text=https:\/\/radiorevelacionfm.cl\/?p=9774' aria-hidden='false' data-av_icon='\uf232' data-av_iconfont='entypo-fontello' title='' data-avia-related-tooltip='Compartir en Whatsapp' rel=\"noopener\"><span class='avia_hidden_link_text'>Compartir en Whatsapp<\/span><\/a><\/li><li class='av-share-link av-social-link-linkedin' ><a target=\"_blank\" aria-label=\"Compartir en LinkedIn\" href='https:\/\/linkedin.com\/shareArticle?mini=true&#038;title=Hoy%20se%20realiza%20conversatorio%20%E2%80%9CC%C3%A1ncer%20en%20la%20Mujer%E2%80%9D&#038;url=https:\/\/radiorevelacionfm.cl\/?p=9774' aria-hidden='false' data-av_icon='\ue8fc' data-av_iconfont='entypo-fontello' title='' data-avia-related-tooltip='Compartir en LinkedIn' rel=\"noopener\"><span class='avia_hidden_link_text'>Compartir en LinkedIn<\/span><\/a><\/li><li class='av-share-link av-social-link-mail' ><a  aria-label=\"Compartir por correo\" href='mailto:?subject=Hoy%20se%20realiza%20conversatorio%20%E2%80%9CC%C3%A1ncer%20en%20la%20Mujer%E2%80%9D&#038;body=https:\/\/radiorevelacionfm.cl\/?p=9774' aria-hidden='false' data-av_icon='\ue805' data-av_iconfont='entypo-fontello' title='' data-avia-related-tooltip='Compartir por correo'><span class='avia_hidden_link_text'>Compartir por correo<\/span><\/a><\/li><\/ul><\/div><\/div>\n<div  style='height:50px' class='hr hr-invisible   avia-builder-el-8  el_after_av_social_share  el_before_av_comments_list '><span class='hr-inner ' ><span class='hr-inner-style'><\/span><\/span><\/div>\n<div  class='av-buildercomment  av-blog-meta-html-info-disabled av-blog-meta-tag-disabled  '><\/div>\n","protected":false},"excerpt":{"rendered":"","protected":false},"author":1,"featured_media":9775,"comment_status":"open","ping_status":"open","sticky":false,"template":"","format":"standard","meta":{"footnotes":""},"categories":[46],"tags":[],"class_list":["post-9774","post","type-post","status-publish","format-standard","has-post-thumbnail","hentry","category-salud"],"jetpack_featured_media_url":"https:\/\/radiorevelacionfm.cl\/wp-content\/uploads\/2021\/10\/Cancer-1-1.jpg","_links":{"self":[{"href":"https:\/\/radiorevelacionfm.cl\/index.php?rest_route=\/wp\/v2\/posts\/9774","targetHints":{"allow":["GET"]}}],"collection":[{"href":"https:\/\/radiorevelacionfm.cl\/index.php?rest_route=\/wp\/v2\/posts"}],"about":[{"href":"https:\/\/radiorevelacionfm.cl\/index.php?rest_route=\/wp\/v2\/types\/post"}],"author":[{"embeddable":true,"href":"https:\/\/radiorevelacionfm.cl\/index.php?rest_route=\/wp\/v2\/users\/1"}],"replies":[{"embeddable":true,"href":"https:\/\/radiorevelacionfm.cl\/index.php?rest_route=%2Fwp%2Fv2%2Fcomments&post=9774"}],"version-history":[{"count":1,"href":"https:\/\/radiorevelacionfm.cl\/index.php?rest_route=\/wp\/v2\/posts\/9774\/revisions"}],"predecessor-version":[{"id":9776,"href":"https:\/\/radiorevelacionfm.cl\/index.php?rest_route=\/wp\/v2\/posts\/9774\/revisions\/9776"}],"wp:featuredmedia":[{"embeddable":true,"href":"https:\/\/radiorevelacionfm.cl\/index.php?rest_route=\/wp\/v2\/media\/9775"}],"wp:attachment":[{"href":"https:\/\/radiorevelacionfm.cl\/index.php?rest_route=%2Fwp%2Fv2%2Fmedia&parent=9774"}],"wp:term":[{"taxonomy":"category","embeddable":true,"href":"https:\/\/radiorevelacionfm.cl\/index.php?rest_route=%2Fwp%2Fv2%2Fcategories&post=9774"},{"taxonomy":"post_tag","embeddable":true,"href":"https:\/\/radiorevelacionfm.cl\/index.php?rest_route=%2Fwp%2Fv2%2Ftags&post=9774"}],"curies":[{"name":"wp","href":"https:\/\/api.w.org\/{rel}","templated":true}]}}