{"id":9770,"date":"2021-10-19T10:23:27","date_gmt":"2021-10-19T13:23:27","guid":{"rendered":"https:\/\/radiorevelacionfm.cl\/?p=9770"},"modified":"2021-10-19T10:23:27","modified_gmt":"2021-10-19T13:23:27","slug":"pase-de-movilidad-regira-desde-ahora-en-adelante-para-viajes-interregionales-reemplazando-al-pasaporte-c19","status":"publish","type":"post","link":"https:\/\/radiorevelacionfm.cl\/?p=9770","title":{"rendered":"Pase de movilidad regir\u00e1 desde ahora en adelante para viajes interregionales, reemplazando al pasaporte C19"},"content":{"rendered":"<div class=\"flex_column av_one_full  flex_column_div av-zero-column-padding first  avia-builder-el-0  el_before_av_one_full  avia-builder-el-first  \" style='border-radius:0px; '><div  class='avia-image-container  av-styling-    avia-builder-el-1  avia-builder-el-no-sibling  avia-align-center '  itemprop=\"image\" itemscope=\"itemscope\" itemtype=\"https:\/\/schema.org\/ImageObject\"  ><div class='avia-image-container-inner'><div class='avia-image-overlay-wrap'><img decoding=\"async\" class='wp-image-6320 avia-img-lazy-loading-not-6320 avia_image' src=\"https:\/\/radiorevelacionfm.cl\/wp-content\/uploads\/2021\/07\/pasedemovilidad1.jpg\" alt='' title='pasedemovilidad(1)' height=\"600\" width=\"1068\"  itemprop=\"thumbnailUrl\" srcset=\"https:\/\/radiorevelacionfm.cl\/wp-content\/uploads\/2021\/07\/pasedemovilidad1.jpg 1068w, https:\/\/radiorevelacionfm.cl\/wp-content\/uploads\/2021\/07\/pasedemovilidad1-300x169.jpg 300w, https:\/\/radiorevelacionfm.cl\/wp-content\/uploads\/2021\/07\/pasedemovilidad1-1030x579.jpg 1030w, https:\/\/radiorevelacionfm.cl\/wp-content\/uploads\/2021\/07\/pasedemovilidad1-768x431.jpg 768w, https:\/\/radiorevelacionfm.cl\/wp-content\/uploads\/2021\/07\/pasedemovilidad1-705x396.jpg 705w, https:\/\/radiorevelacionfm.cl\/wp-content\/uploads\/2021\/07\/pasedemovilidad1-600x337.jpg 600w\" sizes=\"(max-width: 1068px) 100vw, 1068px\" \/><\/div><\/div><\/div><\/div><div class=\"flex_column av_one_full  flex_column_div av-zero-column-padding first  avia-builder-el-2  el_after_av_one_full  el_before_av_one_full  column-top-margin\" style='border-radius:0px; '><section class=\"av_textblock_section \"  itemscope=\"itemscope\" itemtype=\"https:\/\/schema.org\/BlogPosting\" itemprop=\"blogPost\" ><div class='avia_textblock  '   itemprop=\"text\" ><p style=\"text-align: center;\"><strong><span style=\"font-size: 18pt;\">Pase de movilidad regir\u00e1 desde ahora en adelante para viajes interregionales, reemplazando al pasaporte C19<\/span><\/strong><\/p>\n<div id=\"gtx-trans\" style=\"position: absolute; left: -50px; top: 4.31534px;\">\n<div class=\"gtx-trans-icon\"><\/div>\n<\/div>\n<\/div><\/section><\/div><div class=\"flex_column av_one_full  flex_column_div av-zero-column-padding first  avia-builder-el-4  el_after_av_one_full  el_before_av_hr  column-top-margin\" style='border-radius:0px; '><section class=\"av_textblock_section \"  itemscope=\"itemscope\" itemtype=\"https:\/\/schema.org\/BlogPosting\" itemprop=\"blogPost\" ><div class='avia_textblock  '   itemprop=\"text\" ><p style=\"text-align: justify;\">A partir del 1 de noviembre se implementar\u00e1n modificaciones para traslados interregionales en transporte p\u00fablico compartido (buses, trenes y aviones), en viajes mayores a 200km. Para abordar, solo se deber\u00e1 contar con un Pase de Movilidad habilitado. Las personas que no est\u00e1n vacunadas o no cuentan con Pase de Movilidad, podr\u00e1n exhibir un PCR negativo realizado en Chile y cuya toma de muestra no puede exceder las 72 horas previas al viaje.<\/p>\n<p style=\"text-align: justify;\">Es decir, El C19 deja de estar vigente para los desplazamientos dentro del territorio nacional y se reemplaza por el Pase de Movilidad. Las personas con indicaci\u00f3n de aislamiento obligatorio no pueden realizar viajes interregionales.<\/p>\n<p style=\"text-align: justify;\"><strong>Llamado a rezagados para completar proceso de vacunaci\u00f3n<\/strong><\/p>\n<p style=\"text-align: justify;\">Tarapac\u00e1, Arica y Parinacota, y Metropolitana son las que registran los\u00a0mayores aumentos. Las autoridades de Salud apuntaron a\u00a0la p\u00e9rdida de medidas de seguridad de las personas junto con presencia de rezagados en el proceso de vacunaci\u00f3n.<\/p>\n<p style=\"text-align: justify;\">M\u00e1s de 800 mil personas que no se han vacunado todav\u00eda est\u00e1n en la Regi\u00f3n Metropolitana. \u00a0A nivel nacional, tenemos 1.220.458 rezagados. Es importante que todos cuenten con la inmunidad para prevenir enfermarse gravemente, hospitalizarse en UCI y fallecer. Por eso, el Minsal reforzar\u00e1 la vacunaci\u00f3n en algunas comunas para mejorar los \u00edndices. El incremento de casos, afortunadamente no se ha visto afectado en el n\u00famero de personas fallecidas ni de mayores ingresos a UCI.<\/p>\n<\/div><\/section><\/div><div  style='height:50px' class='hr hr-invisible   avia-builder-el-6  el_after_av_one_full  el_before_av_social_share '><span class='hr-inner ' ><span class='hr-inner-style'><\/span><\/span><\/div><\/p>\n<div  class='av-social-sharing-box  avia-builder-el-7  el_after_av_hr  el_before_av_hr  '><div class='av-share-box'><h5 class='av-share-link-description av-no-toc '>Compartir esta noticia<\/h5><ul class='av-share-box-list noLightbox'><li class='av-share-link av-social-link-facebook' ><a target=\"_blank\" aria-label=\"Compartir en Facebook\" href='https:\/\/www.facebook.com\/sharer.php?u=https:\/\/radiorevelacionfm.cl\/?p=9770&#038;t=Pase%20de%20movilidad%20regir%C3%A1%20desde%20ahora%20en%20adelante%20para%20viajes%20interregionales%2C%20reemplazando%20al%20pasaporte%20C19' aria-hidden='false' data-av_icon='\ue8f3' data-av_iconfont='entypo-fontello' title='' data-avia-related-tooltip='Compartir en Facebook' rel=\"noopener\"><span class='avia_hidden_link_text'>Compartir en Facebook<\/span><\/a><\/li><li class='av-share-link av-social-link-twitter' ><a target=\"_blank\" aria-label=\"Compartir en Twitter\" href='https:\/\/twitter.com\/share?text=Pase%20de%20movilidad%20regir%C3%A1%20desde%20ahora%20en%20adelante%20para%20viajes%20interregionales%2C%20reemplazando%20al%20pasaporte%20C19&#038;url=https:\/\/radiorevelacionfm.cl\/?p=9770' aria-hidden='false' data-av_icon='\ue8f1' data-av_iconfont='entypo-fontello' title='' data-avia-related-tooltip='Compartir en Twitter' rel=\"noopener\"><span class='avia_hidden_link_text'>Compartir en Twitter<\/span><\/a><\/li><li class='av-share-link av-social-link-whatsapp' ><a target=\"_blank\" aria-label=\"Compartir en Whatsapp\" href='https:\/\/api.whatsapp.com\/send?text=https:\/\/radiorevelacionfm.cl\/?p=9770' aria-hidden='false' data-av_icon='\uf232' data-av_iconfont='entypo-fontello' title='' data-avia-related-tooltip='Compartir en Whatsapp' rel=\"noopener\"><span class='avia_hidden_link_text'>Compartir en Whatsapp<\/span><\/a><\/li><li class='av-share-link av-social-link-linkedin' ><a target=\"_blank\" aria-label=\"Compartir en LinkedIn\" href='https:\/\/linkedin.com\/shareArticle?mini=true&#038;title=Pase%20de%20movilidad%20regir%C3%A1%20desde%20ahora%20en%20adelante%20para%20viajes%20interregionales%2C%20reemplazando%20al%20pasaporte%20C19&#038;url=https:\/\/radiorevelacionfm.cl\/?p=9770' aria-hidden='false' data-av_icon='\ue8fc' data-av_iconfont='entypo-fontello' title='' data-avia-related-tooltip='Compartir en LinkedIn' rel=\"noopener\"><span class='avia_hidden_link_text'>Compartir en LinkedIn<\/span><\/a><\/li><li class='av-share-link av-social-link-mail' ><a  aria-label=\"Compartir por correo\" href='mailto:?subject=Pase%20de%20movilidad%20regir%C3%A1%20desde%20ahora%20en%20adelante%20para%20viajes%20interregionales%2C%20reemplazando%20al%20pasaporte%20C19&#038;body=https:\/\/radiorevelacionfm.cl\/?p=9770' aria-hidden='false' data-av_icon='\ue805' data-av_iconfont='entypo-fontello' title='' data-avia-related-tooltip='Compartir por correo'><span class='avia_hidden_link_text'>Compartir por correo<\/span><\/a><\/li><\/ul><\/div><\/div>\n<div  style='height:50px' class='hr hr-invisible   avia-builder-el-8  el_after_av_social_share  el_before_av_comments_list '><span class='hr-inner ' ><span class='hr-inner-style'><\/span><\/span><\/div>\n<div  class='av-buildercomment  av-blog-meta-html-info-disabled av-blog-meta-tag-disabled  '><\/div>\n","protected":false},"excerpt":{"rendered":"","protected":false},"author":1,"featured_media":6320,"comment_status":"open","ping_status":"open","sticky":false,"template":"","format":"standard","meta":{"footnotes":""},"categories":[46],"tags":[],"class_list":["post-9770","post","type-post","status-publish","format-standard","has-post-thumbnail","hentry","category-salud"],"jetpack_featured_media_url":"https:\/\/radiorevelacionfm.cl\/wp-content\/uploads\/2021\/07\/pasedemovilidad1.jpg","_links":{"self":[{"href":"https:\/\/radiorevelacionfm.cl\/index.php?rest_route=\/wp\/v2\/posts\/9770","targetHints":{"allow":["GET"]}}],"collection":[{"href":"https:\/\/radiorevelacionfm.cl\/index.php?rest_route=\/wp\/v2\/posts"}],"about":[{"href":"https:\/\/radiorevelacionfm.cl\/index.php?rest_route=\/wp\/v2\/types\/post"}],"author":[{"embeddable":true,"href":"https:\/\/radiorevelacionfm.cl\/index.php?rest_route=\/wp\/v2\/users\/1"}],"replies":[{"embeddable":true,"href":"https:\/\/radiorevelacionfm.cl\/index.php?rest_route=%2Fwp%2Fv2%2Fcomments&post=9770"}],"version-history":[{"count":1,"href":"https:\/\/radiorevelacionfm.cl\/index.php?rest_route=\/wp\/v2\/posts\/9770\/revisions"}],"predecessor-version":[{"id":9771,"href":"https:\/\/radiorevelacionfm.cl\/index.php?rest_route=\/wp\/v2\/posts\/9770\/revisions\/9771"}],"wp:featuredmedia":[{"embeddable":true,"href":"https:\/\/radiorevelacionfm.cl\/index.php?rest_route=\/wp\/v2\/media\/6320"}],"wp:attachment":[{"href":"https:\/\/radiorevelacionfm.cl\/index.php?rest_route=%2Fwp%2Fv2%2Fmedia&parent=9770"}],"wp:term":[{"taxonomy":"category","embeddable":true,"href":"https:\/\/radiorevelacionfm.cl\/index.php?rest_route=%2Fwp%2Fv2%2Fcategories&post=9770"},{"taxonomy":"post_tag","embeddable":true,"href":"https:\/\/radiorevelacionfm.cl\/index.php?rest_route=%2Fwp%2Fv2%2Ftags&post=9770"}],"curies":[{"name":"wp","href":"https:\/\/api.w.org\/{rel}","templated":true}]}}