{"id":9767,"date":"2021-10-19T10:11:26","date_gmt":"2021-10-19T13:11:26","guid":{"rendered":"https:\/\/radiorevelacionfm.cl\/?p=9767"},"modified":"2021-10-19T10:11:26","modified_gmt":"2021-10-19T13:11:26","slug":"gobernadora-regional-apuesta-por-tres-nuevos-representantes-en-el-centro-de-investigacion-de-ecosistemas-de-la-patagonia-ciep","status":"publish","type":"post","link":"https:\/\/radiorevelacionfm.cl\/?p=9767","title":{"rendered":"Gobernadora Regional apuesta por tres nuevos representantes en el Centro de Investigaci\u00f3n de Ecosistemas de la Patagonia (CIEP)"},"content":{"rendered":"<div class=\"flex_column av_one_full  flex_column_div av-zero-column-padding first  avia-builder-el-0  el_before_av_one_full  avia-builder-el-first  \" style='border-radius:0px; '><div  class='avia-image-container  av-styling-    avia-builder-el-1  avia-builder-el-no-sibling  avia-align-center '  itemprop=\"image\" itemscope=\"itemscope\" itemtype=\"https:\/\/schema.org\/ImageObject\"  ><div class='avia-image-container-inner'><div class='avia-image-overlay-wrap'><img decoding=\"async\" class='wp-image-9768 avia-img-lazy-loading-not-9768 avia_image' src=\"https:\/\/radiorevelacionfm.cl\/wp-content\/uploads\/2021\/10\/Propuesta-CIEP-2021-10-18-1-1.jpeg\" alt='' title='Propuesta CIEP 2021-10-18 (1) (1)' height=\"600\" width=\"1091\"  itemprop=\"thumbnailUrl\" srcset=\"https:\/\/radiorevelacionfm.cl\/wp-content\/uploads\/2021\/10\/Propuesta-CIEP-2021-10-18-1-1.jpeg 1091w, https:\/\/radiorevelacionfm.cl\/wp-content\/uploads\/2021\/10\/Propuesta-CIEP-2021-10-18-1-1-300x165.jpeg 300w, https:\/\/radiorevelacionfm.cl\/wp-content\/uploads\/2021\/10\/Propuesta-CIEP-2021-10-18-1-1-1030x566.jpeg 1030w, https:\/\/radiorevelacionfm.cl\/wp-content\/uploads\/2021\/10\/Propuesta-CIEP-2021-10-18-1-1-768x422.jpeg 768w, https:\/\/radiorevelacionfm.cl\/wp-content\/uploads\/2021\/10\/Propuesta-CIEP-2021-10-18-1-1-705x388.jpeg 705w, https:\/\/radiorevelacionfm.cl\/wp-content\/uploads\/2021\/10\/Propuesta-CIEP-2021-10-18-1-1-600x330.jpeg 600w\" sizes=\"(max-width: 1091px) 100vw, 1091px\" \/><\/div><\/div><\/div><\/div><div class=\"flex_column av_one_full  flex_column_div av-zero-column-padding first  avia-builder-el-2  el_after_av_one_full  el_before_av_one_full  column-top-margin\" style='border-radius:0px; '><section class=\"av_textblock_section \"  itemscope=\"itemscope\" itemtype=\"https:\/\/schema.org\/BlogPosting\" itemprop=\"blogPost\" ><div class='avia_textblock  '   itemprop=\"text\" ><p style=\"text-align: center;\"><span style=\"font-size: 18pt;\"><b>Gobernadora Regional apuesta por tres nuevos representantes en el Centro de Investigaci\u00f3n de Ecosistemas de la Patagonia (CIEP)<\/b><\/span><\/p>\n<div id=\"gtx-trans\" style=\"position: absolute; left: -50px; top: 4.31534px;\">\n<div class=\"gtx-trans-icon\"><\/div>\n<\/div>\n<\/div><\/section><\/div><div class=\"flex_column av_one_full  flex_column_div av-zero-column-padding first  avia-builder-el-4  el_after_av_one_full  el_before_av_hr  column-top-margin\" style='border-radius:0px; '><section class=\"av_textblock_section \"  itemscope=\"itemscope\" itemtype=\"https:\/\/schema.org\/BlogPosting\" itemprop=\"blogPost\" ><div class='avia_textblock  '   itemprop=\"text\" ><p style=\"text-align: justify;\">La generaci\u00f3n de conocimiento pertinente a los intereses de la comunidad y sectores productivos por medio de la investigaci\u00f3n cient\u00edfica de primer nivel y reconocimiento internacional es uno de los objetivos del Centro de Investigaci\u00f3n de Ecosistemas de la Patagonia (CIEP).<\/p>\n<p style=\"text-align: justify;\">Buscando mejorar la coordinaci\u00f3n y relaci\u00f3n del conocimiento producido y el desarrollo humano y productivo de la regi\u00f3n, es que definieron tres nuevas caras que representar\u00e1n al Gobierno Regional de Ays\u00e9n en el directorio del mismo Centro.<\/p>\n<p style=\"text-align: justify;\">La Doctora en Recursos Naturales y Sostenibilidad Sandra R\u00edos, es m\u00e1ster en Sociolog\u00eda, Agroecolog\u00eda y Desarrollo Rural Sostenible, mag\u00edster en Ciencias Sociales e Ingeniera Comercial de la Universidad de Chile, ha desarrollado una investigaci\u00f3n en torno a cooperativismo rural, desarrollo inclusivo, sostenible y con enfoque de g\u00e9nero.<\/p>\n<p style=\"text-align: justify;\">Tambi\u00e9n se sumar\u00e1 como director el Doctor Ricardo Rozzi, Post-doctoral de la Universidad de Connecticut, PhD. en Ecolog\u00eda de la misma universidad, M.Sc. en Ciencias Biol\u00f3gicas de la Universidad de Chile, quien ha trabajado en la conservaci\u00f3n biocultural, biolog\u00eda de la conservaci\u00f3n, comunicaci\u00f3n ambiental, sostenibilidad, turismo de intereses especiales.<\/p>\n<p style=\"text-align: justify;\">El \u00faltimo en sumarse al nuevo directorio ser\u00e1 el Jefe de la Divisi\u00f3n de Planificaci\u00f3n y Desarrollo Regional (DIPLADE) del GORE, Francisco Lara, cientista pol\u00edtico y experto en evaluaci\u00f3n de pol\u00edticas p\u00fablicas.<\/p>\n<p style=\"text-align: justify;\">La Gobernadora Regional Andrea Mac\u00edas Palma, lider\u00f3 la propuesta de los nuevos directores y afirm\u00f3 que la aprobaci\u00f3n de este punto ser\u00e1 muy significativo para buscar potenciar la generaci\u00f3n de conocimiento en la regi\u00f3n.<\/p>\n<p style=\"text-align: justify;\">\u00abEstamos muy contentos con la aprobaci\u00f3n de los 3 nuevos directores del CIEP que representar\u00e1n a nuestro Gobierno Regional. Don Ricardo Rozzi, la Doctora Sandra R\u00edos y Francisco Lara. La verdad es que nace con esto una oportunidad tremenda de poder replantearnos el accionar del CIEP en funci\u00f3n de la regi\u00f3n. Recordar que el Centro es uno regional y que se financia de manera importante este Gobierno Regional, por lo que esperamos que en esta nueva administraci\u00f3n podamos mejorar los v\u00ednculos entre ambas instituciones. Aumentando la generaci\u00f3n de conocimientos que nos permita tomar las correctas decisiones en la pol\u00edtica p\u00fablica. Lograr la generaci\u00f3n de conocimiento que tenga pertinencia, que sea adquirido y que impacte en nuestra regi\u00f3n\u00bb, sostuvo la m\u00e1xima autoridad regional.<\/p>\n<p style=\"text-align: justify;\"><b>Comisi\u00f3n de Ciencia y Tecnolog\u00eda<\/b><\/p>\n<p style=\"text-align: justify;\">Para el Consejero Regional Rodrigo Araya, presidente de la Comisi\u00f3n de Ciencia y Tecnolog\u00eda, existe una brecha de conocimiento de lo que produce el CIEP y el territorio que se buscar\u00e1 subsanar.<\/p>\n<p style=\"text-align: justify;\">\u00abEsta renovaci\u00f3n de nombres es totalmente l\u00f3gica y pertinente, los tres candidatos que presenta la Gobernadora Regional me parecen completamente adecuados. Hay dos Doctores en \u00e1reas espec\u00edficas que aportar\u00e1n a la visi\u00f3n cient\u00edfico, acad\u00e9mica y de investigaci\u00f3n a nivel nacional e internacional. Y el tercero es el Jefe de la DIPLADE del Gobierno Regional que ser\u00e1 un articulador de relaciones que deben existir naturalmente entre el Gobierno y el CIEP (&#8230;) Hay una brecha de conocimiento a todas las labores que hace el CIEP, por eso es importante ver todo el avance que han realizado en el \u00faltimo tiempo\u00bb, afirm\u00f3 el consejero Araya.<\/p>\n<p style=\"text-align: justify;\">Por su parte, el consejero Juan \u00c1lvarez quiso recordar la historia de la creaci\u00f3n de estas iniciativas. \u00abLos centros de investigaci\u00f3n fueron creados en el segundo mandato de la ex Presidenta Michelle Bachelet y fueron 5 o 6 que se instalaron a lo largo de todo el pa\u00eds donde la investigaci\u00f3n estaba coja, instal\u00e1ndose el CIEP como incentivo para que se instalar\u00e1n investigadores. Tambi\u00e9n hago un reconocimiento al Centro porque ha sido una instituci\u00f3n que ha aportado al crecimiento de la regi\u00f3n sin lugar a dudas. Resaltando los atributos y conceptos como que la regi\u00f3n es un campo pr\u00edstino para la investigaci\u00f3n\u00bb, sostuvo.<\/p>\n<p style=\"text-align: justify;\">Concluyendo la sesi\u00f3n, el consejero Eligio Montecinos recalc\u00f3 la importancia de aprovechar el CIEP para las urgencias de la regi\u00f3n. \u00abHay mucho que investigar y estudiar, a prop\u00f3sito de lo cual tenemos que tomar decisiones en pol\u00edticas regionales. Hoy el CIEP ha ido cambiando y avanzando y estoy seguro que compartir\u00e1 los lineamientos necesarios desde este Consejo\u00bb.<\/p>\n<\/div><\/section><\/div><div  style='height:50px' class='hr hr-invisible   avia-builder-el-6  el_after_av_one_full  el_before_av_social_share '><span class='hr-inner ' ><span class='hr-inner-style'><\/span><\/span><\/div><\/p>\n<div  class='av-social-sharing-box  avia-builder-el-7  el_after_av_hr  el_before_av_hr  '><div class='av-share-box'><h5 class='av-share-link-description av-no-toc '>Compartir esta noticia<\/h5><ul class='av-share-box-list noLightbox'><li class='av-share-link av-social-link-facebook' ><a target=\"_blank\" aria-label=\"Compartir en Facebook\" href='https:\/\/www.facebook.com\/sharer.php?u=https:\/\/radiorevelacionfm.cl\/?p=9767&#038;t=Gobernadora%20Regional%20apuesta%20por%20tres%20nuevos%20representantes%20en%20el%20Centro%20de%20Investigaci%C3%B3n%20de%20Ecosistemas%20de%20la%20Patagonia%20%28CIEP%29' aria-hidden='false' data-av_icon='\ue8f3' data-av_iconfont='entypo-fontello' title='' data-avia-related-tooltip='Compartir en Facebook' rel=\"noopener\"><span class='avia_hidden_link_text'>Compartir en Facebook<\/span><\/a><\/li><li class='av-share-link av-social-link-twitter' ><a target=\"_blank\" aria-label=\"Compartir en Twitter\" href='https:\/\/twitter.com\/share?text=Gobernadora%20Regional%20apuesta%20por%20tres%20nuevos%20representantes%20en%20el%20Centro%20de%20Investigaci%C3%B3n%20de%20Ecosistemas%20de%20la%20Patagonia%20%28CIEP%29&#038;url=https:\/\/radiorevelacionfm.cl\/?p=9767' aria-hidden='false' data-av_icon='\ue8f1' data-av_iconfont='entypo-fontello' title='' data-avia-related-tooltip='Compartir en Twitter' rel=\"noopener\"><span class='avia_hidden_link_text'>Compartir en Twitter<\/span><\/a><\/li><li class='av-share-link av-social-link-whatsapp' ><a target=\"_blank\" aria-label=\"Compartir en Whatsapp\" href='https:\/\/api.whatsapp.com\/send?text=https:\/\/radiorevelacionfm.cl\/?p=9767' aria-hidden='false' data-av_icon='\uf232' data-av_iconfont='entypo-fontello' title='' data-avia-related-tooltip='Compartir en Whatsapp' rel=\"noopener\"><span class='avia_hidden_link_text'>Compartir en Whatsapp<\/span><\/a><\/li><li class='av-share-link av-social-link-linkedin' ><a target=\"_blank\" aria-label=\"Compartir en LinkedIn\" href='https:\/\/linkedin.com\/shareArticle?mini=true&#038;title=Gobernadora%20Regional%20apuesta%20por%20tres%20nuevos%20representantes%20en%20el%20Centro%20de%20Investigaci%C3%B3n%20de%20Ecosistemas%20de%20la%20Patagonia%20%28CIEP%29&#038;url=https:\/\/radiorevelacionfm.cl\/?p=9767' aria-hidden='false' data-av_icon='\ue8fc' data-av_iconfont='entypo-fontello' title='' data-avia-related-tooltip='Compartir en LinkedIn' rel=\"noopener\"><span class='avia_hidden_link_text'>Compartir en LinkedIn<\/span><\/a><\/li><li class='av-share-link av-social-link-mail' ><a  aria-label=\"Compartir por correo\" href='mailto:?subject=Gobernadora%20Regional%20apuesta%20por%20tres%20nuevos%20representantes%20en%20el%20Centro%20de%20Investigaci%C3%B3n%20de%20Ecosistemas%20de%20la%20Patagonia%20%28CIEP%29&#038;body=https:\/\/radiorevelacionfm.cl\/?p=9767' aria-hidden='false' data-av_icon='\ue805' data-av_iconfont='entypo-fontello' title='' data-avia-related-tooltip='Compartir por correo'><span class='avia_hidden_link_text'>Compartir por correo<\/span><\/a><\/li><\/ul><\/div><\/div>\n<div  style='height:50px' class='hr hr-invisible   avia-builder-el-8  el_after_av_social_share  el_before_av_comments_list '><span class='hr-inner ' ><span class='hr-inner-style'><\/span><\/span><\/div>\n<div  class='av-buildercomment  av-blog-meta-html-info-disabled av-blog-meta-tag-disabled  '><\/div>\n","protected":false},"excerpt":{"rendered":"","protected":false},"author":1,"featured_media":9768,"comment_status":"open","ping_status":"open","sticky":false,"template":"","format":"standard","meta":{"footnotes":""},"categories":[38],"tags":[],"class_list":["post-9767","post","type-post","status-publish","format-standard","has-post-thumbnail","hentry","category-regional"],"jetpack_featured_media_url":"https:\/\/radiorevelacionfm.cl\/wp-content\/uploads\/2021\/10\/Propuesta-CIEP-2021-10-18-1-1.jpeg","_links":{"self":[{"href":"https:\/\/radiorevelacionfm.cl\/index.php?rest_route=\/wp\/v2\/posts\/9767","targetHints":{"allow":["GET"]}}],"collection":[{"href":"https:\/\/radiorevelacionfm.cl\/index.php?rest_route=\/wp\/v2\/posts"}],"about":[{"href":"https:\/\/radiorevelacionfm.cl\/index.php?rest_route=\/wp\/v2\/types\/post"}],"author":[{"embeddable":true,"href":"https:\/\/radiorevelacionfm.cl\/index.php?rest_route=\/wp\/v2\/users\/1"}],"replies":[{"embeddable":true,"href":"https:\/\/radiorevelacionfm.cl\/index.php?rest_route=%2Fwp%2Fv2%2Fcomments&post=9767"}],"version-history":[{"count":1,"href":"https:\/\/radiorevelacionfm.cl\/index.php?rest_route=\/wp\/v2\/posts\/9767\/revisions"}],"predecessor-version":[{"id":9769,"href":"https:\/\/radiorevelacionfm.cl\/index.php?rest_route=\/wp\/v2\/posts\/9767\/revisions\/9769"}],"wp:featuredmedia":[{"embeddable":true,"href":"https:\/\/radiorevelacionfm.cl\/index.php?rest_route=\/wp\/v2\/media\/9768"}],"wp:attachment":[{"href":"https:\/\/radiorevelacionfm.cl\/index.php?rest_route=%2Fwp%2Fv2%2Fmedia&parent=9767"}],"wp:term":[{"taxonomy":"category","embeddable":true,"href":"https:\/\/radiorevelacionfm.cl\/index.php?rest_route=%2Fwp%2Fv2%2Fcategories&post=9767"},{"taxonomy":"post_tag","embeddable":true,"href":"https:\/\/radiorevelacionfm.cl\/index.php?rest_route=%2Fwp%2Fv2%2Ftags&post=9767"}],"curies":[{"name":"wp","href":"https:\/\/api.w.org\/{rel}","templated":true}]}}